{"id":305766,"date":"2025-08-08T19:21:19","date_gmt":"2025-08-08T19:21:19","guid":{"rendered":"https:\/\/www.europesays.com\/fr\/305766\/"},"modified":"2025-08-08T19:21:19","modified_gmt":"2025-08-08T19:21:19","slug":"reactions-en-allemagne-a-la-situation-a-gaza-dw-08-08-2025","status":"publish","type":"post","link":"https:\/\/www.europesays.com\/fr\/305766\/","title":{"rendered":"R\u00e9actions en Allemagne \u00e0 la situation \u00e0 Gaza \u2013 DW \u2013 08\/08\/2025"},"content":{"rendered":"<p>Le cabinet de s\u00e9curit\u00e9 isra\u00e9lien a\u00a0approuv\u00e9 dans la nuit un plan, pr\u00e9sent\u00e9 par le Premier ministre, pour, dit-il, \u00ab\u00a0vaincre\u00a0\u00bb <a class=\"internal-link\" href=\"https:\/\/www.dw.com\/fr\/que-dit-accord-cessez-le-feu-entre-isra\u00ebl-hama\/a-71317999\" rel=\"nofollow noopener\" target=\"_blank\">le Hamas<\/a> et \u00ab\u00a0prendre le contr\u00f4le\u00a0\u00bb de la ville de <a class=\"internal-link\" href=\"https:\/\/www.dw.com\/fr\/proche-orient\/t-67154849\" rel=\"nofollow noopener\" target=\"_blank\">Gaza<\/a>.<\/p>\n<p>Pour le Haut-Commissaire aux droits de l&rsquo;homme Volker T\u00fcrk, ce plan \u00ab\u00a0doit \u00eatre imm\u00e9diatement stopp\u00e9\u00a0\u00bb. Le Premier ministre britannique Keir Starmer parle lui d&rsquo;une \u00ab\u00a0erreur\u00a0\u00bb.\u00a0P\u00e9kin a exprim\u00e9 sa \u00ab\u00a0grave inqui\u00e9tude\u00a0\u00bb et exhort\u00e9 <a class=\"internal-link\" href=\"https:\/\/www.dw.com\/fr\/isra\u00ebl\/t-19319407\" rel=\"nofollow noopener\" target=\"_blank\">Isra\u00ebl<\/a>\u00a0\u00e0 \u00ab\u00a0cesser imm\u00e9diatement ses actions dangereuses\u00a0\u00bb. La Turquie a \u00ab\u00a0appel\u00e9 la communaut\u00e9 internationale \u00e0 assumer ses responsabilit\u00e9s en vue d&#8217;emp\u00eacher la mise en oeuvre\u00a0\u00bb du plan.En <a class=\"internal-link\" href=\"https:\/\/www.dw.com\/fr\/allemagne-r\u00e9publique-f\u00e9d\u00e9rale-dallemagne\/t-19236971\" rel=\"nofollow noopener\" target=\"_blank\">Allemagne<\/a> non plus, ce plan et la situation \u00e0 Gaza ne laissent pas indiff\u00e9rents.<\/p>\n<p>Suspension des livraisons d&rsquo;armes venant de l&rsquo;Allemagne<\/p>\n<p>Aussit\u00f4t apr\u00e8s l&rsquo;annonce du plan isra\u00e9lien pour le contr\u00f4le de Gaza, <a class=\"internal-link\" href=\"https:\/\/www.dw.com\/fr\/friedrich-merz\/t-71293710\" rel=\"nofollow noopener\" target=\"_blank\">le chancelier allemand Friedrich Merz<\/a> a annonc\u00e9 la suspension des livraisons d&rsquo;armes qu&rsquo;Isra\u00ebl pourrait utiliser sur place pour sa mise en oeuvre.<\/p>\n<p>Ce plan pr\u00e9voit l&rsquo;\u00e9vacuation des civils palestiniens hors de la ville de Gaza, situ\u00e9e dans le nord de la bande de Gaza, pour y lancer une offensive militaire terrestre tout en fournissant de l&rsquo;aide humanitaire \u00e0 la population civile en dehors des zones de combat.<\/p>\n<p>Selon Benjamin Netanyahu, Isra\u00ebl<strong> <\/strong>qui recherche le d\u00e9sarmement du Hamas, le retour de tous les otages &#8211; morts ou vifs &#8211; et la d\u00e9militarisation de la bande de Gaza n&rsquo;entend pas pour autant administrer la zone.<\/p>\n<p><img data-format=\"MASTER_LANDSCAPE\" data-id=\"73572276\" data-url=\"https:\/\/static.dw.com\/image\/73572276_${formatId}.jpg\" data-aspect-ratio=\"16\/9\" alt=\"Benjamin Netanjahu en train de marcher\" style=\"padding-bottom: 56.25%; height: 0; max-height: 0;\"\/>Le plan de Benjamin Netanjahu pr\u00e9voit notamment l&rsquo;\u00e9vacuation des civils palestiniens hors de la ville de Gaza.Image : Christian Thiel\/IMAGO<\/p>\n<p>Dans un communiqu\u00e9, le chancelier allemand Friedrich Merz (<a class=\"internal-link\" href=\"https:\/\/www.dw.com\/fr\/cdu\/t-71748697\" rel=\"nofollow noopener\" target=\"_blank\">CDU<\/a>) a expliqu\u00e9 qu&rsquo;il devient \u00ab\u00a0de plus en plus difficile de comprendre\u00a0\u00bb en quoi le plan militaire isra\u00e9lien permettrait d&rsquo;atteindre ses objectifs dans la bande de Gaza.<\/p>\n<p>Cons\u00e9quence : Berlin a estim\u00e9 que \u00ab\u00a0dans ces circonstances, le gouvernement allemand n&rsquo;autorise pas, jusqu&rsquo;\u00e0 nouvel ordre, les exportations d&rsquo;\u00e9quipements militaires susceptibles d&rsquo;\u00eatre utilis\u00e9s dans la bande de Gaza\u00a0\u00bb.<\/p>\n<p>Jusqu&rsquo;\u00e0 pr\u00e9sent, l&rsquo;Allemagne \u00e9tait, avec les Etats-Unis, l&rsquo;un des plus fid\u00e8les alli\u00e9s d&rsquo;Isra\u00ebl en raison de sa responsabilit\u00e9 historique dans <a class=\"internal-link\" href=\"https:\/\/www.dw.com\/fr\/g\u00e9nocide\/t-19320744\" rel=\"nofollow noopener\" target=\"_blank\">le g\u00e9nocide<\/a> des Juifs sous le nazisme (l&rsquo;<a class=\"internal-link\" href=\"https:\/\/www.dw.com\/fr\/holocauste\/t-19045242\" rel=\"nofollow noopener\" target=\"_blank\">Holocauste<\/a>). La d\u00e9cision du chancelier marque donc un tournant de la part du gouvernement allemand.<\/p>\n<p>Friedrich Merz a \u00e9galement pr\u00e9cis\u00e9 que \u00ab\u00a0le gouvernement allemand reste profond\u00e9ment inquiet de la souffrance continue de la population civile dans la bande de Gaza\u00a0\u00bb et explique qu&rsquo;avec \u00ab\u00a0l&rsquo;offensive pr\u00e9vue, le gouvernement isra\u00e9lien porte une responsabilit\u00e9 encore plus grande\u00a0\u00bb en ce qui concerne l&rsquo;aide aux civils dans le territoire palestinien.<\/p>\n<p>Pour Berlin, un acc\u00e8s complet pour \u00ab\u00a0les organisations de l&rsquo;Onu et d&rsquo;autres institutions non gouvernementales\u00a0\u00bb est primordial alors que les Nations unies ne cessent d&rsquo;alerter au sujet de la famine.<\/p>\n<p>Le ministre f\u00e9d\u00e9ral des Finances et vice-chancelier Lars Klingbeil (SPD) a estim\u00e9 que la d\u00e9cision de ne plus livrer d&rsquo;armes \u00e0 Isra\u00ebl est justifi\u00e9e. Selon lui, \u00ab\u00a0les souffrances humanitaires \u00e0 Gaza sont insupportables. Le gouvernement isra\u00e9lien porte une grande responsabilit\u00e9 dans la situation humanitaire \u00e0 Gaza. C&rsquo;est pourquoi l&rsquo;aide humanitaire doit maintenant \u00eatre achemin\u00e9e le plus rapidement possible et de mani\u00e8re exhaustive vers Gaza. L&rsquo;\u00c9tat d&rsquo;Isra\u00ebl b\u00e9n\u00e9ficie de la pleine solidarit\u00e9 de l&rsquo;Allemagne, mais il faut \u00e9galement d\u00e9noncer ce qui est inacceptable\u00a0\u00bb.<\/p>\n<p>R\u00e9actions de la classe politique allemande<\/p>\n<p>Chez <a class=\"internal-link\" href=\"https:\/\/www.dw.com\/fr\/spd-coalition-cdu-csu-merz\/a-72397532\" rel=\"nofollow noopener\" target=\"_blank\">les sociaux-d\u00e9mocrates du SPD<\/a>, tout en saluant la d\u00e9cision du gouvernement de suspendre la livraison d&rsquo;armes, on r\u00e9clame de nouvelles sanctions contre Isra\u00ebl. Selon Adis Ahmetovic, porte-parole du groupe parlementaire SPD au Bundestag charg\u00e9 des affaires \u00e9trang\u00e8res, l&rsquo;offensive militaire dans la bande de Gaza \u00ab\u00a0entra\u00eenera in\u00e9vitablement de nouvelles expulsions et affamera la population palestinienne\u00a0\u00bb.<\/p>\n<p><img data-format=\"MASTER_LANDSCAPE\" data-id=\"73546866\" data-url=\"https:\/\/static.dw.com\/image\/73546866_${formatId}.jpg\" data-aspect-ratio=\"16\/9\" alt=\"Un jeune palestinien au milieu des d\u00e9bris \u00e0 Gaza\" style=\"padding-bottom: 56.25%; height: 0; max-height: 0;\"\/>Les Nations unies ne cessent d&rsquo;alerter au sujet de la situation humanitaire catastrophique dans la bande de Gaza.Image : Dawoud Abu Alkas\/REUTERS<\/p>\n<p>Il \u00e9voque \u00e9galement la possibilit\u00e9 d&rsquo;une suspension totale ou partielle de l&rsquo;accord d&rsquo;association entre l&rsquo;UE et Isra\u00ebl et demande \u00a0\u00bb l&rsquo;\u00e9vacuation m\u00e9dicale, en particulier des enfants gravement bless\u00e9s\u00a0\u00bb, que plusieurs villes allemandes se sont d\u00e9clar\u00e9es pr\u00eates \u00e0 accueillir.<\/p>\n<p>Le parti de gauche, die Linke, salue \u00e9galement l&rsquo;arr\u00eat des exportations allemandes de certains \u00e9quipements militaires vers Isra\u00ebl et l&rsquo;attribue \u00e0 la pression politique. Lea Reisner, responsable des affaires \u00e9trang\u00e8res du parti Die Linke, a par ailleurs appel\u00e9 sur X \u00e0 prendre des mesures suppl\u00e9mentaires en r\u00e9ponse au plan pour le contr\u00f4le de Gaza.<\/p>\n<p>\u00ab\u00a0\u00c0 partir d&rsquo;aujourd&rsquo;hui, Isra\u00ebl fait le sale boulot pour nous, mais sans les armes allemandes\u00a0\u00bb, c&rsquo;est ce qu&rsquo;a pour sa part d\u00e9plor\u00e9 sur X le pr\u00e9sident de la Junge Union JU et d\u00e9put\u00e9 CDU au Bundestag, Johannes Winkel. Le parti des chr\u00e9tiens-d\u00e9mocrates est en qu\u00eate de consensus sur la guerre au Proche-Orient.<\/p>\n<p>Le Conseil central des Juifs d&rsquo;Allemagne demande pour sa part au chancelier Friedrich Merz (CDU) de revenir sur la suspension partielle des exportations d&rsquo;armes vers Isra\u00ebl. Selon son pr\u00e9sident Josef Schuster, \u00ab\u00a0ce changement de cap va \u00e0 l&rsquo;encontre de toutes les d\u00e9clarations de solidarit\u00e9 et de toutes les promesses faites par le chancelier depuis son entr\u00e9e en fonction\u00a0\u00bb. Selon lui, alors qu&rsquo;Israel est r\u00e9guli\u00e8rement la cible d&rsquo;attaques de ses voisins dans la r\u00e9gion, le priver \u00ab\u00a0de la possibilit\u00e9 de se d\u00e9fendre contre de telles menaces met en danger son existence\u00a0\u00bb.<\/p>\n<p>Outre la situation \u00e0 Gaza, le gouvernement allemand s&rsquo;est aussi exprim\u00e9 au sujet de <a class=\"internal-link\" href=\"https:\/\/www.dw.com\/fr\/berlin-denonce-violence-cisjordanie-occupee\/a-73503698\" rel=\"nofollow noopener\" target=\"_blank\">la Cisjordanie<\/a> en demandant \u00e0 Isra\u00ebl de ne pas prendre de nouvelles mesures en vue de l&rsquo;annexer.<\/p>\n","protected":false},"excerpt":{"rendered":"Le cabinet de s\u00e9curit\u00e9 isra\u00e9lien a\u00a0approuv\u00e9 dans la nuit un plan, pr\u00e9sent\u00e9 par le Premier ministre, pour, dit-il,&hellip;\n","protected":false},"author":2,"featured_media":305767,"comment_status":"","ping_status":"","sticky":false,"template":"","format":"standard","meta":{"footnotes":""},"categories":[1587],"tags":[11,672,1804,1805,1803,1777,674,1801,12,1802],"class_list":{"0":"post-305766","1":"post","2":"type-post","3":"status-publish","4":"format-standard","5":"has-post-thumbnail","7":"category-allemagne","8":"tag-actualites","9":"tag-allemagne","10":"tag-bundesrepublik-deutschland","11":"tag-de","12":"tag-deutschland","13":"tag-eu","14":"tag-europe","15":"tag-germany","16":"tag-news","17":"tag-republique-federale-dallemagne"},"share_on_mastodon":{"url":"https:\/\/pubeurope.com\/@fr\/114994772931907791","error":""},"_links":{"self":[{"href":"https:\/\/www.europesays.com\/fr\/wp-json\/wp\/v2\/posts\/305766","targetHints":{"allow":["GET"]}}],"collection":[{"href":"https:\/\/www.europesays.com\/fr\/wp-json\/wp\/v2\/posts"}],"about":[{"href":"https:\/\/www.europesays.com\/fr\/wp-json\/wp\/v2\/types\/post"}],"author":[{"embeddable":true,"href":"https:\/\/www.europesays.com\/fr\/wp-json\/wp\/v2\/users\/2"}],"replies":[{"embeddable":true,"href":"https:\/\/www.europesays.com\/fr\/wp-json\/wp\/v2\/comments?post=305766"}],"version-history":[{"count":0,"href":"https:\/\/www.europesays.com\/fr\/wp-json\/wp\/v2\/posts\/305766\/revisions"}],"wp:featuredmedia":[{"embeddable":true,"href":"https:\/\/www.europesays.com\/fr\/wp-json\/wp\/v2\/media\/305767"}],"wp:attachment":[{"href":"https:\/\/www.europesays.com\/fr\/wp-json\/wp\/v2\/media?parent=305766"}],"wp:term":[{"taxonomy":"category","embeddable":true,"href":"https:\/\/www.europesays.com\/fr\/wp-json\/wp\/v2\/categories?post=305766"},{"taxonomy":"post_tag","embeddable":true,"href":"https:\/\/www.europesays.com\/fr\/wp-json\/wp\/v2\/tags?post=305766"}],"curies":[{"name":"wp","href":"https:\/\/api.w.org\/{rel}","templated":true}]}}