{"id":305770,"date":"2025-08-08T19:23:10","date_gmt":"2025-08-08T19:23:10","guid":{"rendered":"https:\/\/www.europesays.com\/fr\/305770\/"},"modified":"2025-08-08T19:23:10","modified_gmt":"2025-08-08T19:23:10","slug":"quel-pays-de-lue-a-ete-le-plus-touche-par-les-incendies-de-foret-en-2024-2","status":"publish","type":"post","link":"https:\/\/www.europesays.com\/fr\/305770\/","title":{"rendered":"Quel pays de l&rsquo;UE a \u00e9t\u00e9 le plus touch\u00e9 par les incendies de for\u00eat en 2024 ?"},"content":{"rendered":"<p>2024 a \u00e9t\u00e9 l&rsquo;ann\u00e9e la plus chaude en Europe depuis le d\u00e9but des relev\u00e9s en 1940.<\/p>\n<p>Selon l&rsquo;Agence europ\u00e9enne pour l&rsquo;environnement, des conditions plus chaudes et plus s\u00e8ches, combin\u00e9es \u00e0 des s\u00e9cheresses et \u00e0 des vagues de chaleur plus fr\u00e9quentes, cr\u00e9ent des paysages hautement inflammables, en particulier dans le sud et le centre de l&rsquo;Europe.<\/p>\n<p><strong>Le Portugal a enregistr\u00e9 la plus grande superficie br\u00fbl\u00e9e de l&rsquo;UE en 2024, avec pr\u00e8s de 450 km2 de terres d\u00e9truites.<\/strong><\/p>\n<p>Les incendies se sont d\u00e9clar\u00e9s au d\u00e9but de la saison des feux de for\u00eat sur l&rsquo;\u00eele de Mad\u00e8re, et plus tard vers la mi-septembre sur le continent.<\/p>\n<p>Apr\u00e8s le Portugal, la Bulgarie et l&rsquo;Espagne sont les pays o\u00f9 les flammes ont consum\u00e9 le plus de terres, avec respectivement 310,9 km2 et 186,5 km2 br\u00fbl\u00e9s.<\/p>\n<p>Ce n&rsquo;est pas la premi\u00e8re fois que les incendies de for\u00eat frappent le plus durement le Portugal.<\/p>\n<p>En 2017, le pays a connu une saison des incendies extr\u00eamement destructrice. Au total, 117 personnes sont mortes et 902,6 km\u00b2 ont \u00e9t\u00e9 br\u00fbl\u00e9s.<\/p>\n<p>Bien que la saison des incendies de cette ann\u00e9e ne soit pas encore termin\u00e9e, depuis le d\u00e9but de l&rsquo;ann\u00e9e jusqu&rsquo;au 15 juillet, la superficie br\u00fbl\u00e9e est d\u00e9j\u00e0 trois fois sup\u00e9rieure \u00e0 celle de la m\u00eame p\u00e9riode l&rsquo;ann\u00e9e derni\u00e8re, selon l&rsquo;Institut national portugais pour la conservation de la nature et des for\u00eats.<\/p>\n<p>Entre 2000 et 2024, les incendies de for\u00eat ont br\u00fbl\u00e9 en moyenne 3 770 km\u00b2 de terres europ\u00e9ennes chaque ann\u00e9e.<\/p>\n<p>Cela repr\u00e9sente une moyenne annuelle de 10 % des for\u00eats et de 21 % des prairies br\u00fbl\u00e9es dans l&rsquo;UE.<\/p>\n<p><b class=\"c-widget-related__title__text\">Related<\/b><\/p>\n<p>On estime que les incendies de for\u00eat co\u00fbtent \u00e0 l&rsquo;UE 2,5 milliards d&rsquo;euros chaque ann\u00e9e, en raison de la destruction ou de l&rsquo;endommagement grave de b\u00e2timents et d&rsquo;infrastructures telles que les lignes \u00e9lectriques, l&rsquo;approvisionnement en eau et les voies de transport.<\/p>\n<p>Ils peuvent \u00e9galement dissuader les touristes, frappant ainsi les \u00e9conomies locales qui d\u00e9pendent du tourisme.<\/p>\n<p>Quelles sont les causes des incendies de for\u00eat ?<\/p>\n<p>L&rsquo;Agence europ\u00e9enne pour l&rsquo;environnement estime que le comportement et les activit\u00e9s humaines, telles que la n\u00e9gligence et la pyromanie, sont directement ou indirectement responsables de 95 % des incendies de for\u00eat en Europe.<\/p>\n<p>Les incendies d&rsquo;origine humaine se d\u00e9clarent souvent pr\u00e8s de la fronti\u00e8re entre les zones b\u00e2ties et les zones semi naturelles ou sauvages, comme les routes ou les villes adjacentes aux for\u00eats.<\/p>\n<p>Toutefois, le d\u00e9clenchement par l&rsquo;homme n&rsquo;est pas directement li\u00e9 \u00e0 la propagation et \u00e0 l&rsquo;intensit\u00e9 d&rsquo;un incendie.<\/p>\n<p>Seuls 1,2 % des incendies europ\u00e9ens ont provoqu\u00e9 65 % de la surface totale br\u00fbl\u00e9e.<\/p>\n<p>La probabilit\u00e9 qu&rsquo;un feu de for\u00eat devienne incontr\u00f4lable d\u00e9pend du type de v\u00e9g\u00e9tation, du combustible au sol, de la topographie et des conditions m\u00e9t\u00e9orologiques (temp\u00e9rature \u00e9lev\u00e9e, faible humidit\u00e9 relative et vent rapide).<\/p>\n<p>Avec l&rsquo;augmentation des temp\u00e9ratures due au changement climatique, le risque d&rsquo;incendies de for\u00eat devient plus fr\u00e9quent, plus intense et plus durable en Europe.<\/p>\n<p>Une \u00e9tude r\u00e9alis\u00e9e en 2025 a conclu que les pompiers qui ont \u00e9t\u00e9 directement impliqu\u00e9s dans la saison des incendies extr\u00eames de 2017 au Portugal ont une compr\u00e9hension limit\u00e9e du comportement des incendies extr\u00eames et n&rsquo;accordent qu&rsquo;une attention minimale aux mesures de pr\u00e9vention.<\/p>\n","protected":false},"excerpt":{"rendered":"2024 a \u00e9t\u00e9 l&rsquo;ann\u00e9e la plus chaude en Europe depuis le d\u00e9but des relev\u00e9s en 1940. Selon l&rsquo;Agence&hellip;\n","protected":false},"author":2,"featured_media":305771,"comment_status":"","ping_status":"","sticky":false,"template":"","format":"standard","meta":{"footnotes":""},"categories":[1586],"tags":[11,14519,44569,1777,674,1779,1011,27,30312,23800,12,25,1778,364],"class_list":{"0":"post-305770","1":"post","2":"type-post","3":"status-publish","4":"format-standard","5":"has-post-thumbnail","7":"category-europe","8":"tag-actualites","9":"tag-ce-nest-pas-la-premiere","10":"tag-conservation-de-la-nature","11":"tag-eu","12":"tag-europe","13":"tag-european-union","14":"tag-fr","15":"tag-france","16":"tag-incendies-de-foret","17":"tag-le-pays","18":"tag-news","19":"tag-republique-francaise","20":"tag-ue","21":"tag-union-europeenne"},"share_on_mastodon":{"url":"https:\/\/pubeurope.com\/@fr\/114994780793879498","error":""},"_links":{"self":[{"href":"https:\/\/www.europesays.com\/fr\/wp-json\/wp\/v2\/posts\/305770","targetHints":{"allow":["GET"]}}],"collection":[{"href":"https:\/\/www.europesays.com\/fr\/wp-json\/wp\/v2\/posts"}],"about":[{"href":"https:\/\/www.europesays.com\/fr\/wp-json\/wp\/v2\/types\/post"}],"author":[{"embeddable":true,"href":"https:\/\/www.europesays.com\/fr\/wp-json\/wp\/v2\/users\/2"}],"replies":[{"embeddable":true,"href":"https:\/\/www.europesays.com\/fr\/wp-json\/wp\/v2\/comments?post=305770"}],"version-history":[{"count":0,"href":"https:\/\/www.europesays.com\/fr\/wp-json\/wp\/v2\/posts\/305770\/revisions"}],"wp:featuredmedia":[{"embeddable":true,"href":"https:\/\/www.europesays.com\/fr\/wp-json\/wp\/v2\/media\/305771"}],"wp:attachment":[{"href":"https:\/\/www.europesays.com\/fr\/wp-json\/wp\/v2\/media?parent=305770"}],"wp:term":[{"taxonomy":"category","embeddable":true,"href":"https:\/\/www.europesays.com\/fr\/wp-json\/wp\/v2\/categories?post=305770"},{"taxonomy":"post_tag","embeddable":true,"href":"https:\/\/www.europesays.com\/fr\/wp-json\/wp\/v2\/tags?post=305770"}],"curies":[{"name":"wp","href":"https:\/\/api.w.org\/{rel}","templated":true}]}}