{"id":305777,"date":"2025-08-08T19:29:14","date_gmt":"2025-08-08T19:29:14","guid":{"rendered":"https:\/\/www.europesays.com\/fr\/305777\/"},"modified":"2025-08-08T19:29:14","modified_gmt":"2025-08-08T19:29:14","slug":"antoine-dupont-en-desaccord-total-avec-limmense-florent-manaudou-quand-il-y-a","status":"publish","type":"post","link":"https:\/\/www.europesays.com\/fr\/305777\/","title":{"rendered":"Antoine Dupont en d\u00e9saccord total avec l\u2019immense Florent Manaudou : \u00ab\u00a0Quand il y a\u2026\u00a0\u00bb"},"content":{"rendered":"<p>Si Kylian Mbapp\u00e9 excelle au football et que L\u00e9on Marchand est la<br \/>\nstar incontest\u00e9e en natation, Antoine Dupont, lui, a r\u00e9volutionn\u00e9<br \/>\nle rugby. Ag\u00e9 de 28 ans, le sportif s\u2019est fait une place de choix<br \/>\nau sein du XV de France. C\u2019est bien simple, son visage est<br \/>\naujourd\u2019hui indissociable de cette discipline. Avec le Stade<br \/>\ntoulousain, Dupont remporte le championnat de France \u00e0 deux<br \/>\nreprises. L\u2019ann\u00e9e 2021 est d\u00e9finitivement la sienne. Et pour cause,<br \/>\nle joueur gagne la Coupe d\u2019Europe et est sacr\u00e9 meilleur joueur du<br \/>\nmonde World Rugby. Rien que \u00e7a.<\/p>\n<p>Antoine Dupont : sa discipline l\u2019a rapproch\u00e9 d\u2019un c\u00e9l\u00e8bre<br \/>\nacteur<\/p>\n<p>De toute \u00e9vidence, Antoine Dupont est tr\u00e8s appr\u00e9ci\u00e9 et<br \/>\n<strong>compte parmi ses fans un certain Jean Dujardin<\/strong>. Eh<br \/>\noui, le jeune rugbyman a r\u00e9ussi \u00e0 <strong>cr\u00e9er avec l\u2019acteur une<br \/>\nbelle relation amicale<\/strong> ces derni\u00e8res ann\u00e9es comme il le<br \/>\nr\u00e9v\u00e9lait lors d\u2019un pr\u00e9c\u00e9dent entretien accord\u00e9 au JDD : \u00ab\u00a0Comme<br \/>\nbeaucoup, je pense qu\u2019<strong>il a retrouv\u00e9 l\u2019amour et la passion<br \/>\npour le XV de France avec notre g\u00e9n\u00e9ration<\/strong> et l\u2019arriv\u00e9e de<br \/>\nFabien Galthi\u00e9 (s\u00e9lectionneur de l\u2019\u00c9quipe de France, ndlr) au<br \/>\nTournoi 2020. Il a commenc\u00e9 \u00e0 nous envoyer des messages<br \/>\nd\u2019encouragement sur les r\u00e9seaux\u00a0\u00bb.<\/p>\n<p>Et de poursuivre : \u00ab\u00a0De fil en aiguille, il est venu \u00e0<br \/>\nMarcoussis puis pour le test contre les All Blacks, et <strong>on a<br \/>\npass\u00e9 pas mal de temps ensemble apr\u00e8s le match<\/strong>. On lui a<br \/>\nfait r\u00e9p\u00e9ter les r\u00e9pliques d\u2019OSS 117 toute la soir\u00e9e, \u00e7a avait<br \/>\nl\u2019air de le faire rire aussi. Parfois, on est d\u00e9\u00e7u quand on<br \/>\nrencontre ses idoles. L\u00e0, non. <strong>L\u2019homme est \u00e0 la hauteur de<br \/>\nl\u2019acteur<\/strong>. <strong>Il m\u2019\u00e9crit des petits messages pour les<br \/>\nmatches de l\u2019\u00e9quipe de France<\/strong> ou quand des trucs<br \/>\nd\u2019actualit\u00e9 le font marrer\u00a0\u00bb.<\/p>\n<p>Antoine Dupont affirme que la France est \u00ab\u00a0un pays de<br \/>\nsport\u00a0\u00bb<\/p>\n<p>Avant d\u2019\u00eatre en \u00e2ge de fouler les terrains de rugby,<br \/>\n<strong>Antoine Dupont a suivi avec attention son sport f\u00e9tiche \u00e0<br \/>\nla t\u00e9l\u00e9vision<\/strong>. En 2023 au micro de France Inter, <a href=\"https:\/\/www.melty.fr\/people\/iris-mittenaere-et-antoine-dupont-complices-en-vacances-dans-ce-celebre-club-les-proprietaires-balancent-ils-sont-2252283.html\" rel=\"nofollow noopener\" target=\"_blank\"><br \/>\nle compagnon d\u2019Iris Mittenaere<\/a> \u00e9voquait avec nostalgie<br \/>\n<strong>le souvenir de la derni\u00e8re Coupe du Monde en<br \/>\nFrance<\/strong> alors qu\u2019<strong>il n\u2019avait que 10 ans<\/strong> :<br \/>\n\u00ab\u00a0Je me souviens du quart de finale fantastique face \u00e0 la<br \/>\nNouvelle-Z\u00e9lande, un souvenir tr\u00e8s fort de notre sport. C\u00a0\u00bbest l\u00e0<br \/>\nque les Michalak, les Chabal sont sortis et ont commenc\u00e9 \u00e0 \u00eatre de<br \/>\nplus en plus m\u00e9diatis\u00e9s. <strong>J&rsquo;\u00e9tais comme un fou devant ma<br \/>\nt\u00e9l\u00e9 !\u00a0\u00bb<\/strong>.<\/p>\n<p>Antoine Dupont persiste et signe : <strong>la France est selon<br \/>\nlui un pays de sport<\/strong>. <strong>\u00ab\u00a0Quand il y a un<br \/>\n\u00e9v\u00e9nement sportif en France, on est un pays de sport<\/strong>, qui<br \/>\nse rassemble pour les grandes comp\u00e9titions\u00a0\u00bb, poursuivait-il<br \/>\navant d\u2019admettre : \u00ab\u00a0Moi le premier ! Quel que soit le sport,<br \/>\nquand \u00e7a commence \u00e0 arriver vers les phases finales, <strong>les<br \/>\nmatches qui comptent, on peut suivre n&rsquo;importe quelle<br \/>\ndiscipline<\/strong> devant la t\u00e9l\u00e9, comme devant les JO ou des<br \/>\ncomp\u00e9titions qu&rsquo;on ne suit pas forc\u00e9ment d&rsquo;habitude\u00a0\u00bb.<\/p>\n<p>Florent Manaudou contredit le<br \/>\nrugbyman<\/p>\n<p><strong>La vision d\u2019Antoine Dupont contraste alors avec celle de<br \/>\nFlorent Manaudou<\/strong>. Juste apr\u00e8s son sacre aux JO de Paris<br \/>\nl\u2019\u00e9t\u00e9 dernier, le m\u00e9daill\u00e9 olympique a r\u00e9it\u00e9r\u00e9 ses propos selon<br \/>\nlesquels la France n\u2019est pas un pays de sport. \u00ab\u00a0On a r\u00e9ussi \u00e0<br \/>\nmettre en place des choses. Je disais il y a quelques mois qu&rsquo;on<br \/>\nn&rsquo;\u00e9tait pas une nation de sport, mais ce n&rsquo;\u00e9tait pas par rapport<br \/>\naux athl\u00e8tes&#8230;\u00a0\u00bb, d\u00e9voilait ainsi <a href=\"https:\/\/www.melty.fr\/people\/elsa-bois-en-couple-avec-florent-manaudou-elle-se-lache-je-suis-tres-heureuse-dans-ma-vie-personnelle-2253494.html\" rel=\"nofollow noopener\" target=\"_blank\"><br \/>\nle ch\u00e9ri d\u2019Elsa Bois<\/a> sur les ondes de RTL.<\/p>\n<p>Et de poursuivre cash : <strong>\u00ab\u00a0Je pense qu&rsquo;on n&rsquo;est<br \/>\ntoujours pas un pays de sport<\/strong>. On a des tr\u00e8s bons<br \/>\nsportifs, on a le french flair. Mais dans notre histoire, je ne<br \/>\npense pas qu&rsquo;on soit un pays de sport et <strong>ce n&rsquo;est pas<br \/>\ngrave<\/strong>. <strong>\u00c7a ne nous emp\u00eache pas de faire des Jeux<br \/>\nextraordinaires<\/strong> et que les Fran\u00e7ais nous<br \/>\nsoutiennent\u00a0\u00bb. Un avis bien tranch\u00e9, donc.<\/p>\n","protected":false},"excerpt":{"rendered":"Si Kylian Mbapp\u00e9 excelle au football et que L\u00e9on Marchand est la star incontest\u00e9e en natation, Antoine Dupont,&hellip;\n","protected":false},"author":2,"featured_media":305778,"comment_status":"","ping_status":"","sticky":false,"template":"","format":"standard","meta":{"footnotes":""},"categories":[1416],"tags":[905,514,925,1011,27,479,1468,60],"class_list":{"0":"post-305777","1":"post","2":"type-post","3":"status-publish","4":"format-standard","5":"has-post-thumbnail","7":"category-rugby","8":"tag-a-la-une-melty","9":"tag-antoine-dupont","10":"tag-florent-manaudou","11":"tag-fr","12":"tag-france","13":"tag-rugby","14":"tag-rugby-football","15":"tag-sports"},"share_on_mastodon":{"url":"https:\/\/pubeurope.com\/@fr\/114994804437411393","error":""},"_links":{"self":[{"href":"https:\/\/www.europesays.com\/fr\/wp-json\/wp\/v2\/posts\/305777","targetHints":{"allow":["GET"]}}],"collection":[{"href":"https:\/\/www.europesays.com\/fr\/wp-json\/wp\/v2\/posts"}],"about":[{"href":"https:\/\/www.europesays.com\/fr\/wp-json\/wp\/v2\/types\/post"}],"author":[{"embeddable":true,"href":"https:\/\/www.europesays.com\/fr\/wp-json\/wp\/v2\/users\/2"}],"replies":[{"embeddable":true,"href":"https:\/\/www.europesays.com\/fr\/wp-json\/wp\/v2\/comments?post=305777"}],"version-history":[{"count":0,"href":"https:\/\/www.europesays.com\/fr\/wp-json\/wp\/v2\/posts\/305777\/revisions"}],"wp:featuredmedia":[{"embeddable":true,"href":"https:\/\/www.europesays.com\/fr\/wp-json\/wp\/v2\/media\/305778"}],"wp:attachment":[{"href":"https:\/\/www.europesays.com\/fr\/wp-json\/wp\/v2\/media?parent=305777"}],"wp:term":[{"taxonomy":"category","embeddable":true,"href":"https:\/\/www.europesays.com\/fr\/wp-json\/wp\/v2\/categories?post=305777"},{"taxonomy":"post_tag","embeddable":true,"href":"https:\/\/www.europesays.com\/fr\/wp-json\/wp\/v2\/tags?post=305777"}],"curies":[{"name":"wp","href":"https:\/\/api.w.org\/{rel}","templated":true}]}}