{"id":305783,"date":"2025-08-08T19:33:14","date_gmt":"2025-08-08T19:33:14","guid":{"rendered":"https:\/\/www.europesays.com\/fr\/305783\/"},"modified":"2025-08-08T19:33:14","modified_gmt":"2025-08-08T19:33:14","slug":"pogba-ne-boude-pas-son-plaisir-meme-sil-lui-reste-encore-des-etapes-avant-de-jouer","status":"publish","type":"post","link":"https:\/\/www.europesays.com\/fr\/305783\/","title":{"rendered":"Pogba ne boude pas son plaisir&#8230; m\u00eame s\u2019il lui reste encore des \u00ab\u00e9tapes\u00bb avant de jouer"},"content":{"rendered":"<p>Le champion du monde 2018 de 32 ans a fait le point sur son \u00e9tat de forme ce vendredi, avant le match amical contre l\u2019Inter, quelques semaines apr\u00e8s sa signature \u00e0 Monaco.<\/p>\n<p class=\"fig-paragraph\">Paul Pogba va bien, merci pour lui. Loin d\u2019\u00eatre en mesure de jouer avec\u00a0<a href=\"http:\/\/www.lefigaro.fr\/sports\/football\/ligue-1\/paul-pogba-le-plus-grand-defi-de-sa-vie-20250628\" data-fig-type=\"NewsFlash\" data-gtm-custom-categorie=\"navigation\" data-gtm-custom-action=\"crossclick\" data-gtm-custom-label=\"Contextuel\" data-gtm-event=\"customEventSPE\" data-fig-domain=\"LEFIGARO\" target=\"_blank\" rel=\"noopener\">son nouveau club, l\u2019AS Monaco<\/a>, le champion du monde tricolore de 32 ans s\u2019est exprim\u00e9 ce vendredi, \u00e0 Louis II, avant\u00a0<a href=\"https:\/\/www.lefigaro.fr\/sports\/football\/ligue-1\/en-direct-monaco-inter-milan-dernier-galop-d-essai-avant-la-ligue-1-pour-l-asm-20250808\" data-fig-type=\"Live\" data-gtm-custom-categorie=\"navigation\" data-gtm-custom-action=\"crossclick\" data-gtm-custom-label=\"Contextuel\" data-gtm-event=\"customEventSPE\" data-fig-domain=\"LEFIGARO\" target=\"_blank\" rel=\"noopener\">le match amical entre l\u2019ASM et l\u2019Inter Milan<\/a>. \u00c0 quand le retour sur le pr\u00e9\u00a0? \u00abIl y a des \u00e9tapes. Je dois bien me pr\u00e9parer. Je n\u2019ai pas envie de venir sur le terrain et ne pas \u00eatre moi, ne pas \u00eatre Paul Pogba. Tout le monde veut voir un grand Paul Pogba, c\u2019est ce que je suis en train de pr\u00e9parer\u00bb, a-t-il indiqu\u00e9 sur beIN SPORTS, lui qui a v\u00e9cu des ann\u00e9es de gal\u00e8re du c\u00f4t\u00e9 de la Juventus Turin, qui l\u2019a lib\u00e9r\u00e9 l\u2019hiver dernier, entre blessures, suspension pour dopage et soucis extra-sportifs.<\/p>\n<p class=\"fig-paragraph\">C\u2019est finalement l\u2019AS Monaco qui a d\u00e9cid\u00e9 d\u2019offrir sa chance \u00e0 la Pioche cet \u00e9t\u00e9.\u00a0<a href=\"http:\/\/www.lefigaro.fr\/sports\/football\/transferts\/giroud-pogba-bientot-thauvin-les-champions-du-monde-2018-de-ligue-1-en-images-20250805\" data-fig-type=\"NewsFlash\" data-gtm-custom-categorie=\"navigation\" data-gtm-custom-action=\"crossclick\" data-gtm-custom-label=\"Contextuel\" data-gtm-event=\"customEventSPE\" data-fig-domain=\"LEFIGARO\" target=\"_blank\" rel=\"noopener\">Un champion du monde de plus en Ligue 1<\/a>.\u00abC\u2019\u00e9tait beaucoup d\u2019\u00e9motion, \u00e9norm\u00e9ment d\u2019attente, ce travail, le fait d\u2019\u00eatre tout seul et maintenant le fait de retrouver le terrain, ce que j\u2019aime le plus au monde, a-t-il expliqu\u00e9, revenant ainsi sur les larmes lors de la signature de son contrat. Heureux\u00a0? Oui, on reprend le football, je suis comme un gamin, comme un gosse. Je suis en train de me pr\u00e9parer pour rejoindre mes co\u00e9quipiers sur le terrain. C\u2019est le but. La forme\u00a0? Tr\u00e8s bien, tr\u00e8s bon staff, on s\u2019occupe bien de moi. C\u2019est une question de temps pour \u00eatre en pleine forme et tout donner sur le terrain\u00bb.<\/p>\n<blockquote class=\"fig-quote&#10;    \">\n<p class=\"fig-quote__text\">Tout le monde veut voir un grand Paul Pogba, c\u2019est ce que je suis en train de pr\u00e9parer.<\/p>\n<p>            Paul Pogba\n    <\/p><\/blockquote>\n<p>                                    <a class=\"fig-a11y-skip a11y-hidden\" href=\"#fig-a11y-skip-main-inarticle\"><br \/>\n        Passer la publicit\u00e9<br \/>\n    <\/a><\/p>\n<p class=\"fig-paragraph\">Nouveau venu, pas encore op\u00e9rationnel, mais d\u00e9j\u00e0 leader. \u00abIl n\u2019y a m\u00eame pas 24 heures, c\u2019\u00e9tait moi le plus vieux du vestiaire (<a href=\"http:\/\/www.lefigaro.fr\/sports\/football\/transferts\/mercato-monaco-tient-son-nouveau-gardien-lukas-hradecky-20250808\" data-fig-type=\"NewsFlash\" data-gtm-custom-categorie=\"navigation\" data-gtm-custom-action=\"crossclick\" data-gtm-custom-label=\"Contextuel\" data-gtm-event=\"customEventSPE\" data-fig-domain=\"LEFIGARO\" target=\"_blank\" rel=\"noopener\">la nouvelle recrue Lukas Hradeck\u00fd, 35 ans, l\u2019a depuis d\u00e9pass\u00e9<\/a> , NDLR). C\u2019est mon r\u00f4le aussi, montrer l\u2019exemple, donner des conseils aux jeunes talents, cette belle \u00e9quipe. Ils m\u2019ont laiss\u00e9 cette ouverture. C\u2019est avec grand plaisir que je leur donne mon exp\u00e9rience. \u00c7a fait du bien d\u2019avoir des co\u00e9quipiers autour de moi, c\u2019est top\u00bb, a savour\u00e9 l\u2019ancien joueur de Manchester United, qui d\u00e9couvrira le championnat de France avec l\u2019ASM, lui qui avait quitt\u00e9 l\u2019Hexagone tr\u00e8s t\u00f4t apr\u00e8s avoir fait ses classes au club seine-et-marnais de Torcy puis au Havre.<\/p>\n<p class=\"fig-paragraph\">Et Pogba de poursuivre\u00a0: \u00abJe ne regrette en aucun cas mon choix d\u2019\u00eatre venu ici. Je remercie le bon Dieu tous les jours d\u2019\u00eatre dans un bon groupe, un tr\u00e8s grand club, avec des gens d\u00e9termin\u00e9s \u00e0 faire mon grand retour. Je suis vraiment heureux.\u00bb International \u00e0 91 reprises (11 buts), Paul Pogba s\u2019est engag\u00e9 pour deux saisons en faveur de l\u2019AS Monaco. Il est question d\u2019un retour au jeu vers le mois d\u2019octobre pour celui qui r\u00eave de revenir en Bleu \u00e0 temps pour le Mondial 2026, aux \u00c9tats-Unis, au Mexique et au Canada.<\/p>\n","protected":false},"excerpt":{"rendered":"Le champion du monde 2018 de 32 ans a fait le point sur son \u00e9tat de forme ce&hellip;\n","protected":false},"author":2,"featured_media":305784,"comment_status":"","ping_status":"","sticky":false,"template":"","format":"standard","meta":{"footnotes":""},"categories":[1412],"tags":[2266,1451,1452,1453,1454,1455,1011,27,32134,60],"class_list":{"0":"post-305783","1":"post","2":"type-post","3":"status-publish","4":"format-standard","5":"has-post-thumbnail","7":"category-f1","8":"tag-as-monaco","9":"tag-f1","10":"tag-formula-1","11":"tag-formula1","12":"tag-formule-1","13":"tag-formule1","14":"tag-fr","15":"tag-france","16":"tag-paul-pogba","17":"tag-sports"},"share_on_mastodon":{"url":"https:\/\/pubeurope.com\/@fr\/114994820102192809","error":""},"_links":{"self":[{"href":"https:\/\/www.europesays.com\/fr\/wp-json\/wp\/v2\/posts\/305783","targetHints":{"allow":["GET"]}}],"collection":[{"href":"https:\/\/www.europesays.com\/fr\/wp-json\/wp\/v2\/posts"}],"about":[{"href":"https:\/\/www.europesays.com\/fr\/wp-json\/wp\/v2\/types\/post"}],"author":[{"embeddable":true,"href":"https:\/\/www.europesays.com\/fr\/wp-json\/wp\/v2\/users\/2"}],"replies":[{"embeddable":true,"href":"https:\/\/www.europesays.com\/fr\/wp-json\/wp\/v2\/comments?post=305783"}],"version-history":[{"count":0,"href":"https:\/\/www.europesays.com\/fr\/wp-json\/wp\/v2\/posts\/305783\/revisions"}],"wp:featuredmedia":[{"embeddable":true,"href":"https:\/\/www.europesays.com\/fr\/wp-json\/wp\/v2\/media\/305784"}],"wp:attachment":[{"href":"https:\/\/www.europesays.com\/fr\/wp-json\/wp\/v2\/media?parent=305783"}],"wp:term":[{"taxonomy":"category","embeddable":true,"href":"https:\/\/www.europesays.com\/fr\/wp-json\/wp\/v2\/categories?post=305783"},{"taxonomy":"post_tag","embeddable":true,"href":"https:\/\/www.europesays.com\/fr\/wp-json\/wp\/v2\/tags?post=305783"}],"curies":[{"name":"wp","href":"https:\/\/api.w.org\/{rel}","templated":true}]}}