{"id":305793,"date":"2025-08-08T19:39:09","date_gmt":"2025-08-08T19:39:09","guid":{"rendered":"https:\/\/www.europesays.com\/fr\/305793\/"},"modified":"2025-08-08T19:39:09","modified_gmt":"2025-08-08T19:39:09","slug":"tout-beau-tout-n9uf-valerie-geraldine-raymond-apres-gilles-verdez-cyril-hanouna-confirme-la-presence-des-chroniqueurs-emblematiques","status":"publish","type":"post","link":"https:\/\/www.europesays.com\/fr\/305793\/","title":{"rendered":"\u00ab\u00a0Tout beau, tout n9uf\u00a0\u00bb : \u00ab\u00a0Val\u00e9rie, G\u00e9raldine, Raymond\u00a0\u00bb, apr\u00e8s Gilles Verdez, Cyril Hanouna confirme la pr\u00e9sence des chroniqueurs embl\u00e9matiques"},"content":{"rendered":"<p>Les fans de <strong>\u00ab\u00a0TPMP\u00a0\u00bb<\/strong> ne seront pas d\u00e9pays\u00e9s. <a href=\"https:\/\/www.public.fr\/tag\/cyril-hanouna\" target=\"_blank\" rel=\"noopener\">Cyril Hanouna<\/a> l\u2019avait promis, et il se tient \u00e0 sa promesse. En effet, m\u00eame si de nouvelles t\u00eates devraient prendre place autour de la table de sa nouvelle quotidienne sur W9, <strong><a href=\"https:\/\/www.public.fr\/tag\/tout-beau-tout-9\" target=\"_blank\" rel=\"noopener\">\u00ab\u00a0Tout beau, tout n9uf\u00a0\u00bb<\/a><\/strong>, les chroniqueurs embl\u00e9matiques vont reprendre leur si\u00e8ge.\u00a0<\/p>\n<p>\u00ab\u00a0Baba\u00a0\u00bb l\u2019a lui-m\u00eame confirm\u00e9 ce vendredi 8 ao\u00fbt 2025 sur son compte X. Pour cl\u00f4turer la semaine en beaut\u00e9, apr\u00e8s avoir d\u00e9voil\u00e9 une information chaque jour au sujet de son nouveau projet sur la cha\u00eene du groupe M6, l\u2019animateur a <strong>d\u00e9voil\u00e9 une partie des chroniqueurs<\/strong> qui l\u2019accompagneront au quotidien.<\/p>\n<p>Cyril Hanouna r\u00e9v\u00e8le une partie des chroniqueurs de \u00ab\u00a0Tout beau, tout n9uf\u00a0\u00bb<\/p>\n<p>Ces derni\u00e8res ann\u00e9es, certains chroniqueurs ont tir\u00e9 leur \u00e9pingle du jeu et ont obtenu l\u2019\u00e9tiquette de \u00ab\u00a0membre embl\u00e9matique\u00a0\u00bb de <strong>\u00ab\u00a0TPMP\u00a0\u00bb<\/strong> ou <strong>\u00ab\u00a0On marche sur la t\u00eate\u00a0\u00bb<\/strong> sur Europe 1. Kelly Vedovelli, Raymond Aabou, Gilles Verdez, Jean-Michel Maire, Val\u00e9rie Bena\u00efm, <a href=\"https:\/\/www.public.fr\/tag\/geraldine-maillet\" target=\"_blank\" rel=\"noopener\">G\u00e9raldine Maillet<\/a>, ou encore Isabelle Morini-Bosc font partie des \u00ab\u00a0meubles\u00a0\u00bb en ce qui concerne les \u00e9missions de Cyril Hanouna. Et visiblement, une grande partie d\u2019entre eux vont le suivre sur <strong>\u00ab\u00a0Tout beau, tout n9uf\u00a0\u00bb<\/strong>.<\/p>\n<p>Nous savons d\u00e9j\u00e0 que Jean-Michel Maire n\u2019en fera pas partie. Le journaliste a en effet d\u00e9cid\u00e9, comme il l\u2019avait annonc\u00e9 lors des derni\u00e8res quotidiennes de <strong>\u00ab\u00a0TPMP\u00a0\u00bb<\/strong>, de s\u2019installer en Tha\u00eflande pour profiter de sa retraite.<\/p>\n<p>N\u00e9anmoins, Raymond, G\u00e9raldine Maillet, et <a href=\"https:\/\/vsd.fr\/tag\/valerie-benaim\/\" target=\"_blank\" rel=\"noopener\">Val\u00e9rie Bena\u00efm<\/a>, accompagneront bel et bien Cyril Hanouna dans sa nouvelle quotidienne diffus\u00e9e sur W9. <strong>\u00ab\u00a0Les ch\u00e9ris, sur la 1ere de W9, il y aura sur et certain autour de moi d\u00e8s 18h45 : Raymond, Geraldine, Olivier Dartigolles, Val\u00e9rie Bena\u00efm !\u00a0\u00bb<\/strong>, annonce-t-il dans un tweet.<\/p>\n<blockquote class=\"twitter-tweet\">\n<p>Les ch\u00e9ris, sur la 1ere de <a href=\"https:\/\/twitter.com\/W9?ref_src=twsrc%5Etfw\" target=\"_blank\" rel=\"noopener\">@W9<\/a>, il y aura sur et certain autour de moi d\u00e8s 18h45 : Raymond, Geraldine, Olivier Dartigolles, Val\u00e9rie Bena\u00efm! Plus 5 autres personnes ! Fabien Lecoeuvre et Michel Mary seront de retour aussi! Pour le reste de la nouveaut\u00e9 et des grands retours\ud83d\ude18<\/p>\n<p>\u2014 Cyril Hanouna (@Cyrilhanouna) <a href=\"https:\/\/twitter.com\/Cyrilhanouna\/status\/1953867281852674242?ref_src=twsrc%5Etfw\" target=\"_blank\" rel=\"noopener\">August 8, 2025<\/a><\/p><\/blockquote>\n<p>Gilles Verdez, Michel Mary, Fabien Lec\u0153uvre, \u00e9galement de la partie<\/p>\n<p>Bien \u00e9videmment, ces derniers ne se retrouveront pas seuls autour de la table de <strong>\u00ab\u00a0Tout beau, tout n9uf\u00a0\u00bb<\/strong> : \u00ab\u00a0Plus 5 autres personnes !\u00a0\u00bb, pr\u00e9cise en effet Cyril Hanouna. <\/p>\n<p>Toujours au cours de son annonce, \u00ab\u00a0Baba\u00a0\u00bb a confirm\u00e9 la pr\u00e9sence de deux autres chroniqueurs devenus embl\u00e9matiques ces derni\u00e8res ann\u00e9es : \u00ab\u00a0<strong>Fabien Lecoeuvre et Michel Mary seront de retour aussi<\/strong> ! Pour le reste de la nouveaut\u00e9 et des grands retours\u00a0\u00bb.<\/p>\n<p>Avec cette annonce, les fans de <strong>\u00ab\u00a0TPMP\u00a0\u00bb<\/strong> peuvent se rassurer en apprenant qu\u2019ils retrouveront les figures embl\u00e9matiques de la quotidienne qu\u2019ils appr\u00e9ciaient tant. Pour rappel, nos confr\u00e8res de Voici ont \u00e9galement confirm\u00e9, il y a quelques jours, <a href=\"https:\/\/www.public.fr\/gilles-verdez-la-verite-sur-sa-nouvelle-vie\" target=\"_blank\" rel=\"noopener\">la pr\u00e9sence de Gilles Verdez<\/a>. Une r\u00e9v\u00e9lation confirm\u00e9e par Cyril Hanouna dans la foul\u00e9e.<\/p>\n<p>      Mentionn\u00e9s dans cet article<\/p>\n<p>      Sur le m\u00eame sujet<\/p>\n<p>  <script async src=\"https:\/\/platform.twitter.com\/widgets.js\" charset=\"utf-8\"><\/script><\/p>\n","protected":false},"excerpt":{"rendered":"Les fans de \u00ab\u00a0TPMP\u00a0\u00bb ne seront pas d\u00e9pays\u00e9s. Cyril Hanouna l\u2019avait promis, et il se tient \u00e0 sa&hellip;\n","protected":false},"author":2,"featured_media":305794,"comment_status":"","ping_status":"","sticky":false,"template":"","format":"standard","meta":{"footnotes":""},"categories":[1356],"tags":[1083,58,59,1011,27,1474,252,549,22498,22497,1364,551,2395],"class_list":{"0":"post-305793","1":"post","2":"type-post","3":"status-publish","4":"format-standard","5":"has-post-thumbnail","7":"category-television","8":"tag-cyril-hanouna","9":"tag-divertissement","10":"tag-entertainment","11":"tag-fr","12":"tag-france","13":"tag-geraldine-maillet","14":"tag-television","15":"tag-touche-pas-a-mon-poste","16":"tag-tout-9-tbt9","17":"tag-tout-beau","18":"tag-tv","19":"tag-valerie-benaim","20":"tag-w9"},"share_on_mastodon":{"url":"https:\/\/pubeurope.com\/@fr\/114994843765551737","error":""},"_links":{"self":[{"href":"https:\/\/www.europesays.com\/fr\/wp-json\/wp\/v2\/posts\/305793","targetHints":{"allow":["GET"]}}],"collection":[{"href":"https:\/\/www.europesays.com\/fr\/wp-json\/wp\/v2\/posts"}],"about":[{"href":"https:\/\/www.europesays.com\/fr\/wp-json\/wp\/v2\/types\/post"}],"author":[{"embeddable":true,"href":"https:\/\/www.europesays.com\/fr\/wp-json\/wp\/v2\/users\/2"}],"replies":[{"embeddable":true,"href":"https:\/\/www.europesays.com\/fr\/wp-json\/wp\/v2\/comments?post=305793"}],"version-history":[{"count":0,"href":"https:\/\/www.europesays.com\/fr\/wp-json\/wp\/v2\/posts\/305793\/revisions"}],"wp:featuredmedia":[{"embeddable":true,"href":"https:\/\/www.europesays.com\/fr\/wp-json\/wp\/v2\/media\/305794"}],"wp:attachment":[{"href":"https:\/\/www.europesays.com\/fr\/wp-json\/wp\/v2\/media?parent=305793"}],"wp:term":[{"taxonomy":"category","embeddable":true,"href":"https:\/\/www.europesays.com\/fr\/wp-json\/wp\/v2\/categories?post=305793"},{"taxonomy":"post_tag","embeddable":true,"href":"https:\/\/www.europesays.com\/fr\/wp-json\/wp\/v2\/tags?post=305793"}],"curies":[{"name":"wp","href":"https:\/\/api.w.org\/{rel}","templated":true}]}}