{"id":305795,"date":"2025-08-08T19:40:11","date_gmt":"2025-08-08T19:40:11","guid":{"rendered":"https:\/\/www.europesays.com\/fr\/305795\/"},"modified":"2025-08-08T19:40:11","modified_gmt":"2025-08-08T19:40:11","slug":"vitaa-dement-les-rumeurs-de-richesse-jai-toujours-eu-peur-de-manquer","status":"publish","type":"post","link":"https:\/\/www.europesays.com\/fr\/305795\/","title":{"rendered":"Vitaa d\u00e9ment les rumeurs de richesse : \u00ab J&rsquo;ai toujours eu peur de manquer \u00bb"},"content":{"rendered":"<p>Invit\u00e9e par Guillaume Pley dans son \u00e9mission \u00abLegend\u00bb, mise en ligne le 8 ao\u00fbt 2025 sur YouTube, <a href=\"https:\/\/www.20min.ch\/fr\/story\/vitaa-j-ai-un-rythme-que-je-commence-a-payer-je-le-ressens-103382068\" rel=\"nofollow noopener\" target=\"_blank\">Vitaa<\/a> a fait une mise au point sur la rumeur la disant richissime, car elle serait \u00abla chanteuse la mieux pay\u00e9e en 2025\u00bb.<\/p>\n<p>\u00abQuand tu tapes Vitaa, il y a des articles qui sortent et qui disent que tu as gagn\u00e9 96 millions d&rsquo;euros cette ann\u00e9e\u00bb, lui a fait savoir l&rsquo;animateur. Et la Fran\u00e7aise de 42 ans de lui r\u00e9pondre en souriant: \u00abBien s\u00fbr, je suis arriv\u00e9e en jet, l\u00e0!\u00bb Et de continuer: \u00abJe r\u00eaverais d&rsquo;avoir gagn\u00e9 \u00e7a dans ma vie! Je gagne tr\u00e8s bien ma vie, bien s\u00fbr, mais c&rsquo;est tr\u00e8s tr\u00e8s loin de \u00e7a!\u00bb<\/p>\n<p>Issue d&rsquo;une famille \u00abtr\u00e8s modeste\u00bb, l&rsquo;artiste a vu sa vie changer depuis qu&rsquo;elle a vendu 3 millions de disques. Mais pas question pour elle de flamber son argent.\u00a0\u00abJe suis quelqu&rsquo;un de tr\u00e8s \u00e9conome. J&rsquo;ai fait attention. J&rsquo;ai toujours eu peur de manquer\u00bb, a confi\u00e9 celle qui a \u00e9t\u00e9 vendeuse dans une boutique pendant longtemps, avant de signer dans une maison de disques. \u00abJ&rsquo;ai commenc\u00e9 \u00e0 bien gagner ma vie apr\u00e8s la sortie de l&rsquo;album \u00ab\u00c0 fleur de toi\u00bb, qui s&rsquo;est vendu \u00e0 400&rsquo;000 exemplaires, et j&rsquo;ai achet\u00e9 tout de suite un appartement par peur de me retrouver \u00e0 la rue\u00bb, s&rsquo;est-elle souvenue.<\/p>\n","protected":false},"excerpt":{"rendered":"Invit\u00e9e par Guillaume Pley dans son \u00e9mission \u00abLegend\u00bb, mise en ligne le 8 ao\u00fbt 2025 sur YouTube, Vitaa&hellip;\n","protected":false},"author":2,"featured_media":305796,"comment_status":"","ping_status":"","sticky":false,"template":"","format":"standard","meta":{"footnotes":""},"categories":[1355],"tags":[58,59,1011,27,1361,873],"class_list":{"0":"post-305795","1":"post","2":"type-post","3":"status-publish","4":"format-standard","5":"has-post-thumbnail","7":"category-musique","8":"tag-divertissement","9":"tag-entertainment","10":"tag-fr","11":"tag-france","12":"tag-music","13":"tag-musique"},"share_on_mastodon":{"url":"https:\/\/pubeurope.com\/@fr\/114994847636927623","error":""},"_links":{"self":[{"href":"https:\/\/www.europesays.com\/fr\/wp-json\/wp\/v2\/posts\/305795","targetHints":{"allow":["GET"]}}],"collection":[{"href":"https:\/\/www.europesays.com\/fr\/wp-json\/wp\/v2\/posts"}],"about":[{"href":"https:\/\/www.europesays.com\/fr\/wp-json\/wp\/v2\/types\/post"}],"author":[{"embeddable":true,"href":"https:\/\/www.europesays.com\/fr\/wp-json\/wp\/v2\/users\/2"}],"replies":[{"embeddable":true,"href":"https:\/\/www.europesays.com\/fr\/wp-json\/wp\/v2\/comments?post=305795"}],"version-history":[{"count":0,"href":"https:\/\/www.europesays.com\/fr\/wp-json\/wp\/v2\/posts\/305795\/revisions"}],"wp:featuredmedia":[{"embeddable":true,"href":"https:\/\/www.europesays.com\/fr\/wp-json\/wp\/v2\/media\/305796"}],"wp:attachment":[{"href":"https:\/\/www.europesays.com\/fr\/wp-json\/wp\/v2\/media?parent=305795"}],"wp:term":[{"taxonomy":"category","embeddable":true,"href":"https:\/\/www.europesays.com\/fr\/wp-json\/wp\/v2\/categories?post=305795"},{"taxonomy":"post_tag","embeddable":true,"href":"https:\/\/www.europesays.com\/fr\/wp-json\/wp\/v2\/tags?post=305795"}],"curies":[{"name":"wp","href":"https:\/\/api.w.org\/{rel}","templated":true}]}}