{"id":305801,"date":"2025-08-08T19:43:11","date_gmt":"2025-08-08T19:43:11","guid":{"rendered":"https:\/\/www.europesays.com\/fr\/305801\/"},"modified":"2025-08-08T19:43:11","modified_gmt":"2025-08-08T19:43:11","slug":"wta-cincinnati-caroline-garcia-se-libere-avant-de-dire-adieu","status":"publish","type":"post","link":"https:\/\/www.europesays.com\/fr\/305801\/","title":{"rendered":"WTA &#8211; Cincinnati > Caroline Garcia se lib\u00e8re avant de dire\u00a0adieu"},"content":{"rendered":"<p>Caroline Garcia, qui avait re\u00e7u une invi\u00adta\u00adtion pour parti\u00adciper au Masters 1000 de Cincinnati, r\u00e9alise un bon d\u00e9but de tournoi.<\/p>\n<blockquote class=\"twitter-tweet\" data-width=\"550\" data-dnt=\"true\">\n<p lang=\"fr\" dir=\"ltr\">\ud83d\udcca Vainqueur du tournoi en 2022, Caroline Garcia \ud83c\uddeb\ud83c\uddf7 (N\u00b0200) a fait honneur \u00e0 son invi\u00adta\u00adtion en domi\u00adnant Sonay Kartal pour s\u2019of\u00adfrir sa premi\u00e8re membre du Top 50 depuis 469 jours. La Fran\u00e7aise restait sur 17 sets perdus cons\u00e9\u00adcu\u00adti\u00adve\u00adment face \u00e0 des Top 50.<\/p>\n<p>Fly with Caro. \u2708\ufe0f <a href=\"https:\/\/t.co\/qPZvNm6d9o\" data-wpel-link=\"external\" target=\"_blank\" rel=\"nofollow external noopener\">pic.twitter.com\/qPZvNm6d9o<\/a><\/p>\n<p>\u2014 Jeu, Set et Maths (@JeuSetMaths) <a href=\"https:\/\/twitter.com\/JeuSetMaths\/status\/1953875928771158277?ref_src=twsrc%5Etfw\" data-wpel-link=\"external\" target=\"_blank\" rel=\"nofollow external noopener\">August 8,\u00a02025<\/a><\/p><\/blockquote>\n<p>En effet, la Fran\u00e7aise vient de s\u2019imposer au premier tour contre la Britannique Sonay Kartal sur le score de 5\u20447, 6\u20444, 6\u20443. Elle vient ainsi \u00e0 bout de la 48\u1d49 joueuse mondiale.<\/p>\n<p>Une jolie perfor\u00admance pour l\u2019actuelle 200\u1d49 mondiale, qui a annonc\u00e9 qu\u2019elle pren\u00addrait sa retraite \u00e0 la fin de l\u2019US\u00a0Open.<\/p>\n<p>Au prochain tour, elle affron\u00adtera la t\u00eate de s\u00e9rie num\u00e9ro 11, Karolina Muchova, contre qui elle s\u2019est impos\u00e9e lors de leur seule confrontation.<\/p>\n<p class=\"post-published-date\" style=\"color: silver; font-size: 75%; text-align: left;\">Publi\u00e9 le vendredi 8 ao\u00fbt 2025 \u00e0 19:56<\/p>\n<p><script async src=\"https:\/\/platform.twitter.com\/widgets.js\" charset=\"utf-8\"><\/script><\/p>\n","protected":false},"excerpt":{"rendered":"Caroline Garcia, qui avait re\u00e7u une invi\u00adta\u00adtion pour parti\u00adciper au Masters 1000 de Cincinnati, r\u00e9alise un bon d\u00e9but&hellip;\n","protected":false},"author":2,"featured_media":202760,"comment_status":"","ping_status":"","sticky":false,"template":"","format":"standard","meta":{"footnotes":""},"categories":[9],"tags":[1011,27,8002,60],"class_list":{"0":"post-305801","1":"post","2":"type-post","3":"status-publish","4":"format-standard","5":"has-post-thumbnail","7":"category-sports","8":"tag-fr","9":"tag-france","10":"tag-garcia","11":"tag-sports"},"share_on_mastodon":{"url":"https:\/\/pubeurope.com\/@fr\/114994859566861350","error":""},"_links":{"self":[{"href":"https:\/\/www.europesays.com\/fr\/wp-json\/wp\/v2\/posts\/305801","targetHints":{"allow":["GET"]}}],"collection":[{"href":"https:\/\/www.europesays.com\/fr\/wp-json\/wp\/v2\/posts"}],"about":[{"href":"https:\/\/www.europesays.com\/fr\/wp-json\/wp\/v2\/types\/post"}],"author":[{"embeddable":true,"href":"https:\/\/www.europesays.com\/fr\/wp-json\/wp\/v2\/users\/2"}],"replies":[{"embeddable":true,"href":"https:\/\/www.europesays.com\/fr\/wp-json\/wp\/v2\/comments?post=305801"}],"version-history":[{"count":0,"href":"https:\/\/www.europesays.com\/fr\/wp-json\/wp\/v2\/posts\/305801\/revisions"}],"wp:featuredmedia":[{"embeddable":true,"href":"https:\/\/www.europesays.com\/fr\/wp-json\/wp\/v2\/media\/202760"}],"wp:attachment":[{"href":"https:\/\/www.europesays.com\/fr\/wp-json\/wp\/v2\/media?parent=305801"}],"wp:term":[{"taxonomy":"category","embeddable":true,"href":"https:\/\/www.europesays.com\/fr\/wp-json\/wp\/v2\/categories?post=305801"},{"taxonomy":"post_tag","embeddable":true,"href":"https:\/\/www.europesays.com\/fr\/wp-json\/wp\/v2\/tags?post=305801"}],"curies":[{"name":"wp","href":"https:\/\/api.w.org\/{rel}","templated":true}]}}