{"id":305808,"date":"2025-08-08T19:47:11","date_gmt":"2025-08-08T19:47:11","guid":{"rendered":"https:\/\/www.europesays.com\/fr\/305808\/"},"modified":"2025-08-08T19:47:11","modified_gmt":"2025-08-08T19:47:11","slug":"la-france-condamne-fermement-le-plan-israelien-de-controle-militaire-de-toute-la-bande-de-gaza","status":"publish","type":"post","link":"https:\/\/www.europesays.com\/fr\/305808\/","title":{"rendered":"La France \u00ab\u00a0condamne fermement\u00a0\u00bb le plan isra\u00e9lien de contr\u00f4le militaire de toute la bande de Gaza"},"content":{"rendered":"<p>Le ministre Jean-No\u00ebl Barrot estime qu'\u00a0\u00bbune telle op\u00e9ration aggraverait une situation d\u00e9j\u00e0 catastrophique sans permettre la lib\u00e9ration des otages du Hamas, son d\u00e9sarmement et sa reddition\u00a0\u00bb.<\/p>\n<p>La France \u00ab\u00a0condamne fermement\u00a0\u00bb le plan du gouvernement isra\u00e9lien \u00ab\u00a0visant \u00e0 pr\u00e9parer l&rsquo;occupation int\u00e9grale de Gaza\u00a0\u00bb, a d\u00e9clar\u00e9 sur X le ministre des Affaires \u00e9trang\u00e8res Jean-No\u00ebl Barrot, ce vendredi 8 ao\u00fbt.<\/p>\n<blockquote class=\"embed embed_quote\"><p>\u00ab\u00a0Une telle op\u00e9ration aggraverait une situation d\u00e9j\u00e0 catastrophique sans permettre la lib\u00e9ration des otages du Hamas, son d\u00e9sarmement et sa reddition\u00a0\u00bb, poursuit-il.<\/p><\/blockquote>\n<p>L&rsquo;arm\u00e9e isra\u00e9lienne se pr\u00e9parait ce vendredi 8 ao\u00fbt, <a href=\"https:\/\/www.bfmtv.com\/international\/moyen-orient\/israel\/totale-desapprobation-escalade-dangereuse-le-plan-israelien-de-controle-de-gaza-denonce-par-la-communaute-internationale_AD-202508080443.html\" title=\"&quot;Totale d\u00e9sapprobation&quot;, &quot;escalade dangereuse&quot;: le plan isra\u00e9lien de contr\u00f4le de Gaza d\u00e9nonc\u00e9 par la communaut\u00e9 internationale\" class=\"internal_link\" rel=\"nofollow noopener\" target=\"_blank\">sous les critiques internationales<\/a>, \u00e0 prendre le contr\u00f4le de la ville de Gaza, la plus grande du territoire palestinien, dans le but de \u00ab\u00a0vaincre\u00a0\u00bb le Hamas et assurer la lib\u00e9ration des otages.<\/p>\n<p>Apr\u00e8s 22 mois de guerre, le Premier ministre Benjamin Netanyahu est confront\u00e9 \u00e0 une tr\u00e8s forte pression en Isra\u00ebl et de l&rsquo;\u00e9tranger pour mettre fin \u00e0 son offensive dans la bande de Gaza, o\u00f9 plus de deux millions de Palestiniens sont menac\u00e9s d&rsquo;une \u00ab\u00a0famine g\u00e9n\u00e9ralis\u00e9e\u00a0\u00bb, selon l&rsquo;ONU.<\/p>\n<p>\u00ab\u00a0Nous allons lib\u00e9rer Gaza du Hamas\u00a0\u00bb<\/p>\n<p>Selon le plan valid\u00e9 par le cabinet de s\u00e9curit\u00e9 isra\u00e9lien, l&rsquo;arm\u00e9e \u00ab\u00a0<a href=\"https:\/\/www.bfmtv.com\/international\/moyen-orient\/israel\/tout-comprendre-gazaouis-deplaces-sort-des-otages-ce-qu-implique-le-plan-de-benjamin-netanyahu-pour-gaza_AV-202508080413.html\" title=\"TOUT COMPRENDRE. Gazaouis d\u00e9plac\u00e9s, sort des otages... ce qu&#039;implique le plan de Benjamin Netanyahu pour Gaza\" class=\"internal_link\" rel=\"nofollow noopener\" target=\"_blank\">se pr\u00e9pare \u00e0 prendre le contr\u00f4le de la ville de Gaza<\/a>\u00ab\u00a0, une agglom\u00e9ration en grande partie d\u00e9truite dans le nord du territoire, \u00ab\u00a0tout en distribuant une aide humanitaire \u00e0 la population civile en dehors des zones de combat\u00a0\u00bb.<\/p>\n<p>Outre le d\u00e9sarmement du Hamas et le retour \u00ab\u00a0de tous les otages, vivants et morts\u00a0\u00bb, le plan vise \u00e0 d\u00e9militariser la bande de Gaza et la placer sous contr\u00f4le isra\u00e9lien avant la mise en place \u00ab\u00a0d&rsquo;une administration civile\u00a0\u00bb qui ne soit \u00ab\u00a0ni le Hamas ni l&rsquo;Autorit\u00e9 palestinienne\u00a0\u00bb, a pr\u00e9cis\u00e9 vendredi le bureau de Benjamin Netanyahu.<\/p>\n<blockquote class=\"embed embed_quote\"><p>\u00ab\u00a0Nous n&rsquo;allons pas occuper Gaza, nous allons lib\u00e9rer Gaza du Hamas\u00a0\u00bb, qui dirige le territoire depuis 2007, a affirm\u00e9 Benjamin Netanyahu sur X.<\/p><\/blockquote>\n<p>De l&rsquo;Allemagne, pourtant l&rsquo;un des plus fid\u00e8les alli\u00e9s d&rsquo;Isra\u00ebl, \u00e0 l&rsquo;UE, en passant par la France, la Chine et de nombreux pays musulmans, l&rsquo;annonce de ce plan a suscit\u00e9 la r\u00e9probation internationale. Le Conseil de s\u00e9curit\u00e9 de l&rsquo;ONU se r\u00e9unira samedi en urgence.<\/p>\n<p>Hugues Garnier Journaliste BFMTV<\/p>\n","protected":false},"excerpt":{"rendered":"Le ministre Jean-No\u00ebl Barrot estime qu&rsquo;\u00a0\u00bbune telle op\u00e9ration aggraverait une situation d\u00e9j\u00e0 catastrophique sans permettre la lib\u00e9ration des&hellip;\n","protected":false},"author":2,"featured_media":288547,"comment_status":"","ping_status":"","sticky":false,"template":"","format":"standard","meta":{"footnotes":""},"categories":[5],"tags":[11,1011,27,14,12,28],"class_list":{"0":"post-305808","1":"post","2":"type-post","3":"status-publish","4":"format-standard","5":"has-post-thumbnail","7":"category-international","8":"tag-actualites","9":"tag-fr","10":"tag-france","11":"tag-international","12":"tag-news","13":"tag-world"},"share_on_mastodon":{"url":"https:\/\/pubeurope.com\/@fr\/114994875141762379","error":""},"_links":{"self":[{"href":"https:\/\/www.europesays.com\/fr\/wp-json\/wp\/v2\/posts\/305808","targetHints":{"allow":["GET"]}}],"collection":[{"href":"https:\/\/www.europesays.com\/fr\/wp-json\/wp\/v2\/posts"}],"about":[{"href":"https:\/\/www.europesays.com\/fr\/wp-json\/wp\/v2\/types\/post"}],"author":[{"embeddable":true,"href":"https:\/\/www.europesays.com\/fr\/wp-json\/wp\/v2\/users\/2"}],"replies":[{"embeddable":true,"href":"https:\/\/www.europesays.com\/fr\/wp-json\/wp\/v2\/comments?post=305808"}],"version-history":[{"count":0,"href":"https:\/\/www.europesays.com\/fr\/wp-json\/wp\/v2\/posts\/305808\/revisions"}],"wp:featuredmedia":[{"embeddable":true,"href":"https:\/\/www.europesays.com\/fr\/wp-json\/wp\/v2\/media\/288547"}],"wp:attachment":[{"href":"https:\/\/www.europesays.com\/fr\/wp-json\/wp\/v2\/media?parent=305808"}],"wp:term":[{"taxonomy":"category","embeddable":true,"href":"https:\/\/www.europesays.com\/fr\/wp-json\/wp\/v2\/categories?post=305808"},{"taxonomy":"post_tag","embeddable":true,"href":"https:\/\/www.europesays.com\/fr\/wp-json\/wp\/v2\/tags?post=305808"}],"curies":[{"name":"wp","href":"https:\/\/api.w.org\/{rel}","templated":true}]}}