{"id":305812,"date":"2025-08-08T19:51:15","date_gmt":"2025-08-08T19:51:15","guid":{"rendered":"https:\/\/www.europesays.com\/fr\/305812\/"},"modified":"2025-08-08T19:51:15","modified_gmt":"2025-08-08T19:51:15","slug":"football-forme-a-saint-etienne-le-savoyard-victor-petit-poursuit-laventure-en-d2-suisse","status":"publish","type":"post","link":"https:\/\/www.europesays.com\/fr\/305812\/","title":{"rendered":"Football. Form\u00e9 \u00e0 Saint-Etienne, le Savoyard Victor Petit poursuit l&rsquo;aventure en D2 suisse"},"content":{"rendered":"<p>Le Chamb\u00e9rien Victor Petit, 23 ans, qui a grandi au CSF, puis form\u00e9 chez les Verts \u00e0 Saint-Etienne (et vainqueur de la Coupe Gambardella en 2019 avec l\u2019ASSE), puis pass\u00e9 par la r\u00e9serve du Stade Rennais et qui avait rejoint le championnat suisse, \u00e0 Nyons en 2023, avant d\u2019\u00eatre pr\u00eat\u00e9 et de terminer la saison 2024-2025 \u00e0 l\u2019\u00c9toile Carouge Gen\u00e8ve en Challenge League (D2 suisse), a sign\u00e9 dans un autre club de Challenge League.<\/p>\n<p>Ce contenu est bloqu\u00e9 car vous n&rsquo;avez pas accept\u00e9 les cookies et autres traceurs.<\/p>\n<p>En cliquant sur \u00ab J\u2019accepte \u00bb, les cookies et autres traceurs seront d\u00e9pos\u00e9s et vous pourrez visualiser les contenus  (<a href=\"\" class=\"consentModule_policy\" target=\"_blank\" title=\"Consulter la politique de protection des donn\u00e9es du fournisseur\">plus d&rsquo;informations<\/a>).<\/p>\n<p>En cliquant sur \u00ab J\u2019accepte tous les cookies \u00bb, vous autorisez des d\u00e9p\u00f4ts de cookies et autres traceurs pour le stockage de vos donn\u00e9es sur nos sites et applications \u00e0 des fins de personnalisation et de ciblage publicitaire.<\/p>\n<p class=\"consentModule_secondaryText\">Vous gardez la possibilit\u00e9 de retirer votre consentement \u00e0 tout moment en consultant notre <a href=\"https:\/\/www.ledauphine.com\/protection-des-donnees\" target=\"_blank\" title=\"Consulter notre politique de protection des donn\u00e9es\" rel=\"noopener\">politique de protection des donn\u00e9es<\/a>. <br \/>&#13;<br \/>\n            <a href=\"https:\/\/www.ledauphine.com\/sport\/2025\/08\/08\/javascript:Didomi.notice.show()\" class=\"consentModule_cmp\" target=\"_blank\" rel=\"noopener\">G\u00e9rer mes choix<\/a>&#13;\n        <\/p>\n<p>&#13;<br \/>\n                        J&rsquo;accepte&#13;<br \/>\n            J&rsquo;accepte tous les cookies&#13;\n        <\/p>\n<p>  Le FC Aarau, club ambitieux<\/p>\n<p>Le milieu d\u00e9fensif gaucher d\u20191,94\u00a0m, reconverti en d\u00e9fenseur central, rejoint (jusqu\u2019en 2027) l\u2019ambitieux FC Aarau, actuel 4e\u00a0 apr\u00e8s trois journ\u00e9es et qui a \u00e9chou\u00e9 en barrage de mont\u00e9e en Super League suisse en mai dernier contre un autre club historique helv\u00e8te, les Grasshoppers de Zurich.<\/p>\n","protected":false},"excerpt":{"rendered":"Le Chamb\u00e9rien Victor Petit, 23 ans, qui a grandi au CSF, puis form\u00e9 chez les Verts \u00e0 Saint-Etienne&hellip;\n","protected":false},"author":2,"featured_media":305813,"comment_status":"","ping_status":"","sticky":false,"template":"","format":"standard","meta":{"footnotes":""},"categories":[9653],"tags":[1111,11,9443,2430,5509,12844,1777,674,63,1011,27,12,25,4001,5508,517],"class_list":{"0":"post-305812","1":"post","2":"type-post","3":"status-publish","4":"format-standard","5":"has-post-thumbnail","7":"category-saint-etienne","8":"tag-actu","9":"tag-actualites","10":"tag-asse-as-saint-etienne","11":"tag-auvergne-rhone-alpes","12":"tag-chambery","13":"tag-chambery-bassin","14":"tag-eu","15":"tag-europe","16":"tag-football","17":"tag-fr","18":"tag-france","19":"tag-news","20":"tag-republique-francaise","21":"tag-saint-etienne","22":"tag-savoie","23":"tag-sport"},"share_on_mastodon":{"url":"https:\/\/pubeurope.com\/@fr\/114994890933868206","error":""},"_links":{"self":[{"href":"https:\/\/www.europesays.com\/fr\/wp-json\/wp\/v2\/posts\/305812","targetHints":{"allow":["GET"]}}],"collection":[{"href":"https:\/\/www.europesays.com\/fr\/wp-json\/wp\/v2\/posts"}],"about":[{"href":"https:\/\/www.europesays.com\/fr\/wp-json\/wp\/v2\/types\/post"}],"author":[{"embeddable":true,"href":"https:\/\/www.europesays.com\/fr\/wp-json\/wp\/v2\/users\/2"}],"replies":[{"embeddable":true,"href":"https:\/\/www.europesays.com\/fr\/wp-json\/wp\/v2\/comments?post=305812"}],"version-history":[{"count":0,"href":"https:\/\/www.europesays.com\/fr\/wp-json\/wp\/v2\/posts\/305812\/revisions"}],"wp:featuredmedia":[{"embeddable":true,"href":"https:\/\/www.europesays.com\/fr\/wp-json\/wp\/v2\/media\/305813"}],"wp:attachment":[{"href":"https:\/\/www.europesays.com\/fr\/wp-json\/wp\/v2\/media?parent=305812"}],"wp:term":[{"taxonomy":"category","embeddable":true,"href":"https:\/\/www.europesays.com\/fr\/wp-json\/wp\/v2\/categories?post=305812"},{"taxonomy":"post_tag","embeddable":true,"href":"https:\/\/www.europesays.com\/fr\/wp-json\/wp\/v2\/tags?post=305812"}],"curies":[{"name":"wp","href":"https:\/\/api.w.org\/{rel}","templated":true}]}}