{"id":305814,"date":"2025-08-08T19:52:20","date_gmt":"2025-08-08T19:52:20","guid":{"rendered":"https:\/\/www.europesays.com\/fr\/305814\/"},"modified":"2025-08-08T19:52:20","modified_gmt":"2025-08-08T19:52:20","slug":"fleville-devant-nancy-un-nouveau-magasin-dans-la-zone-de-nancy-porte-sud","status":"publish","type":"post","link":"https:\/\/www.europesays.com\/fr\/305814\/","title":{"rendered":"Fl\u00e9ville-devant-Nancy. Un nouveau magasin dans la zone de Nancy porte Sud"},"content":{"rendered":"<p>Un nouveau magasin Poltron et Sofa est ouvert dans la zone de Fl\u00e9ville, depuis le 7\u00a0juin. Pour le bon fonctionnement de ce commerce, quatre personnes ont \u00e9t\u00e9 recrut\u00e9es et form\u00e9es dans les magasins de Metz et Thionville. La zone commerciale de Fl\u00e9ville Houdemont est tr\u00e8s fr\u00e9quent\u00e9e, un endroit id\u00e9al qui a incit\u00e9 l\u2019enseigne \u00e0 s\u2019y installer. La soci\u00e9t\u00e9 Poltron et Sofa est sp\u00e9cialis\u00e9e dans la fabrication de canap\u00e9s.<\/p>\n","protected":false},"excerpt":{"rendered":"Un nouveau magasin Poltron et Sofa est ouvert dans la zone de Fl\u00e9ville, depuis le 7\u00a0juin. Pour le&hellip;\n","protected":false},"author":2,"featured_media":305815,"comment_status":"","ping_status":"","sticky":false,"template":"","format":"standard","meta":{"footnotes":""},"categories":[9635],"tags":[1111,11,4406,33,1704,1777,674,9650,1011,27,775,9649,1702,12,25],"class_list":{"0":"post-305814","1":"post","2":"type-post","3":"status-publish","4":"format-standard","5":"has-post-thumbnail","7":"category-nancy","8":"tag-actu","9":"tag-actualites","10":"tag-commerce-et-services","11":"tag-economie","12":"tag-edition-nancy-et-agglomeration","13":"tag-eu","14":"tag-europe","15":"tag-fleville-devant-nancy","16":"tag-fr","17":"tag-france","18":"tag-grand-est","19":"tag-metropole-du-grand-nancy-54b2","20":"tag-nancy","21":"tag-news","22":"tag-republique-francaise"},"share_on_mastodon":{"url":"https:\/\/pubeurope.com\/@fr\/114994894826452044","error":""},"_links":{"self":[{"href":"https:\/\/www.europesays.com\/fr\/wp-json\/wp\/v2\/posts\/305814","targetHints":{"allow":["GET"]}}],"collection":[{"href":"https:\/\/www.europesays.com\/fr\/wp-json\/wp\/v2\/posts"}],"about":[{"href":"https:\/\/www.europesays.com\/fr\/wp-json\/wp\/v2\/types\/post"}],"author":[{"embeddable":true,"href":"https:\/\/www.europesays.com\/fr\/wp-json\/wp\/v2\/users\/2"}],"replies":[{"embeddable":true,"href":"https:\/\/www.europesays.com\/fr\/wp-json\/wp\/v2\/comments?post=305814"}],"version-history":[{"count":0,"href":"https:\/\/www.europesays.com\/fr\/wp-json\/wp\/v2\/posts\/305814\/revisions"}],"wp:featuredmedia":[{"embeddable":true,"href":"https:\/\/www.europesays.com\/fr\/wp-json\/wp\/v2\/media\/305815"}],"wp:attachment":[{"href":"https:\/\/www.europesays.com\/fr\/wp-json\/wp\/v2\/media?parent=305814"}],"wp:term":[{"taxonomy":"category","embeddable":true,"href":"https:\/\/www.europesays.com\/fr\/wp-json\/wp\/v2\/categories?post=305814"},{"taxonomy":"post_tag","embeddable":true,"href":"https:\/\/www.europesays.com\/fr\/wp-json\/wp\/v2\/tags?post=305814"}],"curies":[{"name":"wp","href":"https:\/\/api.w.org\/{rel}","templated":true}]}}