{"id":305818,"date":"2025-08-08T19:54:10","date_gmt":"2025-08-08T19:54:10","guid":{"rendered":"https:\/\/www.europesays.com\/fr\/305818\/"},"modified":"2025-08-08T19:54:10","modified_gmt":"2025-08-08T19:54:10","slug":"les-estivales-darts-balade-artistique-a-ciel-ouvert-a-saint-mandrier","status":"publish","type":"post","link":"https:\/\/www.europesays.com\/fr\/305818\/","title":{"rendered":"Les Estivales d\u2019arts, balade artistique \u00e0 ciel ouvert \u00e0 Saint-Mandrier"},"content":{"rendered":"<p>\u00c0 l\u2019occasion des 75 ans d\u2019ind\u00e9pendance de la commune, l\u2019agence Cimaises M\u00e9dias a d\u00e9cid\u00e9 de la mettre \u00e0 l\u2019honneur de la troisi\u00e8me \u00e9dition des Estivales d\u2019arts de Saint-Mandrier. Cr\u00e9\u00e9 en 2023 par Agathe Poeta et Lydia Fourni\u00e9 (notre collaboratrice), cet \u00e9v\u00e8nement avait pour objectif de relancer la culture et l\u2019art, suspendus pendant les trois ann\u00e9es de Covid. Pour la 3e \u00e9dition, l\u2019association a voulu cr\u00e9er une v\u00e9ritable balade artistique autour de la presqu\u2019\u00eele. Une vingtaine d\u2019\u0153uvres sont donc r\u00e9parties un peu partout dans la commune.<\/p>\n<p>\u00ab\u00a0C\u2019est une belle occasion de montrer notre patrimoine et aussi de mettre en valeur nos artistes\u00a0\u00bb, explique l\u2019adjoint \u00e0 la culture, Romain Vincent. Durant son discours, il en profite pour remercier le D\u00e9partement et S\u00e9verine Mathivet pour les aides financi\u00e8res sans lesquelles \u00ab\u00a0rien de tout \u00e7a n\u2019aurait \u00e9t\u00e9 possible\u00a0\u00bb.<\/p>\n<p>Jusqu\u2019au 20 septembre, les peintures r\u00e9alis\u00e9es sur du dibond d\u2019aluminium sont donc expos\u00e9es \u00e0 ciel ouvert dans toute la presqu\u2019\u00eele, alors ouvrez l\u2019\u0153il.<\/p>\n<p>\u00ab C\u2019est une aventure permanente \u00bb<\/p>\n<p>\u00c9lisabeth Romec a peint la plage du Canon. Elle a toujours baign\u00e9 dans la peinture, et en a fait son activit\u00e9 principale depuis sa retraite. \u00ab\u00a0J\u2019aime peindre des paysages et retranscrire l\u2019ambiance, l\u2019atmosph\u00e8re. Je peins par passion, c\u2019est presque une m\u00e9ditation\u00a0\u00bb, confie-t-elle. Partout o\u00f9 elle va, elle essaie de r\u00e9aliser des toiles.<\/p>\n<p>Jean-Pierre Le Hunsec aussi est un passionn\u00e9. C\u2019est lui qui a peint le brise-lames, que l\u2019on peut voir sur le port. Depuis qu\u2019il ne travaille plus, il a tout le temps pour se consacrer \u00e0 ses \u0153uvres, surtout inspir\u00e9 par la mer et la nature. Il explique qu\u2019il a, chez lui, entre 300 et 400 toiles.<\/p>\n<p>Les reflets dans le port ont \u00e9t\u00e9 r\u00e9alis\u00e9s par Mich\u00e8le Volsy. Artiste de profession, cette dame de 78 ans continue de cr\u00e9er des \u0153uvres d\u2019art contemporain, et ne compte pas s\u2019arr\u00eater de sit\u00f4t. \u00ab\u00a0Ce que j\u2019aime dans ce m\u00e9tier, c\u2019est la libert\u00e9, la remise en question permanente. Chaque jour apporte son lot de rencontres, de surprises, de d\u00e9sillusions\u2026 C\u2019est une aventure permanente\u00a0\u00bb, confesse Mich\u00e8le.<\/p>\n","protected":false},"excerpt":{"rendered":"\u00c0 l\u2019occasion des 75 ans d\u2019ind\u00e9pendance de la commune, l\u2019agence Cimaises M\u00e9dias a d\u00e9cid\u00e9 de la mettre \u00e0&hellip;\n","protected":false},"author":2,"featured_media":305819,"comment_status":"","ping_status":"","sticky":false,"template":"","format":"standard","meta":{"footnotes":""},"categories":[9619],"tags":[1111,11,1777,674,1011,27,12,882,25,2310,3366],"class_list":{"0":"post-305818","1":"post","2":"type-post","3":"status-publish","4":"format-standard","5":"has-post-thumbnail","7":"category-toulon","8":"tag-actu","9":"tag-actualites","10":"tag-eu","11":"tag-europe","12":"tag-fr","13":"tag-france","14":"tag-news","15":"tag-provence-alpes-cote-dazur","16":"tag-republique-francaise","17":"tag-toulon","18":"tag-vie-locale"},"share_on_mastodon":{"url":"https:\/\/pubeurope.com\/@fr\/114994902737495103","error":""},"_links":{"self":[{"href":"https:\/\/www.europesays.com\/fr\/wp-json\/wp\/v2\/posts\/305818","targetHints":{"allow":["GET"]}}],"collection":[{"href":"https:\/\/www.europesays.com\/fr\/wp-json\/wp\/v2\/posts"}],"about":[{"href":"https:\/\/www.europesays.com\/fr\/wp-json\/wp\/v2\/types\/post"}],"author":[{"embeddable":true,"href":"https:\/\/www.europesays.com\/fr\/wp-json\/wp\/v2\/users\/2"}],"replies":[{"embeddable":true,"href":"https:\/\/www.europesays.com\/fr\/wp-json\/wp\/v2\/comments?post=305818"}],"version-history":[{"count":0,"href":"https:\/\/www.europesays.com\/fr\/wp-json\/wp\/v2\/posts\/305818\/revisions"}],"wp:featuredmedia":[{"embeddable":true,"href":"https:\/\/www.europesays.com\/fr\/wp-json\/wp\/v2\/media\/305819"}],"wp:attachment":[{"href":"https:\/\/www.europesays.com\/fr\/wp-json\/wp\/v2\/media?parent=305818"}],"wp:term":[{"taxonomy":"category","embeddable":true,"href":"https:\/\/www.europesays.com\/fr\/wp-json\/wp\/v2\/categories?post=305818"},{"taxonomy":"post_tag","embeddable":true,"href":"https:\/\/www.europesays.com\/fr\/wp-json\/wp\/v2\/tags?post=305818"}],"curies":[{"name":"wp","href":"https:\/\/api.w.org\/{rel}","templated":true}]}}