{"id":305820,"date":"2025-08-08T19:55:10","date_gmt":"2025-08-08T19:55:10","guid":{"rendered":"https:\/\/www.europesays.com\/fr\/305820\/"},"modified":"2025-08-08T19:55:10","modified_gmt":"2025-08-08T19:55:10","slug":"la-possible-arrivee-de-baptiste-jauneau-au-rc-toulon-pourrait-provoquer-le-depart-de-baptiste-serin","status":"publish","type":"post","link":"https:\/\/www.europesays.com\/fr\/305820\/","title":{"rendered":"La possible arriv\u00e9e de Baptiste Jauneau au RC Toulon pourrait provoquer le d\u00e9part de Baptiste Serin !"},"content":{"rendered":"<p>L\u2019information est sign\u00e9e Midi Olympique \u2013<\/p>\n<p>Le Rugby Club Toulonnais aurait transmis une offre financi\u00e8re XXL au demi-de-m\u00eal\u00e9e Clermontois Baptiste Jauneau.<\/p>\n<p>En fin de contrat avec Clermont au mois de juin 2026, le demi-de-m\u00eal\u00e9e de l\u2019ASM aurait \u00e9t\u00e9 approch\u00e9 par plusieurs grosses \u00e9curies.<\/p>\n<p>L\u2019Union Bordeaux-B\u00e8gles, la Section Paloise et donc Toulon seraient tr\u00e8s int\u00e9ress\u00e9s par le profil de Baptiste Jauneau.<\/p>\n<p>Selon Midi Olympique, le RCT aurait frapp\u00e9 tr\u00e8s fort en effectuant une proposition financi\u00e8re tr\u00e8s \u00e9lev\u00e9e au demi-de-m\u00eal\u00e9e international Fran\u00e7ais.<\/p>\n<p>Le bi-hebdomadaire indique que cette proposition financi\u00e8re serait bien plus \u00e9lev\u00e9e que celle effectu\u00e9e par les dirigeants Auvergnats qui ont pourtant fait de ce dossier l\u2019une de leurs priorit\u00e9s.<\/p>\n<p>L\u2019ampleur de la proposition formul\u00e9e par Toulon t\u00e9moigne clairement de sa volont\u00e9 d\u2019installer Baptiste Jauneau comme titulaire indiscutable \u00e0 la m\u00eal\u00e9e.<\/p>\n<p>Une perspective qui pourrait rebattre les cartes au sein du club varois, notamment pour Baptiste Serin.<\/p>\n<p>Pr\u00e9sent sur la Rade depuis 2019, le demi de m\u00eal\u00e9e international (49 s\u00e9lections) est aujourd\u2019hui l\u2019un des piliers du jeu et du vestiaire.<\/p>\n<p>Mais difficile d\u2019imaginer qu\u2019il accepte de partager les cl\u00e9s du poste avec un concurrent direct au statut aussi affirm\u00e9.<\/p>\n<p>Si l\u2019op\u00e9ration venait \u00e0 se concr\u00e9tiser, Serin, 31 ans, pourrait ainsi \u00eatre tent\u00e9 par un nouveau d\u00e9fi. Comme d\u00e9j\u00e0 \u00e9voqu\u00e9, son profil pourrait s\u00e9duire Montpellier, surtout si l\u2019arriv\u00e9e r\u00e9cente d\u2019Ali Price ne s\u2019av\u00e8re pas concluante.<\/p>\n<p>Par ailleurs, un d\u00e9part de Jauneau relancerait in\u00e9vitablement l\u2019ASM Clermont sur le march\u00e9, le club auvergnat devant alors trouver un rempla\u00e7ant \u00e0 son jeune talent.<\/p>\n<p>Cette situation pourrait donc d\u00e9clencher un jeu de chaises musicales \u00e0 la m\u00eal\u00e9e, o\u00f9 chaque mouvement entra\u00eenerait une r\u00e9action en cha\u00eene sur le march\u00e9 des transferts.<\/p>\n<p><strong>Affaire \u00e0 suivre\u2026<\/strong><\/p>\n","protected":false},"excerpt":{"rendered":"L\u2019information est sign\u00e9e Midi Olympique \u2013 Le Rugby Club Toulonnais aurait transmis une offre financi\u00e8re XXL au demi-de-m\u00eal\u00e9e&hellip;\n","protected":false},"author":2,"featured_media":256013,"comment_status":"","ping_status":"","sticky":false,"template":"","format":"standard","meta":{"footnotes":""},"categories":[9619],"tags":[1111,11,1777,674,1011,27,12,882,25,2310],"class_list":{"0":"post-305820","1":"post","2":"type-post","3":"status-publish","4":"format-standard","5":"has-post-thumbnail","7":"category-toulon","8":"tag-actu","9":"tag-actualites","10":"tag-eu","11":"tag-europe","12":"tag-fr","13":"tag-france","14":"tag-news","15":"tag-provence-alpes-cote-dazur","16":"tag-republique-francaise","17":"tag-toulon"},"share_on_mastodon":{"url":"https:\/\/pubeurope.com\/@fr\/114994906643793199","error":""},"_links":{"self":[{"href":"https:\/\/www.europesays.com\/fr\/wp-json\/wp\/v2\/posts\/305820","targetHints":{"allow":["GET"]}}],"collection":[{"href":"https:\/\/www.europesays.com\/fr\/wp-json\/wp\/v2\/posts"}],"about":[{"href":"https:\/\/www.europesays.com\/fr\/wp-json\/wp\/v2\/types\/post"}],"author":[{"embeddable":true,"href":"https:\/\/www.europesays.com\/fr\/wp-json\/wp\/v2\/users\/2"}],"replies":[{"embeddable":true,"href":"https:\/\/www.europesays.com\/fr\/wp-json\/wp\/v2\/comments?post=305820"}],"version-history":[{"count":0,"href":"https:\/\/www.europesays.com\/fr\/wp-json\/wp\/v2\/posts\/305820\/revisions"}],"wp:featuredmedia":[{"embeddable":true,"href":"https:\/\/www.europesays.com\/fr\/wp-json\/wp\/v2\/media\/256013"}],"wp:attachment":[{"href":"https:\/\/www.europesays.com\/fr\/wp-json\/wp\/v2\/media?parent=305820"}],"wp:term":[{"taxonomy":"category","embeddable":true,"href":"https:\/\/www.europesays.com\/fr\/wp-json\/wp\/v2\/categories?post=305820"},{"taxonomy":"post_tag","embeddable":true,"href":"https:\/\/www.europesays.com\/fr\/wp-json\/wp\/v2\/tags?post=305820"}],"curies":[{"name":"wp","href":"https:\/\/api.w.org\/{rel}","templated":true}]}}