{"id":305825,"date":"2025-08-08T19:58:13","date_gmt":"2025-08-08T19:58:13","guid":{"rendered":"https:\/\/www.europesays.com\/fr\/305825\/"},"modified":"2025-08-08T19:58:13","modified_gmt":"2025-08-08T19:58:13","slug":"vide-greniers-foires-a-tout-voici-le-programme-des-chineurs-en-seine-maritime-ce-weekend","status":"publish","type":"post","link":"https:\/\/www.europesays.com\/fr\/305825\/","title":{"rendered":"Vide-greniers, foires \u00e0 tout&#8230; Voici le programme des chineurs en Seine-Maritime ce weekend"},"content":{"rendered":"<p>            Par<br \/>\n        <strong><br \/>\n            <a href=\"https:\/\/actu.fr\/auteur\/yann-rivallan\" title=\"Consulter tous les articles de Yann Rivallan\" target=\"_blank\" rel=\"noopener\">Yann Rivallan<\/a><br \/>\n        <\/strong><\/p>\n<p>        Publi\u00e9 le<\/p>\n<p>            8 ao\u00fbt 2025 \u00e0 20h14        <\/p>\n<p>Vous \u00eates en <a href=\"https:\/\/actu.fr\/normandie\/seine-maritime_76\" target=\"_blank\" rel=\"noopener\">Seine-Maritime<\/a> durant le week-end du<strong> 9 et 10\u00a0ao\u00fbt 2025<\/strong>\u2009? Alors, pourquoi ne pas en profiter pour aller chiner un peu\u2009? <strong>Vide-greniers, foires \u00e0 tout, brocantes<\/strong>\u2026 On fait la liste des diff\u00e9rents \u00e9v\u00e9nements pr\u00e9vus samedi et dimanche dans le d\u00e9partement.<\/p>\n<p>Les foires \u00e0 tout du samedi<\/p>\n<p class=\" wall-content\">\u2022 <strong>Beauvoir-en-Lyons\u2009:<\/strong> foire \u00e0 tout au 14 petite rue, de 7h \u00e0 17h. Entr\u00e9e gratuite. Moins de 50\u00a0exposants.<\/p>\n<p class=\" wall-content\">\u2022 <strong>Incheville\u2009:<\/strong> brocante du comit\u00e9 des f\u00eates sur la place de l\u2019\u00e9glise et de la mairie, de 6h \u00e0 18h. Entr\u00e9e gratuite. Moins de 50\u00a0exposants.<\/p>\n<p class=\" wall-content\">\u2022 <strong>Rouen\u2009:<\/strong> vide-greniers place Joffre-Mutualit\u00e9, de 6h \u00e0 18h. Entr\u00e9e gratuite. Moins de 50\u00a0exposants.<\/p>\n<p>Les foires \u00e0 tout du dimanche<\/p>\n<p class=\" wall-content\">\u2022 <strong>Bolbec\u2009:<\/strong> vide-greniers de l\u2019association la M.A.F au stade Rolland-Carlier, de 7h \u00e0 18h. Entr\u00e9e\u2009: 1\u00a0euro. Entre 50 et 100\u00a0exposants.<\/p>\n<p class=\" wall-content\">\u2022 <strong>Butot-V\u00e9nesville\u2009:<\/strong> foire \u00e0 tout du comit\u00e9 des f\u00eates sur le terrain communal, de 7h30 \u00e0 18h. Entr\u00e9e\u2009: 0,50 euros. Moins de 50\u00a0exposants.<\/p>\n<p class=\" wall-content\">\u2022 <strong>Callengeville\u2009:<\/strong> vide-greniers au 2 all\u00e9e de la Mairie, de 6h \u00e0 18h. Entr\u00e9e gratuite. Entre 100 et 200\u00a0exposants.<\/p>\n<p class=\" wall-content\">\u2022 <strong>Canteleu\u2009:<\/strong> foire \u00e0 tout sur la place du march\u00e9, de 8h \u00e0 18h. Entre 50 et 100\u00a0exposants.<\/p>\n<p class=\" wall-content\">\u2022 <strong>Dieppe\u2009:<\/strong> foire \u00e0 tout sur le terrain de football rue de la Convention, de 8h \u00e0 18h. Entr\u00e9e gratuite. Entre 50 et 100\u00a0exposants.<\/p>\n<p class=\" wall-content\">\u2022 <strong>Elbeuf\u2009:<\/strong> foire \u00e0 tout sur la place du champ de foire, de 6h \u00e0 18h. Entre 100 et 200\u00a0exposants.<\/p>\n<p class=\" wall-content\">\u2022 <strong>Le\u00a0Havre\u2009:<\/strong> vide-greniers sur le parking du champ de foire, de 9h \u00e0 18h. Entr\u00e9e\u2009: 1\u00a0euro. Entre 100 et 200\u00a0exposants.<\/p>\n<p class=\" wall-content\">\u2022 <strong>Le\u00a0Havre\u2009:<\/strong> vide-greniers \u00e0 la salle des f\u00eates de Graville, \u00e0 partir de 8h30. Entr\u00e9e\u2009: 1\u00a0euro.<\/p>\n<p class=\" wall-content\">\u2022 <strong>Manneville-\u00e8s-Plains\u2009:<\/strong> vide-greniers dans le village, de 8h \u00e0 18h. Entr\u00e9e gratuite.<\/p>\n<p class=\" wall-content\">\u2022 <strong>Saint-Laurent-de-Br\u00e8vedent\u2009:<\/strong> vide-greniers dans le parc du ch\u00e2teau, de 7h30 \u00e0 17h30. Entr\u00e9e\u2009: 1\u00a0euro. Entre 100 et 200\u00a0exposants.<\/p>\n<p class=\" wall-content\">\u2022 <strong>Saint-Saire\u2009:<\/strong> foire \u00e0 tout \u00e0 la ferme de la Bethune, de 7h \u00e0 17h. Entr\u00e9e gratuite. Moins de 50\u00a0exposants.<\/p>\n<p class=\" wall-content\">\u2022 <strong>Sassetot-le-Mauconduit\u2009:<\/strong> vide-greniers au stade municipal, de 7h30 \u00e0 17h30. Entr\u00e9e\u2009: 1\u00a0euro. Entre 100 et 200\u00a0exposants.<\/p>\n<p>Vous souhaitez annoncer un \u00e9v\u00e9nement festif ou associatif, une initiative locale ? Rendez-vous sur notre plateforme <a href=\"https:\/\/www.infolocale.fr\/decouvrir\/actu\/\" target=\"_blank\" rel=\"noopener\">Infolocale<\/a>.<\/p>\n<p class=\" wall-content\">Suivez toute l\u2019actualit\u00e9 de vos villes et m\u00e9dias favoris en vous inscrivant \u00e0 <a href=\"https:\/\/moncompte.actu.fr\" title=\"D\u00e9couvez Mon Actu\" rel=\"nofollow noopener\" data-trk=\"{&quot;cta&quot;:{&quot;action&quot;:&quot;https:\\\/\\\/moncompte.actu.fr&quot;,&quot;category&quot;:&quot;mon compte&quot;,&quot;from&quot;:&quot;article footer&quot;,&quot;name&quot;:&quot;Mon actu&quot;,&quot;type&quot;:&quot;cta&quot;}}\" target=\"_blank\">Mon Actu<\/a>.<\/p>\n","protected":false},"excerpt":{"rendered":"Par Yann Rivallan Publi\u00e9 le 8 ao\u00fbt 2025 \u00e0 20h14 Vous \u00eates en Seine-Maritime durant le week-end du&hellip;\n","protected":false},"author":2,"featured_media":305826,"comment_status":"","ping_status":"","sticky":false,"template":"","format":"standard","meta":{"footnotes":""},"categories":[9587],"tags":[1111,11,6961,1777,674,10087,1011,27,1652,12,5161,25,9590,3365],"class_list":{"0":"post-305825","1":"post","2":"type-post","3":"status-publish","4":"format-standard","5":"has-post-thumbnail","7":"category-rouen","8":"tag-actu","9":"tag-actualites","10":"tag-brocante","11":"tag-eu","12":"tag-europe","13":"tag-foires-a-tout","14":"tag-fr","15":"tag-france","16":"tag-loisirs-culture","17":"tag-news","18":"tag-normandie","19":"tag-republique-francaise","20":"tag-rouen","21":"tag-vide-greniers"},"share_on_mastodon":{"url":"https:\/\/pubeurope.com\/@fr\/114994918376084617","error":""},"_links":{"self":[{"href":"https:\/\/www.europesays.com\/fr\/wp-json\/wp\/v2\/posts\/305825","targetHints":{"allow":["GET"]}}],"collection":[{"href":"https:\/\/www.europesays.com\/fr\/wp-json\/wp\/v2\/posts"}],"about":[{"href":"https:\/\/www.europesays.com\/fr\/wp-json\/wp\/v2\/types\/post"}],"author":[{"embeddable":true,"href":"https:\/\/www.europesays.com\/fr\/wp-json\/wp\/v2\/users\/2"}],"replies":[{"embeddable":true,"href":"https:\/\/www.europesays.com\/fr\/wp-json\/wp\/v2\/comments?post=305825"}],"version-history":[{"count":0,"href":"https:\/\/www.europesays.com\/fr\/wp-json\/wp\/v2\/posts\/305825\/revisions"}],"wp:featuredmedia":[{"embeddable":true,"href":"https:\/\/www.europesays.com\/fr\/wp-json\/wp\/v2\/media\/305826"}],"wp:attachment":[{"href":"https:\/\/www.europesays.com\/fr\/wp-json\/wp\/v2\/media?parent=305825"}],"wp:term":[{"taxonomy":"category","embeddable":true,"href":"https:\/\/www.europesays.com\/fr\/wp-json\/wp\/v2\/categories?post=305825"},{"taxonomy":"post_tag","embeddable":true,"href":"https:\/\/www.europesays.com\/fr\/wp-json\/wp\/v2\/tags?post=305825"}],"curies":[{"name":"wp","href":"https:\/\/api.w.org\/{rel}","templated":true}]}}