{"id":305828,"date":"2025-08-08T20:04:14","date_gmt":"2025-08-08T20:04:14","guid":{"rendered":"https:\/\/www.europesays.com\/fr\/305828\/"},"modified":"2025-08-08T20:04:14","modified_gmt":"2025-08-08T20:04:14","slug":"vols-de-voitures-de-luxe-sur-la-cote-de-granit-rose-quatre-jeunes-interpelles-a-perros-guirec-et-rennes","status":"publish","type":"post","link":"https:\/\/www.europesays.com\/fr\/305828\/","title":{"rendered":"Vols de voitures de luxe sur la c\u00f4te de Granit rose\u00a0: quatre jeunes interpell\u00e9s \u00e0 Perros-Guirec et Rennes"},"content":{"rendered":"<p>Mardi 5 ao\u00fbt, quatre jeunes hommes \u00e2g\u00e9s de 17 \u00e0 20 ans ont \u00e9t\u00e9 interpell\u00e9s \u00e0 Perros-Guirec (22) et Rennes. L\u2019information a \u00e9t\u00e9 communiqu\u00e9e sur les r\u00e9seaux sociaux par la gendarmerie des C\u00f4tes-d\u2019Armor. Ces interpellations ont eu lieu dans le cadre d\u2019une enqu\u00eate sur une s\u00e9rie de vols de v\u00e9hicules haut de gamme, perp\u00e9tr\u00e9s depuis la mi-juillet dans le secteur de la c\u00f4te de granit rose.<\/p>\n<p>\u00ab\u00a0Les malfaiteurs p\u00e9n\u00e9traient dans les habitations, de nuit, pour subtiliser les cl\u00e9s pendant le sommeil des occupants\u00a0\u00bb, indiquent les gendarmes.<\/p>\n<p>Cette enqu\u00eate a \u00e9t\u00e9 men\u00e9e conjointement par la brigade de Perros-Guirec et la brigade de recherche de Lannion.<\/p>\n<p>Les deux jeunes majeurs condamn\u00e9s<\/p>\n<p>D\u2019apr\u00e8s les forces de l\u2019ordre, sur les six v\u00e9hicules d\u00e9rob\u00e9s, deux ont \u00e9t\u00e9 retrouv\u00e9s calcin\u00e9s et un a \u00e9t\u00e9 d\u00e9couvert \u00e0 Perros-Guirec, avant d\u2019\u00eatre restitu\u00e9 \u00e0 son propri\u00e9taire.<\/p>\n<p>Parmi les quatre pr\u00e9venus, deux \u00e9taient majeurs. Ces derniers \u00ab\u00a0ont \u00e9t\u00e9 condamn\u00e9s \u00e0 des peines mixtes, m\u00ealant emprisonnement ferme et sursis probatoire. Les deux mineurs sont convoqu\u00e9s en novembre devant le tribunal pour enfants\u00a0\u00bb.<\/p>\n","protected":false},"excerpt":{"rendered":"Mardi 5 ao\u00fbt, quatre jeunes hommes \u00e2g\u00e9s de 17 \u00e0 20 ans ont \u00e9t\u00e9 interpell\u00e9s \u00e0 Perros-Guirec (22)&hellip;\n","protected":false},"author":2,"featured_media":305829,"comment_status":"","ping_status":"","sticky":false,"template":"","format":"standard","meta":{"footnotes":""},"categories":[2821],"tags":[1111,11,829,44583,1777,674,1011,27,4555,12,5864,584,25],"class_list":{"0":"post-305828","1":"post","2":"type-post","3":"status-publish","4":"format-standard","5":"has-post-thumbnail","7":"category-rennes","8":"tag-actu","9":"tag-actualites","10":"tag-bretagne","11":"tag-cotes-d-armor","12":"tag-eu","13":"tag-europe","14":"tag-fr","15":"tag-france","16":"tag-local","17":"tag-news","18":"tag-perros-guirec","19":"tag-rennes","20":"tag-republique-francaise"},"share_on_mastodon":{"url":"https:\/\/pubeurope.com\/@fr\/114994942093935818","error":""},"_links":{"self":[{"href":"https:\/\/www.europesays.com\/fr\/wp-json\/wp\/v2\/posts\/305828","targetHints":{"allow":["GET"]}}],"collection":[{"href":"https:\/\/www.europesays.com\/fr\/wp-json\/wp\/v2\/posts"}],"about":[{"href":"https:\/\/www.europesays.com\/fr\/wp-json\/wp\/v2\/types\/post"}],"author":[{"embeddable":true,"href":"https:\/\/www.europesays.com\/fr\/wp-json\/wp\/v2\/users\/2"}],"replies":[{"embeddable":true,"href":"https:\/\/www.europesays.com\/fr\/wp-json\/wp\/v2\/comments?post=305828"}],"version-history":[{"count":0,"href":"https:\/\/www.europesays.com\/fr\/wp-json\/wp\/v2\/posts\/305828\/revisions"}],"wp:featuredmedia":[{"embeddable":true,"href":"https:\/\/www.europesays.com\/fr\/wp-json\/wp\/v2\/media\/305829"}],"wp:attachment":[{"href":"https:\/\/www.europesays.com\/fr\/wp-json\/wp\/v2\/media?parent=305828"}],"wp:term":[{"taxonomy":"category","embeddable":true,"href":"https:\/\/www.europesays.com\/fr\/wp-json\/wp\/v2\/categories?post=305828"},{"taxonomy":"post_tag","embeddable":true,"href":"https:\/\/www.europesays.com\/fr\/wp-json\/wp\/v2\/tags?post=305828"}],"curies":[{"name":"wp","href":"https:\/\/api.w.org\/{rel}","templated":true}]}}