{"id":305830,"date":"2025-08-08T20:05:11","date_gmt":"2025-08-08T20:05:11","guid":{"rendered":"https:\/\/www.europesays.com\/fr\/305830\/"},"modified":"2025-08-08T20:05:11","modified_gmt":"2025-08-08T20:05:11","slug":"vers-un-derby-fc-metz-strasbourg-avec-les-ultras-des-deux-clubs","status":"publish","type":"post","link":"https:\/\/www.europesays.com\/fr\/305830\/","title":{"rendered":"Vers un derby FC Metz &#8211; Strasbourg avec les ultras des deux clubs ?"},"content":{"rendered":"<p>\t\t\t\t\t259<\/p>\n<p><strong>Alors que la Ligue 1 reprend bient\u00f4t ses droits, nombre de supporters du FC Metz sont encore dans l\u2019incertitude quant \u00e0 la possibilit\u00e9 d\u2019assister \u00e0 la rencontre contre le Racing Club de Strasbourg.<\/strong><\/p>\n<p>Plus que quelques jours avant que les joueurs du <strong>FC Metz<\/strong> ne retrouvent le <strong>stade Saint-Symphorien<\/strong> et son public. Un retour qui se fera en d\u00e9butant la saison contre le rival alsacien et qui aurait d\u00fb \u00eatre une belle f\u00eate, si les deux tribunes Ouest et Est basse n\u2019\u00e9taient pas ferm\u00e9es suite \u00e0 <a href=\"https:\/\/www.lfp.fr\/article\/commission-de-discipline-les-decisions-du-18-juin-2025\" target=\"_blank\" rel=\"noopener\">une d\u00e9cision de la commission de discipline de la LFP<\/a>. <\/p>\n<p>L\u2019organisation de cette rencontre contre le <strong>Racing club de Strasbourg<\/strong> reste donc un casse-t\u00eate pour le club et les autorit\u00e9s, mais la possibilit\u00e9 que les supporters ultras des deux camps puissent assister au match reste d\u2019actualit\u00e9 selon le pr\u00e9fet de Moselle. Ce vendredi 8 ao\u00fbt 2025, <strong>Pascal Bolot<\/strong> a en effet affirm\u00e9 qu\u2019il \u00e9tait \u00ab\u00a0en train d\u2019\u00e9tudier\u00a0\u00bb deux sc\u00e9narios permettant aux groupes de supporters messins d\u2019\u00eatre en tribunes.<\/p>\n<p>\u00ab\u00a0Aucune raison factuelle\u00a0\u00bb d\u2019interdire le d\u00e9placement des ultras du Racing<\/p>\n<p>Sans d\u00e9velopper lesdites possibilit\u00e9s, le pr\u00e9fet a expliqu\u00e9 que plusieurs r\u00e9unions avaient d\u00e9j\u00e0 eu lieu \u00e0 ce sujet. Les ultras du <strong>RC Strasbourg<\/strong> vont, sans aucun doute, \u00eatre de la partie : \u00ab\u00a0Il n\u2019y a pas de raison logique, r\u00e9glementaire, factuelle\u00a0\u00bb d\u2019interdire leur d\u00e9placement, assure <strong>Pascal Bolot<\/strong>. Leur d\u00e9placement sera plac\u00e9 sous bonne escorte depuis l\u2019Alsace.<\/p>\n<p>Reste \u00e0 savoir quelle est la solution pour les supporters de la <strong>Horda Fr\u00e9n\u00e9tik<\/strong> et de la <strong>Gruppa<\/strong>, <a href=\"https:\/\/letsgometz.com\/les-ultras-du-fc-metz-non-replaces-pour-les-matchs-contre-strasbourg-et-angers\/\" target=\"_blank\" rel=\"noopener\">qui ont d\u00e9nonc\u00e9 la d\u00e9cision de fermer leurs zones de pr\u00e9sence pour deux matchs ferme dans un communiqu\u00e9 commun<\/a>. Le but : \u00e9viter d\u2019avoir des supporters messins \u00ab\u00a0devant [le stade], d\u2019une certaine mani\u00e8re d\u00e9s\u0153uvr\u00e9s, qui voient le match\u00a0\u00bb.<\/p>\n<p>Le pr\u00e9fet, qui a confi\u00e9 que l\u2019un des sc\u00e9narios sur la table devait \u00eatre \u00ab\u00a0retravaill\u00e9\u00a0\u00bb, attend les derni\u00e8res propositions du club et qu\u2019il jugera en fonction de celles-ci pour prendre sa d\u00e9cision, qui devrait intervenir en d\u00e9but de semaine prochaine. Seule certitude : des renforts policiers seront amen\u00e9s en Moselle pour assurer la s\u00e9curit\u00e9 autour de cette rencontre.<\/p>\n","protected":false},"excerpt":{"rendered":"259 Alors que la Ligue 1 reprend bient\u00f4t ses droits, nombre de supporters du FC Metz sont encore&hellip;\n","protected":false},"author":2,"featured_media":305831,"comment_status":"","ping_status":"","sticky":false,"template":"","format":"standard","meta":{"footnotes":""},"categories":[2820],"tags":[34996,1111,11,1777,674,8113,1011,27,775,66,12,8708,25,44584,640,10221],"class_list":{"0":"post-305830","1":"post","2":"type-post","3":"status-publish","4":"format-standard","5":"has-post-thumbnail","7":"category-strasbourg","8":"tag-2025-2026","9":"tag-actu","10":"tag-actualites","11":"tag-eu","12":"tag-europe","13":"tag-fc-metz","14":"tag-fr","15":"tag-france","16":"tag-grand-est","17":"tag-ligue-1","18":"tag-news","19":"tag-racing-club-de-strasbourg","20":"tag-republique-francaise","21":"tag-stade-saint-symphorien","22":"tag-strasbourg","23":"tag-supporters"},"share_on_mastodon":{"url":"https:\/\/pubeurope.com\/@fr\/114994945960134377","error":""},"_links":{"self":[{"href":"https:\/\/www.europesays.com\/fr\/wp-json\/wp\/v2\/posts\/305830","targetHints":{"allow":["GET"]}}],"collection":[{"href":"https:\/\/www.europesays.com\/fr\/wp-json\/wp\/v2\/posts"}],"about":[{"href":"https:\/\/www.europesays.com\/fr\/wp-json\/wp\/v2\/types\/post"}],"author":[{"embeddable":true,"href":"https:\/\/www.europesays.com\/fr\/wp-json\/wp\/v2\/users\/2"}],"replies":[{"embeddable":true,"href":"https:\/\/www.europesays.com\/fr\/wp-json\/wp\/v2\/comments?post=305830"}],"version-history":[{"count":0,"href":"https:\/\/www.europesays.com\/fr\/wp-json\/wp\/v2\/posts\/305830\/revisions"}],"wp:featuredmedia":[{"embeddable":true,"href":"https:\/\/www.europesays.com\/fr\/wp-json\/wp\/v2\/media\/305831"}],"wp:attachment":[{"href":"https:\/\/www.europesays.com\/fr\/wp-json\/wp\/v2\/media?parent=305830"}],"wp:term":[{"taxonomy":"category","embeddable":true,"href":"https:\/\/www.europesays.com\/fr\/wp-json\/wp\/v2\/categories?post=305830"},{"taxonomy":"post_tag","embeddable":true,"href":"https:\/\/www.europesays.com\/fr\/wp-json\/wp\/v2\/tags?post=305830"}],"curies":[{"name":"wp","href":"https:\/\/api.w.org\/{rel}","templated":true}]}}