{"id":305832,"date":"2025-08-08T20:06:21","date_gmt":"2025-08-08T20:06:21","guid":{"rendered":"https:\/\/www.europesays.com\/fr\/305832\/"},"modified":"2025-08-08T20:06:21","modified_gmt":"2025-08-08T20:06:21","slug":"molsheim-le-racing-club-de-strasbourg-alsace-offre-une-cure-de-jouvence-aux-pelouses-du-stadium","status":"publish","type":"post","link":"https:\/\/www.europesays.com\/fr\/305832\/","title":{"rendered":"Molsheim. Le Racing club de Strasbourg Alsace offre une cure de jouvence aux pelouses du\u00a0Stadium"},"content":{"rendered":"<p>Depuis quelques saisons, l\u2019Entente sportive Molsheim\/Ernolsheim (Esme) entretient un partenariat avec le Racing club de Strasbourg Alsace, l\u2019\u00e9quipe r\u00e9serve du Racing y disputant de temps \u00e0 autre ses rencontres de championnat de National 3. \u00c0 la rentr\u00e9e, le partenariat passe \u00e0 la vitesse sup\u00e9rieure. Cons\u00e9quences des travaux de r\u00e9am\u00e9nagement du Stade de la Meinau, le club Strasbourgeois a trouv\u00e9 une solution de repli provisoire pour son \u00e9quipe f\u00e9minine (D1 Arkema) et son \u00e9quipe II du c\u00f4t\u00e9 de Molsheim, o\u00f9 le Stadium r\u00e9pondait aux attentes des dirigeants.<\/p>\n<p>Une d\u00e9cision qui n\u00e9cessitait toutefois une am\u00e9lioration des installations, le terrain d\u2019honneur ne r\u00e9pondant pas aux normes impos\u00e9es par la f\u00e9d\u00e9ration. \u00ab\u00a0L\u2019id\u00e9e consiste \u00e0 ce que les filles en&#8230;<\/p>\n","protected":false},"excerpt":{"rendered":"Depuis quelques saisons, l\u2019Entente sportive Molsheim\/Ernolsheim (Esme) entretient un partenariat avec le Racing club de Strasbourg Alsace, l\u2019\u00e9quipe&hellip;\n","protected":false},"author":2,"featured_media":305833,"comment_status":"","ping_status":"","sticky":false,"template":"","format":"standard","meta":{"footnotes":""},"categories":[2820],"tags":[1111,11,24625,1777,674,107,63,1011,27,775,24623,12,43577,41281,25,24624,517,640],"class_list":{"0":"post-305832","1":"post","2":"type-post","3":"status-publish","4":"format-standard","5":"has-post-thumbnail","7":"category-strasbourg","8":"tag-actu","9":"tag-actualites","10":"tag-edition-molsheim-obernai","11":"tag-eu","12":"tag-europe","13":"tag-fil-info","14":"tag-football","15":"tag-fr","16":"tag-france","17":"tag-grand-est","18":"tag-molsheim","19":"tag-news","20":"tag-racing-club-strasbourg-feminin","21":"tag-racing-club-strasbourg-masculin","22":"tag-republique-francaise","23":"tag-secteur-de-molsheim","24":"tag-sport","25":"tag-strasbourg"},"share_on_mastodon":{"url":"https:\/\/pubeurope.com\/@fr\/114994949893904275","error":""},"_links":{"self":[{"href":"https:\/\/www.europesays.com\/fr\/wp-json\/wp\/v2\/posts\/305832","targetHints":{"allow":["GET"]}}],"collection":[{"href":"https:\/\/www.europesays.com\/fr\/wp-json\/wp\/v2\/posts"}],"about":[{"href":"https:\/\/www.europesays.com\/fr\/wp-json\/wp\/v2\/types\/post"}],"author":[{"embeddable":true,"href":"https:\/\/www.europesays.com\/fr\/wp-json\/wp\/v2\/users\/2"}],"replies":[{"embeddable":true,"href":"https:\/\/www.europesays.com\/fr\/wp-json\/wp\/v2\/comments?post=305832"}],"version-history":[{"count":0,"href":"https:\/\/www.europesays.com\/fr\/wp-json\/wp\/v2\/posts\/305832\/revisions"}],"wp:featuredmedia":[{"embeddable":true,"href":"https:\/\/www.europesays.com\/fr\/wp-json\/wp\/v2\/media\/305833"}],"wp:attachment":[{"href":"https:\/\/www.europesays.com\/fr\/wp-json\/wp\/v2\/media?parent=305832"}],"wp:term":[{"taxonomy":"category","embeddable":true,"href":"https:\/\/www.europesays.com\/fr\/wp-json\/wp\/v2\/categories?post=305832"},{"taxonomy":"post_tag","embeddable":true,"href":"https:\/\/www.europesays.com\/fr\/wp-json\/wp\/v2\/tags?post=305832"}],"curies":[{"name":"wp","href":"https:\/\/api.w.org\/{rel}","templated":true}]}}