{"id":305837,"date":"2025-08-08T20:09:56","date_gmt":"2025-08-08T20:09:56","guid":{"rendered":"https:\/\/www.europesays.com\/fr\/305837\/"},"modified":"2025-08-08T20:09:56","modified_gmt":"2025-08-08T20:09:56","slug":"vacances-voici-comment-ma-soeur-et-moi-on-sinventait-du-bonheur-pendant-nos-etes-a","status":"publish","type":"post","link":"https:\/\/www.europesays.com\/fr\/305837\/","title":{"rendered":"Vacances. \u00ab\u00a0Voici comment, ma s\u0153ur et moi, on s\u2019inventait du bonheur pendant nos \u00e9t\u00e9s \u00e0"},"content":{"rendered":"<p>Quel est votre plus beau souvenir de vacances\u00a0? Annick Vall\u00e9e-Le P\u00e9v\u00e9dic (Ille-et-Vilaine) a r\u00e9pondu \u00e0 notre appel \u00e0 t\u00e9moignages, dans le cadre de notre rubrique \u00ab\u00a0Courrier des lectrices et des lecteurs\u00a0\u00bb. Voici son histoire\u2026<\/p>\n<p>\u00ab\u00a0C\u2019\u00e9tait \u00e0 la fin des ann\u00e9es 1940. Chaque \u00e9t\u00e9 nous ramenait, ma s\u0153ur et moi, chez nos grands-parents. Ils avaient la chance, pour nous, d\u2019habiter une maison au bord de la mer. Comme les enfants privil\u00e9gi\u00e9s, nous aussi, nous passions nos vacances \u00e0 \u00c9tretat (Seine-Maritime), c\u00e9l\u00e8bre station baln\u00e9aire. Notre c\u00e9l\u00e9brit\u00e9 s\u2019arr\u00eatait l\u00e0\u00a0! Nos parents ne jouaient pas au tennis ni au golf et ne fr\u00e9quentaient pas le casino\u00a0! Bien que le p\u00e8re de ma grand-m\u00e8re s\u2019appel\u00e2t S\u00e9nateur et fut entrepreneur de ma\u00e7onnerie.\u00a0Papa travaillant aux Chemins de Fer, le voyage Bretagne-Normandie \u00e9tait gratuit.<\/p>\n<p>Face aux enfants g\u00e2t\u00e9s d\u2019aujourd\u2019hui, je garde \u00e0 jamais dans ma m\u00e9moire des souvenirs de vacances merveilleuses, sans luxe. Et pourtant, qu\u2019elles \u00e9taient belles ces journ\u00e9es\u00a0! Il suffisait que nous b\u00e2tissions un univers de r\u00eave pour \u00eatre heureuses. Les enfants savent cr\u00e9er le bonheur.<\/p>\n<p><strong>Lire aussi\u00a0:<\/strong>\u00a0<a href=\"https:\/\/larochesuryon.maville.com\/actu\/actudet_-vacances.-la-garde-des-vaches-au-pied-du-viaduc-c-etait-bien-mieux-que-la-plage-_15-6921481_actu.Htm\" target=\"_blank\" rel=\"nofollow noopener\">Vacances. \u00ab\u00a0La garde des vaches au pied du viaduc, c\u2019\u00e9tait bien mieux que la plage\u00a0!\u00a0\u00bb<\/a><\/p>\n<p>\u00ab\u00a0Des apr\u00e8s-midi \u00e0 tailler la garde-robe de mes poup\u00e9es\u00a0\u00bb<\/p>\n<p>Grand-m\u00e8re, ancienne couturi\u00e8re, nous confectionnait des poup\u00e9es en chiffon. Les yeux, le nez, la bouche \u00e9taient difficiles \u00e0 r\u00e9aliser. Peu importe, nous les aimions bien ces poup\u00e9es\u00a0; des \u00ab\u00a0to\u00ebnes\u00a0\u00bb, comme disait grand-m\u00e8re dans son patois normand. Faites en tissus rose p\u00e2le, imitant la peau, il nous restait \u00e0 les habiller. Couturi\u00e8re en herbe, mod\u00e9liste, styliste\u2026 Moi, l\u2019a\u00een\u00e9e, je cr\u00e9ais, r\u00e9cup\u00e9rant tous les morceaux de tissus que je trouvais.<\/p>\n<p>Je passais des apr\u00e8s-midi entiers, au soleil, assise sur le banc de bois vert devant la maison, \u00e0 essayer de tailler une garde-robe. Je me souviens encore de ma technique\u00a0: prenez un rectangle dans le sens de la longueur, laissez assez large pour le devant de la robe, repliez le reste de tissu dans le dos en croisant pour fermer, puis coupez deux trous pour passer les bras de la poup\u00e9e, un l\u00e9ger arrondi pour l\u2019encolure et pour la fermeture, une ceinture avec un joli ruban.<\/p>\n<p>Pas de berceau, pas de landau, ces jouets \u00e9taient rest\u00e9s en Bretagne. Des bo\u00eetes en carton faisant fort bien notre affaire\u00a0: le fond servait de lit, le couvercle pos\u00e9 en hauteur et embo\u00eet\u00e9 dans la nacelle formait la capote du landau, un morceau de voile, un vieux rideau prot\u00e9geait la poup\u00e9e contre les mouches. Un trou perc\u00e9 \u00e0 l\u2019avant du \u00ab\u00a0landau\u00a0\u00bb, une ficelle tir\u00e9e et nous pouvions m\u00eame promener nos b\u00e9b\u00e9s\u00a0!<\/p>\n<p><strong>Lire aussi\u00a0:<\/strong>\u00a0<a href=\"https:\/\/rennes.maville.com\/sport\/detail_--on-vivait-l-instant-present-bien-avant-blablacar-l-epopee-de-deux-bretons-jusqu-a-amsterdam-_7-6923365_actu.Htm\" target=\"_blank\" rel=\"nofollow noopener\">\u00ab\u00a0On vivait l\u2019instant pr\u00e9sent\u00a0\u00bb\u00a0: bien avant BlaBlaCar, l\u2019\u00e9pop\u00e9e de deux Bretons jusqu\u2019\u00e0 Amsterdam<\/a><\/p>\n<p>\t<img decoding=\"async\" src=\"https:\/\/www.europesays.com\/fr\/wp-content\/uploads\/2025\/08\/P35394462D6927428G_px_640_.jpg\" alt=\"photo \u00ab\u00a0grand-m\u00e8re, ancienne couturi\u00e8re, nous confectionnait des poup\u00e9es en chiffon.\u00a0\u00bb photo d\u2019illustration.  \u00a9  getty images\" width=\"640\" title=\" \u00ab\u00a0Grand-m\u00e8re, ancienne couturi\u00e8re, nous confectionnait des poup\u00e9es en chiffon.\u00a0\u00bb Photo d\u2019illustration.   Getty Images \"\/><\/p>\n<p class=\"elmt-legende\"> \u00ab\u00a0Grand-m\u00e8re, ancienne couturi\u00e8re, nous confectionnait des poup\u00e9es en chiffon.\u00a0\u00bb Photo d\u2019illustration.   Getty Images <\/p>\n<p>\u00ab\u00a0Des boutiques \u00e9ph\u00e9m\u00e8res dans des rouleaux\u00a0\u00bb<\/p>\n<p>Quand il faisait moins beau, m\u00eame s\u2019il pleuvait, car nous y \u00e9tions \u00e0 l\u2019abri, Elyane et moi allions nous r\u00e9fugier dans \u00ab\u00a0nos rouleaux\u00a0\u00bb. C\u2019\u00e9tait d\u2019immenses tuyaux d\u2019\u00e9gouts en ciment, assez longs et au diam\u00e8tre assez grand puisque nous nous y tenions assises. Ces rouleaux \u00e9taient abandonn\u00e9s au fond du jardin et servaient de cl\u00f4ture avec un entrep\u00f4t de ma\u00e7onnerie. Au fond des rouleaux, une ou plusieurs planches mises en travers du cercle, elles servaient d\u2019\u00e9tag\u00e8res \u00e0 nos \u00ab\u00a0produits\u00a0\u00bb de vente\u00a0: tant\u00f4t \u00ab\u00a0bar\u00a0\u00bb, tant\u00f4t \u00ab\u00a0\u00e9picerie\u00a0\u00bb ou \u00ab\u00a0p\u00e2tisserie\u00a0\u00bb.<\/p>\n<p>De toute fa\u00e7on, ma s\u0153ur et moi avions chacune \u00ab\u00a0notre rouleau\u00a0\u00bb, puisqu\u2019il y en avait bien une dizaine. Ainsi, nous avions le choix pour \u00ab\u00a0habiter\u00a0\u00bb et d\u00e9corer nos \u00ab\u00a0boutiques\u00a0\u00bb. Flacons, petites bouteilles dans lesquelles je versais une goutte de peinture rose pour la grenadine, verte pour de la menthe \u00e0 l\u2019eau\u2026 Je fouillais, je fouinais dans le garage, dans le local jardinage de grand-p\u00e8re, dans le grenier, \u00e0 la recherche de tr\u00e9sors pour nos magasins, me faisant gronder quand je touchais aux pots de peinture\u00a0!<\/p>\n<p>Les papiers dor\u00e9s, les papiers transparents rouges, verts, jaunes, conserv\u00e9s quand nous avions mang\u00e9 des bonbons, enveloppaient de petits cailloux. Nous proposions ainsi \u00e0 la client\u00e8le des bocaux de friandises. Herbes, coquillages, grappes de sureau, fleurs, gadelles, cassis, s\u2019empilaient sur nos \u00e9tag\u00e8res\u2026 Les clients\u00a0? Grand-p\u00e8re, grand-m\u00e8re, maman, papa, les oncles, des tantes quand ces derniers venaient en visite.<\/p>\n<p><strong>Lire aussi\u00a0:<\/strong>\u00a0<a href=\"https:\/\/lessablesdolonne.maville.com\/actu\/actudet_--ce-jour-ou-un-camping-a-envahi-notre-foret-d-enfance-ce-royaume-interdit-aux-grands-_52740-6891055_actu.Htm\" target=\"_blank\" rel=\"nofollow noopener\">\u00ab\u00a0Ce jour o\u00f9 un camping a envahi notre for\u00eat d\u2019enfance, ce royaume interdit aux grands\u00a0\u00bb<\/a><\/p>\n<p>\u00ab\u00a0Je faisais du ski\u2026 sur des tas de sable\u00a0!\u00a0\u00bb<\/p>\n<p>Quand l\u2019envie nous prenait, un regard \u00e0 gauche, un regard \u00e0 droite, personne en vue, nous franchissions la barri\u00e8re des tuyaux et nous partions aux sports d\u2019hiver faire du ski sur les tas de sable de l\u2019entreprise (pas d\u2019ouvrier, ce n\u2019\u00e9tait qu\u2019un d\u00e9p\u00f4t). Souvent, ma s\u0153ur me regardait. J\u2019\u00e9tais intr\u00e9pide, imaginative, certes\u00a0! J\u2019escaladais les hauts tas de sable et, de leurs sommets, je me laissais glisser\u00a0: je skiais\u00a0! La t\u00e9l\u00e9vision \u00e9tait inconnue chez nous (nous \u00e9tions en 1947) et je n\u2019\u00e9tais jamais all\u00e9e \u00e0 la montagne. J\u2019avais d\u00fb entendre parler de ski \u00e0 l\u2019\u00e9cole, en voir sur des livres\u00a0? Mon imagination me faisait partir \u00e0 la neige sous le ciel normand.<\/p>\n<p>Une fois, j\u2019ai furet\u00e9 dans l\u2019entrep\u00f4t, qui \u00e9tait toujours ouvert, sans porte d\u2019ailleurs. Parmi la sciure, j\u2019ai r\u00e9cup\u00e9r\u00e9 quelques petits morceaux de bois, des d\u00e9chets qui ne servaient \u00e0 rien, sauf \u00e0 moi, l\u2019inventive, qui a voulu fabriquer des bateaux.\u00a0Pas tr\u00e8s experte, je clouais, comme je pouvais, les morceaux de planches, les d\u00e9chets de charpente. J\u2019assemblais, je pointais, je vissais, j\u2019ai alors pos\u00e9 un m\u00e2t et des voiles venant de draps us\u00e9s, un coup de peinture en cachette, quand je pouvais me risquer \u00e0 ouvrir une vieille bo\u00eete et ce travail artisanal me comblait de joie.\u00a0Restait la mise \u00e0 l\u2019eau, ou le naufrage, dans le bac de r\u00e9serve d\u2019eau de pluie.<\/p>\n<p>Fabriquer ses jouets, quand on en poss\u00e8de peu. S\u2019inventer du bonheur, quoi de plus merveilleux\u00a0!<\/p>\n<p>Elle est loin ma Normandie\u2026 Mes chers grands-parents ne sont plus mais il reste ce qu\u2019ils m\u2019ont donn\u00e9 et des souvenirs que je n\u2019ai jamais oubli\u00e9s, que j\u2019ai transmis \u00e0 mes enfants, mes petits-enfants. On ne meurt pas, les souvenirs nous font rester vivants.\u00a0\u00bb<\/p>\n<p>Et vous, quel est votre plus beau souvenir de vacances\u00a0? Racontez-nous via notre <a href=\"https:\/\/rennes.maville.com\/actu\/actudet_-quelles-ont-ete-vos-plus-belles-vacances-partagez-nous-vos-souvenirs-_54028-6762432_actu.Htm\" target=\"_blank\" rel=\"nofollow noopener\">formulaire en ligne<\/a> ou par courriel \u00e0 courrierdeslecteurs@ouest-france.fr<\/p>\n<p>\u00a0<\/p>\n","protected":false},"excerpt":{"rendered":"Quel est votre plus beau souvenir de vacances\u00a0? Annick Vall\u00e9e-Le P\u00e9v\u00e9dic (Ille-et-Vilaine) a r\u00e9pondu \u00e0 notre appel \u00e0&hellip;\n","protected":false},"author":2,"featured_media":305838,"comment_status":"","ping_status":"","sticky":false,"template":"","format":"standard","meta":{"footnotes":""},"categories":[2818],"tags":[1111,11,9136,44586,44587,1777,674,1011,27,44585,766,12,2636,584,25,11489,2528],"class_list":{"0":"post-305837","1":"post","2":"type-post","3":"status-publish","4":"format-standard","5":"has-post-thumbnail","7":"category-nantes","8":"tag-actu","9":"tag-actualites","10":"tag-bonheur","11":"tag-etes","12":"tag-etretat","13":"tag-eu","14":"tag-europe","15":"tag-fr","16":"tag-france","17":"tag-inventait","18":"tag-nantes","19":"tag-news","20":"tag-pays-de-la-loire","21":"tag-rennes","22":"tag-republique-francaise","23":"tag-ur","24":"tag-vacances"},"share_on_mastodon":{"url":"https:\/\/pubeurope.com\/@fr\/114994965607135796","error":""},"_links":{"self":[{"href":"https:\/\/www.europesays.com\/fr\/wp-json\/wp\/v2\/posts\/305837","targetHints":{"allow":["GET"]}}],"collection":[{"href":"https:\/\/www.europesays.com\/fr\/wp-json\/wp\/v2\/posts"}],"about":[{"href":"https:\/\/www.europesays.com\/fr\/wp-json\/wp\/v2\/types\/post"}],"author":[{"embeddable":true,"href":"https:\/\/www.europesays.com\/fr\/wp-json\/wp\/v2\/users\/2"}],"replies":[{"embeddable":true,"href":"https:\/\/www.europesays.com\/fr\/wp-json\/wp\/v2\/comments?post=305837"}],"version-history":[{"count":0,"href":"https:\/\/www.europesays.com\/fr\/wp-json\/wp\/v2\/posts\/305837\/revisions"}],"wp:featuredmedia":[{"embeddable":true,"href":"https:\/\/www.europesays.com\/fr\/wp-json\/wp\/v2\/media\/305838"}],"wp:attachment":[{"href":"https:\/\/www.europesays.com\/fr\/wp-json\/wp\/v2\/media?parent=305837"}],"wp:term":[{"taxonomy":"category","embeddable":true,"href":"https:\/\/www.europesays.com\/fr\/wp-json\/wp\/v2\/categories?post=305837"},{"taxonomy":"post_tag","embeddable":true,"href":"https:\/\/www.europesays.com\/fr\/wp-json\/wp\/v2\/tags?post=305837"}],"curies":[{"name":"wp","href":"https:\/\/api.w.org\/{rel}","templated":true}]}}