{"id":305851,"date":"2025-08-08T20:17:12","date_gmt":"2025-08-08T20:17:12","guid":{"rendered":"https:\/\/www.europesays.com\/fr\/305851\/"},"modified":"2025-08-08T20:17:12","modified_gmt":"2025-08-08T20:17:12","slug":"mercato-lille-un-lateral-gauche-francais-arrive-du-betis-seville","status":"publish","type":"post","link":"https:\/\/www.europesays.com\/fr\/305851\/","title":{"rendered":"Mercato Lille\u00a0: un lat\u00e9ral gauche Fran\u00e7ais arrive du Betis S\u00e9ville"},"content":{"rendered":"<p class=\"paragraph text_align_left lp-f-body-02\">Le LOSC a officialis\u00e9 ce vendredi l\u2019arriv\u00e9e du lat\u00e9ral gauche Fran\u00e7ais Romain Perraud, en provenance du Betis S\u00e9ville. Les deux clubs sont parvenus \u00e0 trouver un accord \u00e0 hauteur de 3 millions pour trois saisons. Une somme qui pourrait atteindre les 3,5 millions avec bonus.<\/p>\n<p class=\"paragraph text_align_left lp-f-body-02\">En disette sur le c\u00f4t\u00e9 gauche, le Fran\u00e7ais de 27 ans va renforcer un secteur appauvri par les d\u00e9parts d\u2019Ismaily (fin de contrat), Mitchell Becker (retour de pr\u00eat \u00e0 l\u2019Atalanta Bergame) et Gabriel Gudmunsson (vendu \u00e0 Leeds). Jusqu\u2019ici, Vincent Burlet (19 ans) \u00e9tait la seule pi\u00e8ce de ce c\u00f4t\u00e9 gauche.<\/p>\n<blockquote class=\"twitter-tweet\">\n<p lang=\"fr\" dir=\"ltr\">Un nouveau d\u00e9fenseur d\u00e9barque au LOSC\u202f! Romain Perraud (27 ans) s\u2019est engag\u00e9 avec le Club pour une dur\u00e9e de 3 saisons. Le lat\u00e9ral gauche du Real Betis, pass\u00e9 notamment par Nice, Brest et Southampton, sera Lillois jusqu\u2019en 2028 \u270d\ufe0f<\/p>\n<p>Le communiqu\u00e9 \u27a1\ufe0f <a href=\"https:\/\/t.co\/g3cAkQNNCt\" rel=\"nofollow\">https:\/\/t.co\/g3cAkQNNCt<\/a><\/p>\n<p>Bon\u2026 <a href=\"https:\/\/t.co\/OGwCEeuI0s\" rel=\"nofollow\">pic.twitter.com\/OGwCEeuI0s<\/a><\/p>\n<p>\u2014 LOSC (@losclive) <a href=\"https:\/\/twitter.com\/losclive\/status\/1953894988745781348?ref_src=twsrc%5Etfw\" rel=\"nofollow noopener\" target=\"_blank\">August 8, 2025<\/a><\/p><\/blockquote>\n<p class=\"paragraph text_align_left lp-f-body-02\">Romain Perraud a disput\u00e9 42 rencontres en Liga. Il signe son retour en <a href=\"https:\/\/www.leparisien.fr\/sports\/football\/ligue-1\/\" target=\"_self\" rel=\"nofollow noopener\">Ligue 1<\/a> puisqu\u2019il a d\u00e9j\u00e0 \u00e9volu\u00e9 dans deux clubs fran\u00e7ais : \u00e0 Nice de 2017 \u00e0 2019 puis de 2023 \u00e0 2024 et \u00e0 Brest de 2019 \u00e0 2021.<\/p>\n<p class=\"paragraph text_align_left lp-f-body-02\">\u00ab Je suis tr\u00e8s heureux d\u2019\u00eatre Lillois, a-t-il indiqu\u00e9 dans un communiqu\u00e9 du club. Ce projet m\u2019a toujours int\u00e9ress\u00e9 et je suis content qu\u2019il se concr\u00e9tise aujourd\u2019hui. Il me tarde de commencer \u00e0 m\u2019entra\u00eener et \u00e0 jouer avec ma nouvelle \u00e9quipe. J\u2019ai depuis longtemps concernant le LOSC l\u2019image d\u2019un grand club, des ann\u00e9es au Stadium jusqu\u2019\u00e0 aujourd\u2019hui. J\u2019arrive ici avec la volont\u00e9 de tout donner, d\u2019apporter ma g\u00e9n\u00e9rosit\u00e9, mon humilit\u00e9 et mon travail. Partout o\u00f9 je suis pass\u00e9, j\u2019ai eu, je pense, l\u2019image d\u2019un joueur fiable et je fais tout faire pour que ce soit aussi le cas ici au LOSC. \u00bb <\/p>\n<p class=\"paragraph text_align_left lp-f-body-02\">Le lat\u00e9ral gauche devrait se rendre \u00e0 Londres avec les Lillois pour affronter West Ham ce samedi (16h).<\/p>\n<p><script async src=\"https:\/\/platform.twitter.com\/widgets.js\" charset=\"utf-8\"><\/script><\/p>\n","protected":false},"excerpt":{"rendered":"Le LOSC a officialis\u00e9 ce vendredi l\u2019arriv\u00e9e du lat\u00e9ral gauche Fran\u00e7ais Romain Perraud, en provenance du Betis S\u00e9ville.&hellip;\n","protected":false},"author":2,"featured_media":305852,"comment_status":"","ping_status":"","sticky":false,"template":"","format":"standard","meta":{"footnotes":""},"categories":[2815],"tags":[1111,11,1777,674,63,1011,27,811,66,1307,12,25,60],"class_list":{"0":"post-305851","1":"post","2":"type-post","3":"status-publish","4":"format-standard","5":"has-post-thumbnail","7":"category-lille","8":"tag-actu","9":"tag-actualites","10":"tag-eu","11":"tag-europe","12":"tag-football","13":"tag-fr","14":"tag-france","15":"tag-hauts-de-france","16":"tag-ligue-1","17":"tag-lille","18":"tag-news","19":"tag-republique-francaise","20":"tag-sports"},"share_on_mastodon":{"url":"https:\/\/pubeurope.com\/@fr\/114994993174713332","error":""},"_links":{"self":[{"href":"https:\/\/www.europesays.com\/fr\/wp-json\/wp\/v2\/posts\/305851","targetHints":{"allow":["GET"]}}],"collection":[{"href":"https:\/\/www.europesays.com\/fr\/wp-json\/wp\/v2\/posts"}],"about":[{"href":"https:\/\/www.europesays.com\/fr\/wp-json\/wp\/v2\/types\/post"}],"author":[{"embeddable":true,"href":"https:\/\/www.europesays.com\/fr\/wp-json\/wp\/v2\/users\/2"}],"replies":[{"embeddable":true,"href":"https:\/\/www.europesays.com\/fr\/wp-json\/wp\/v2\/comments?post=305851"}],"version-history":[{"count":0,"href":"https:\/\/www.europesays.com\/fr\/wp-json\/wp\/v2\/posts\/305851\/revisions"}],"wp:featuredmedia":[{"embeddable":true,"href":"https:\/\/www.europesays.com\/fr\/wp-json\/wp\/v2\/media\/305852"}],"wp:attachment":[{"href":"https:\/\/www.europesays.com\/fr\/wp-json\/wp\/v2\/media?parent=305851"}],"wp:term":[{"taxonomy":"category","embeddable":true,"href":"https:\/\/www.europesays.com\/fr\/wp-json\/wp\/v2\/categories?post=305851"},{"taxonomy":"post_tag","embeddable":true,"href":"https:\/\/www.europesays.com\/fr\/wp-json\/wp\/v2\/tags?post=305851"}],"curies":[{"name":"wp","href":"https:\/\/api.w.org\/{rel}","templated":true}]}}