{"id":30586,"date":"2025-04-17T02:38:09","date_gmt":"2025-04-17T02:38:09","guid":{"rendered":"https:\/\/www.europesays.com\/fr\/30586\/"},"modified":"2025-04-17T02:38:09","modified_gmt":"2025-04-17T02:38:09","slug":"comment-musk-voit-son-role-de-pere","status":"publish","type":"post","link":"https:\/\/www.europesays.com\/fr\/30586\/","title":{"rendered":"comment Musk voit son r\u00f4le de p\u00e8re"},"content":{"rendered":"<p>L&rsquo;intelligence artificielle, les voitures autonomes, <a class=\"link \" href=\"https:\/\/www.lepoint.fr\/science\/elon-musk-reve-t-il-en-voulant-envoyer-l-homme-sur-mars-16-03-2025-2584852_25.php\" rel=\"nofollow noopener\" target=\"_blank\" data-ylk=\"slk:la colonisation de Mars;elm:context_link;itc:0;sec:content-canvas\">la colonisation de Mars<\/a>\u2026 Il est tout un tas de sujets qui occupent l&rsquo;esprit d&rsquo;Elon Musk. Mais le dirigeant de Tesla a une autre obsession\u00a0: la natalit\u00e9. L&rsquo;homme le plus riche du monde, <a class=\"link \" href=\"https:\/\/www.lepoint.fr\/societe\/elon-musk-est-pere-d-un-nouveau-garcon-son-quatorzieme-enfant-01-03-2025-2583634_23.php\" rel=\"nofollow noopener\" target=\"_blank\" data-ylk=\"slk:p\u00e8re de plus d&#039;une douzaine d&#039;enfants,;elm:context_link;itc:0;sec:content-canvas\">p\u00e8re de plus d&rsquo;une douzaine d&rsquo;enfants,<\/a> doit g\u00e9rer en parall\u00e8le ses entreprises et sa relation privil\u00e9gi\u00e9e au pr\u00e9sident am\u00e9ricain Donald Trump. Avec son cercle familial, il a d\u00e9velopp\u00e9 une organisation millim\u00e9tr\u00e9e et parfois \u00e9tonnante.<\/p>\n<p>Selon le\u00a0<a class=\"link \" href=\"https:\/\/www.wsj.com\/politics\/elon-musk-children-mothers-ashley-st-clair-grimes-dc7ba05c?mod=hp_trendingnow_article_pos1\" rel=\"nofollow noopener\" target=\"_blank\" data-ylk=\"slk:Wall Street Journal;elm:context_link;itc:0;sec:content-canvas\">Wall Street Journal<\/a>, il n&rsquo;h\u00e9site par exemple pas \u00e0 interagir directement sur son r\u00e9seau social X, avec des inconnus. Par message priv\u00e9, il n&rsquo;h\u00e9site pas \u00e0 les solliciter directement pour porter ses enfants.\u00a0L&rsquo;influenceuse en cryptomonnaies Tiffany Fong a par exemple \u00e9t\u00e9 la r\u00e9cipiendaire de ce type de messages, sans jamais qu&rsquo;ils ne se soient rencontr\u00e9s en personne.<\/p>\n<p>\u00c0 LIRE AUSSI <strong class=\"strong\"><a href=\"https:\/\/www.lepoint.fr\/monde\/l-amerique-a-besoin-que-tu-grandisses-elon-musk-sermonne-par-ashley-st-clair-02-04-2025-2586348_24.php\" rel=\"nofollow noopener\" target=\"_blank\" data-ylk=\"slk:\u00ab\u00a0L&#039;Am\u00e9rique a besoin que tu grandisses\u00a0\u00bb\u00a0: Musk sermonn\u00e9 par une ex-compagne;elm:context_link;itc:0;sec:content-canvas\" class=\"link \">\u00ab\u00a0L&rsquo;Am\u00e9rique a besoin que tu grandisses\u00a0\u00bb\u00a0: Musk sermonn\u00e9 par une ex-compagne<\/a><\/strong>Selon <a class=\"link \" href=\"https:\/\/www.lepoint.fr\/monde\/une-influenceuse-conservatrice-assure-etre-la-mere-du-13e-enfant-d-elon-musk-17-02-2025-2582559_24.php\" rel=\"nofollow noopener\" target=\"_blank\" data-ylk=\"slk:Ashley Saint-Clair, une influenceuse de droite;elm:context_link;itc:0;sec:content-canvas\">Ashley Saint-Clair, une influenceuse de droite<\/a> qui entend prouver qu&rsquo;Elon Musk est le p\u00e8re de son nouveau-n\u00e9, le patron de SpaceX use notamment de sa richesse pour acheter le silence de certaines femmes qui ont port\u00e9 ses enfants. Car si certaines des m\u00e8res sont connues (la chanteuse Grimes, l&#8217;employ\u00e9e de Neuralink Shivon Zilis\u2026), d&rsquo;autres sont condamn\u00e9es par l&rsquo;entrepreneur \u00e0 rester dans l&rsquo;ombre.<\/p>\n<p>\u00ab\u00a0Atteindre le niveau l\u00e9gionnaire avant l&rsquo;Apocalypse\u00a0\u00bb<\/p>\n<p>Elon Musk a par exemple offert quinze millions de dollars et cent mille dollars par m [&#8230;] <a href=\"https:\/\/www.lepoint.fr\/monde\/une-legion-d-enfants-d-une-intelligence-superieure-comment-musk-voit-son-role-de-pere-16-04-2025-2587532_24.php\" rel=\"nofollow noopener\" target=\"_blank\" data-ylk=\"slk:Lire la suite;elm:context_link;itc:0;sec:content-canvas\" class=\"link \">Lire la suite<\/a><\/p>\n","protected":false},"excerpt":{"rendered":"L&rsquo;intelligence artificielle, les voitures autonomes, la colonisation de Mars\u2026 Il est tout un tas de sujets qui occupent&hellip;\n","protected":false},"author":2,"featured_media":30587,"comment_status":"","ping_status":"","sticky":false,"template":"","format":"standard","meta":{"footnotes":""},"categories":[1359],"tags":[10526,10525,58,75,59,1011,27,10523,10524,3997,973],"class_list":{"0":"post-30586","1":"post","2":"type-post","3":"status-publish","4":"format-standard","5":"has-post-thumbnail","7":"category-people","8":"tag-ashley-saint-clair","9":"tag-colonisation-de-mars","10":"tag-divertissement","11":"tag-donald-trump","12":"tag-entertainment","13":"tag-fr","14":"tag-france","15":"tag-lhomme-le-plus-riche-du-monde","16":"tag-lintelligence-artificielle","17":"tag-musk","18":"tag-people"},"share_on_mastodon":{"url":"https:\/\/pubeurope.com\/@fr\/114350988131365489","error":""},"_links":{"self":[{"href":"https:\/\/www.europesays.com\/fr\/wp-json\/wp\/v2\/posts\/30586","targetHints":{"allow":["GET"]}}],"collection":[{"href":"https:\/\/www.europesays.com\/fr\/wp-json\/wp\/v2\/posts"}],"about":[{"href":"https:\/\/www.europesays.com\/fr\/wp-json\/wp\/v2\/types\/post"}],"author":[{"embeddable":true,"href":"https:\/\/www.europesays.com\/fr\/wp-json\/wp\/v2\/users\/2"}],"replies":[{"embeddable":true,"href":"https:\/\/www.europesays.com\/fr\/wp-json\/wp\/v2\/comments?post=30586"}],"version-history":[{"count":0,"href":"https:\/\/www.europesays.com\/fr\/wp-json\/wp\/v2\/posts\/30586\/revisions"}],"wp:featuredmedia":[{"embeddable":true,"href":"https:\/\/www.europesays.com\/fr\/wp-json\/wp\/v2\/media\/30587"}],"wp:attachment":[{"href":"https:\/\/www.europesays.com\/fr\/wp-json\/wp\/v2\/media?parent=30586"}],"wp:term":[{"taxonomy":"category","embeddable":true,"href":"https:\/\/www.europesays.com\/fr\/wp-json\/wp\/v2\/categories?post=30586"},{"taxonomy":"post_tag","embeddable":true,"href":"https:\/\/www.europesays.com\/fr\/wp-json\/wp\/v2\/tags?post=30586"}],"curies":[{"name":"wp","href":"https:\/\/api.w.org\/{rel}","templated":true}]}}