{"id":305863,"date":"2025-08-08T20:24:13","date_gmt":"2025-08-08T20:24:13","guid":{"rendered":"https:\/\/www.europesays.com\/fr\/305863\/"},"modified":"2025-08-08T20:24:13","modified_gmt":"2025-08-08T20:24:13","slug":"la-fille-de-la-septuagenaire-morte-dans-les-flammes-contredit-la-version-du-maire","status":"publish","type":"post","link":"https:\/\/www.europesays.com\/fr\/305863\/","title":{"rendered":"la fille de la septuag\u00e9naire morte dans les flammes contredit la version du maire"},"content":{"rendered":"<p>            lire plus tard<\/p>\n<p id=\"dialog__title\" class=\"dialog__title\">Pour sauvegarder cet article, connectez-vous ou cr\u00e9ez un compte franceinfo<\/p>\n<p class=\"dialog__description\">Sans paiement. Sans abonnement.<\/p>\n<p>        Fermer la fen\u00eatre d\u2019activation des notifications France Info<\/p>\n<p>            cr\u00e9er votre compte<\/p>\n<p>            se connecter<\/p>\n<p>        Fermer la fen\u00eatre de pr\u00e9sentation<\/p>\n<p>    Publi\u00e9 le 08\/08\/2025 21:27<\/p>\n<p>      Mis \u00e0 jour le 08\/08\/2025 21:47<\/p>\n<p>        Temps de lecture : 3min &#8211; vid\u00e9o : 2min<\/p>\n<p>    <img decoding=\"async\" class=\"francetv-player-wrapper__image\" alt=\"Incendie dans l'Aude : la fille de la victime d\u00e9c\u00e9d\u00e9e dans les flammes contredit la version du maire\"  width=\"432\" height=\"243\" src=\"https:\/\/www.europesays.com\/fr\/wp-content\/uploads\/2025\/08\/temoignage-fille-victime-incendie-sncf-68964efb146ea506093313.jpg\" fetchpriority=\"high\"\/><\/p>\n<p>              Incendie dans l&rsquo;Aude : la fille de la victime d\u00e9c\u00e9d\u00e9e dans les flammes contredit la version du maire<br \/>\n                    (France 2)<\/p>\n<p>      2min<\/p>\n<p>\n  L&rsquo;incendie dans l&rsquo;Aude a provoqu\u00e9 le d\u00e9c\u00e8s d&rsquo;une femme, qui selon le maire de sa commune, aurait refus\u00e9 de quitter sa maison. Mais fille de la victime livre \u00e0 France T\u00e9l\u00e9visions une autre version, affirmant que les pompiers lui auraient conseill\u00e9 de ne pas sortir.\n<\/p>\n<p><strong>Ce texte correspond \u00e0 une partie de la retranscription du reportage ci-dessus. Cliquez sur la vid\u00e9o pour la regarder en int\u00e9gralit\u00e9.<\/strong><\/p>\n<p>Trois jours apr\u00e8s le d\u00e9c\u00e8s de sa m\u00e8re dans l&rsquo;incendie de sa maison dans l&rsquo;Aude, elle cherche <a href=\"https:\/\/france3-regions.franceinfo.fr\/occitanie\/aude\/narbonne\/temoignage-j-ai-plein-de-questions-mais-pas-de-reponses-la-fille-de-stella-decedee-dans-l-incendie-de-l-aude-donne-sa-version-des-faits-3199665.html\" rel=\"nofollow noopener\" target=\"_blank\">des r\u00e9ponses <\/a>aux questions qui la hantent. Lydie, 25 ans, l&rsquo;a soutenue au t\u00e9l\u00e9phone alors que les flammes cernaient la propri\u00e9t\u00e9 : \u00ab\u00a0Elle m&rsquo;a appel\u00e9e \u00e0 18h09 en panique et en criant parce qu&rsquo;il y avait le feu. Pas encore au niveau du jardin mais juste \u00e0 c\u00f4t\u00e9 du garage. Elle me disait qu&rsquo;elle ne savait pas quoi faire\u00a0\u00bb, se souvient la jeune femme aupr\u00e8s des \u00e9quipes de France T\u00e9l\u00e9visions.<\/p>\n<p>Au t\u00e9l\u00e9phone, Lydie demande alors conseil aux pompiers. \u00ab\u00a0J&rsquo;ai rappel\u00e9 ma m\u00e8re qui \u00e9tait en train de faire ses affaires. Je lui ai dit : &lsquo;Maman, ils m&rsquo;ont dit qu&rsquo;il fallait que tu restes enferm\u00e9e&rsquo;. Alors, ma m\u00e8re m&rsquo;a dit : &lsquo;De toute fa\u00e7on, l\u00e0, je ne peux plus sortir, il y a le feu partout dans le jardin. Je suis bloqu\u00e9e.&rsquo; Elle m&rsquo;a dit : &lsquo;Il y a la v\u00e9randa qui a explos\u00e9 et il y a le salon qui a pris feu.&rsquo; Je lui ai dit : &lsquo;Maman, les pompiers m&rsquo;ont dit qu&rsquo;ils \u00e9taient sur place, qu&rsquo;ils arrivent.&rsquo; Elle m&rsquo;a dit qu&rsquo;il faut qu\u00a0\u00bbils se d\u00e9p\u00eachent, parce que je ne me sens pas bien&rsquo;. Elle commen\u00e7ait \u00e0 s&rsquo;\u00e9touffer. On s&rsquo;est dit &lsquo;Je t&rsquo;aime&rsquo;, j&rsquo;ai raccroch\u00e9, et c&rsquo;\u00e9tait fini. Je n&rsquo;ai plus r\u00e9ussi \u00e0 la joindre apr\u00e8s\u00a0\u00bb, raconte Lydie, tr\u00e8s \u00e9mue.<\/p>\n<p>Toute la nuit, la jeune femme reste sans nouvelles, jusqu&rsquo;au petit matin. \u00ab\u00a0\u00c0 5 heures du matin, la police est venue chez moi \u00e0 Montpellier pour m&rsquo;annoncer qu&rsquo;elle \u00e9tait d\u00e9c\u00e9d\u00e9e\u00a0\u00bb, poursuit-elle. La victime a-t-elle refus\u00e9 de quitter les lieux lorsqu&rsquo;il en \u00e9tait encore temps, comme l&rsquo;affirmait Xavier de Volontat, maire (sans \u00e9tiquette) de Saint-Laurent-de-la-Cabrerisse, cette semaine ? Un riverain assure n&rsquo;avoir vu personne lors de sa fuite pour \u00e9chapper aux flammes.<\/p>\n<p>\u00ab\u00a0On a vu que le feu. On n&rsquo;a pas vu de pompiers, on n&rsquo;a pas vu de gendarmes, on n&rsquo;a rien vu\u00a0\u00bb, affirme l&rsquo;habitant, s\u00fbr de lui. Un peu plus loin, un autre t\u00e9moigne pour sa part avoir crois\u00e9 les secours : \u00ab\u00a0Ce sont les pompiers qui m&rsquo;ont donn\u00e9 l&rsquo;ordre d&rsquo;\u00e9vacuer quand nous \u00e9tions l\u00e0. Mais bon, en m\u00eame temps, j&rsquo;avais les flammes au-dessus de la maison\u00a0\u00bb, souligne-t-il.<\/p>\n<p>Que s&rsquo;est-il r\u00e9ellement pass\u00e9 dans la commune ? \u00ab\u00a0Le fait de me retrouver l\u00e0, de ne pas avoir d&rsquo;informations pr\u00e9cises sur ce qu&rsquo;il s&rsquo;est pass\u00e9, c&rsquo;est presque aussi difficile que le fait de perdre ma maman\u00a0\u00bb, d\u00e9plore Lydie, d\u00e9sempar\u00e9e. Une enqu\u00eate a \u00e9t\u00e9 confi\u00e9e \u00e0 la gendarmerie pour reconstituer minute par minute le sc\u00e9nario du drame.<\/p>\n","protected":false},"excerpt":{"rendered":"lire plus tard Pour sauvegarder cet article, connectez-vous ou cr\u00e9ez un compte franceinfo Sans paiement. Sans abonnement. Fermer&hellip;\n","protected":false},"author":2,"featured_media":305864,"comment_status":"","ping_status":"","sticky":false,"template":"","format":"standard","meta":{"footnotes":""},"categories":[1888],"tags":[1111,1928,11,1927,1777,674,1011,27,12,1926,626,1925,25],"class_list":{"0":"post-305863","1":"post","2":"type-post","3":"status-publish","4":"format-standard","5":"has-post-thumbnail","7":"category-paris","8":"tag-actu","9":"tag-actu-paris","10":"tag-actualites","11":"tag-actualites-paris","12":"tag-eu","13":"tag-europe","14":"tag-fr","15":"tag-france","16":"tag-news","17":"tag-news-paris","18":"tag-paris","19":"tag-paris-news","20":"tag-republique-francaise"},"share_on_mastodon":{"url":"https:\/\/pubeurope.com\/@fr\/114995020819172964","error":""},"_links":{"self":[{"href":"https:\/\/www.europesays.com\/fr\/wp-json\/wp\/v2\/posts\/305863","targetHints":{"allow":["GET"]}}],"collection":[{"href":"https:\/\/www.europesays.com\/fr\/wp-json\/wp\/v2\/posts"}],"about":[{"href":"https:\/\/www.europesays.com\/fr\/wp-json\/wp\/v2\/types\/post"}],"author":[{"embeddable":true,"href":"https:\/\/www.europesays.com\/fr\/wp-json\/wp\/v2\/users\/2"}],"replies":[{"embeddable":true,"href":"https:\/\/www.europesays.com\/fr\/wp-json\/wp\/v2\/comments?post=305863"}],"version-history":[{"count":0,"href":"https:\/\/www.europesays.com\/fr\/wp-json\/wp\/v2\/posts\/305863\/revisions"}],"wp:featuredmedia":[{"embeddable":true,"href":"https:\/\/www.europesays.com\/fr\/wp-json\/wp\/v2\/media\/305864"}],"wp:attachment":[{"href":"https:\/\/www.europesays.com\/fr\/wp-json\/wp\/v2\/media?parent=305863"}],"wp:term":[{"taxonomy":"category","embeddable":true,"href":"https:\/\/www.europesays.com\/fr\/wp-json\/wp\/v2\/categories?post=305863"},{"taxonomy":"post_tag","embeddable":true,"href":"https:\/\/www.europesays.com\/fr\/wp-json\/wp\/v2\/tags?post=305863"}],"curies":[{"name":"wp","href":"https:\/\/api.w.org\/{rel}","templated":true}]}}