{"id":305865,"date":"2025-08-08T20:25:17","date_gmt":"2025-08-08T20:25:17","guid":{"rendered":"https:\/\/www.europesays.com\/fr\/305865\/"},"modified":"2025-08-08T20:25:17","modified_gmt":"2025-08-08T20:25:17","slug":"transformer-paris-en-ville-eponge-le-plan-de-la-capitale-face-au-dereglement-climatique","status":"publish","type":"post","link":"https:\/\/www.europesays.com\/fr\/305865\/","title":{"rendered":"Transformer Paris en \u00ab\u00a0ville \u00e9ponge\u00a0\u00bb, le plan de la capitale face au d\u00e9r\u00e8glement climatique"},"content":{"rendered":"<p>        <img decoding=\"async\" loading=\"lazy\" src=\"https:\/\/www.europesays.com\/fr\/wp-content\/uploads\/2025\/08\/03a9ffd_upload-1-eq3iyrk5ug7q-000-36jn6qb.jpg\"  width=\"728\" height=\"409\" alt=\"La ville de Paris a pr\u00e9sent\u00e9 jeudi 7\u00a0ao\u00fbt son plan \u00ab\u00a0Paris pluie\u00a0\u00bb. (photo d\u2019illustration)\"\/>  <\/p>\n<p>LUDOVIC MARIN \/ AFP<\/p>\n<p>La ville de Paris a pr\u00e9sent\u00e9 jeudi 7\u00a0ao\u00fbt son plan \u00ab\u00a0Paris pluie\u00a0\u00bb. (photo d\u2019illustration)<\/p>\n<p class=\"asset asset-text\">PARIS &#8211; Devenir une \u00ab\u00a0ville \u00e9ponge\u00a0\u00bb pour assurer sa survie face au d\u00e9r\u00e8glement climatique. La mairie de <a href=\"https:\/\/www.huffingtonpost.fr\/france\/video\/orages-a-paris-les-images-impressionnantes-des-arbres-deracines-et-des-rafales-de-vent-a-plus-de-100-km-h_251834.html\" target=\"_blank\" rel=\"noopener\">Paris<\/a> a pr\u00e9sent\u00e9 jeudi 7\u00a0ao\u00fbt son nouveau plan de gestion des <a href=\"https:\/\/www.huffingtonpost.fr\/france\/article\/meteo-il-n-avait-jamais-autant-plu-a-paris-qu-en-2024-les-bruines-de-noel-actent-un-nouveau-record_244015.html\" target=\"_blank\" rel=\"noopener\">eaux pluviales<\/a>, qui vise \u00e0 d\u00e9simperm\u00e9abiliser le maximum d\u2019espaces de la capitale, particuli\u00e8rement min\u00e9rale.<\/p>\n<p class=\"asset asset-text\">\u00ab\u00a0Aujourd\u2019hui, Paris est \u00e0 75\u00a0% imperm\u00e9able. On veut inverser la donne en en faisant une \u201cville \u00e9ponge\u201d sur au moins 55\u00a0% de son territoire d\u2019ici \u00e0 2050\u00a0\u00bb, a expos\u00e9 \u00e0 la presse Antoine Guillou, adjoint \u00e0 la maire de Paris <a href=\"https:\/\/www.huffingtonpost.fr\/jo-paris-2024\/video\/anne-hidalgo-s-est-enfin-baignee-dans-la-seine-avant-les-jeux-olympiques-de-paris_237032.html\" target=\"_blank\" rel=\"noopener\">Anne Hidalgo<\/a> en charge de la propret\u00e9 de l\u2019espace public et de l\u2019assainissement.<\/p>\n<p class=\"asset asset-text\">Le nouveau plan \u00ab\u00a0Parispluie\u00a0\u00bb, d\u00e9clinaison du plan climat adopt\u00e9 \u00e0 l\u2019automne dernier, pr\u00e9voit en ce sens de rendre 40\u00a0% du territoire perm\u00e9able, principalement en v\u00e9g\u00e9talisant l\u2019espace, et de d\u00e9connecter 15\u00a0% des surfaces du r\u00e9seau des \u00e9gouts, pour y limiter les rejets d\u2019eaux de pluie et valoriser celles-ci.<\/p>\n<p class=\"asset asset-text\">Depuis le premier plan du genre, adopt\u00e9 en 2018, \u00ab\u00a0150 hectares ont \u00e9t\u00e9 v\u00e9g\u00e9talis\u00e9s et d\u00e9simperm\u00e9abilis\u00e9s, et 130 hectares d\u00e9connect\u00e9s du r\u00e9seau, permettant d\u2019\u00e9viter que 950\u00a0000\u00a0m3 d\u2019eaux de pluie soient rejet\u00e9s dans les \u00e9gouts\u00a0\u00bb, a expliqu\u00e9 l\u2019\u00e9lu socialiste.<\/p>\n<p>                     \u00ab\u00a0R\u00e9int\u00e9grer le cycle naturel de l\u2019eau\u00a0\u00bb    <\/p>\n<p class=\"asset asset-text\">En moyenne, 40\u00a0millions de m3 d\u2019eaux pluviales sont rejet\u00e9s chaque ann\u00e9e dans les r\u00e9seaux d\u2019\u00e9gouts parisiens, o\u00f9 elles se m\u00ealent aux eaux us\u00e9es. En cas de pluies intenses, le r\u00e9seau sature et pour \u00e9viter un d\u00e9bordement, le surplus est d\u00e9vers\u00e9 dans la Seine. Limiter ces rejets contribue \u00e0 am\u00e9liorer la qualit\u00e9 de l\u2019eau du fleuve, au b\u00e9n\u00e9fice de la baignade, <a href=\"https:\/\/www.huffingtonpost.fr\/france\/article\/baignade-dans-la-seine-un-mois-apres-la-mairie-de-paris-hyper-satisfaite-malgre-les-fermetures-repetees_253277.html\" target=\"_blank\" rel=\"noopener\">ouverte au public depuis cet \u00e9t\u00e9<\/a>, et de la biodiversit\u00e9, fait valoir la municipalit\u00e9.<\/p>\n<p class=\"asset asset-text\">La mairie vient de lancer une exp\u00e9rimentation sur des parcelles v\u00e9g\u00e9talis\u00e9es dans le quartier de la Butte-aux-Cailles. Les bordures des jardini\u00e8res de la rue comportent des ouvertures permettant aux eaux de pluie qui s\u2019\u00e9coulent dans le caniveau d\u2019aller directement dans la terre, et de \u00ab\u00a0r\u00e9int\u00e9grer le cycle naturel de l\u2019eau\u00a0\u00bb, a d\u00e9taill\u00e9 Cyril Doizelet, ing\u00e9nieur en gestion des eaux pluviales \u00e0 la mairie.<\/p>\n<p class=\"asset asset-text\">\u00ab\u00a0Au total, ce sont 700\u00a0m2 de trottoirs et de chauss\u00e9e dont les eaux pluviales sont g\u00e9r\u00e9es \u00e0 la source, soit environ 430\u00a0m2 d\u2019eau de pluie non rejet\u00e9es aux \u00e9gouts chaque ann\u00e9e\u00a0\u00bb, selon l\u2019expert.<\/p>\n<p class=\"asset asset-text\">Si l\u2019exp\u00e9rimentation r\u00e9ussit, la ville souhaiterait g\u00e9n\u00e9raliser le dispositif \u00e0 l\u2019ensemble des rues \u00e0 faible circulation, c\u2019est-\u00e0-dire moins de 5\u00a0000 voitures par jour, o\u00f9 le risque de pollution des eaux de chauss\u00e9es est le plus faible.<\/p>\n","protected":false},"excerpt":{"rendered":"LUDOVIC MARIN \/ AFP La ville de Paris a pr\u00e9sent\u00e9 jeudi 7\u00a0ao\u00fbt son plan \u00ab\u00a0Paris pluie\u00a0\u00bb. (photo d\u2019illustration)&hellip;\n","protected":false},"author":2,"featured_media":305866,"comment_status":"","ping_status":"","sticky":false,"template":"","format":"standard","meta":{"footnotes":""},"categories":[1888],"tags":[1111,1928,11,1927,1129,436,1777,674,1011,27,12,1926,626,1925,4459,25],"class_list":{"0":"post-305865","1":"post","2":"type-post","3":"status-publish","4":"format-standard","5":"has-post-thumbnail","7":"category-paris","8":"tag-actu","9":"tag-actu-paris","10":"tag-actualites","11":"tag-actualites-paris","12":"tag-climat","13":"tag-environnement","14":"tag-eu","15":"tag-europe","16":"tag-fr","17":"tag-france","18":"tag-news","19":"tag-news-paris","20":"tag-paris","21":"tag-paris-news","22":"tag-pluie","23":"tag-republique-francaise"},"share_on_mastodon":{"url":"https:\/\/pubeurope.com\/@fr\/114995024704112117","error":""},"_links":{"self":[{"href":"https:\/\/www.europesays.com\/fr\/wp-json\/wp\/v2\/posts\/305865","targetHints":{"allow":["GET"]}}],"collection":[{"href":"https:\/\/www.europesays.com\/fr\/wp-json\/wp\/v2\/posts"}],"about":[{"href":"https:\/\/www.europesays.com\/fr\/wp-json\/wp\/v2\/types\/post"}],"author":[{"embeddable":true,"href":"https:\/\/www.europesays.com\/fr\/wp-json\/wp\/v2\/users\/2"}],"replies":[{"embeddable":true,"href":"https:\/\/www.europesays.com\/fr\/wp-json\/wp\/v2\/comments?post=305865"}],"version-history":[{"count":0,"href":"https:\/\/www.europesays.com\/fr\/wp-json\/wp\/v2\/posts\/305865\/revisions"}],"wp:featuredmedia":[{"embeddable":true,"href":"https:\/\/www.europesays.com\/fr\/wp-json\/wp\/v2\/media\/305866"}],"wp:attachment":[{"href":"https:\/\/www.europesays.com\/fr\/wp-json\/wp\/v2\/media?parent=305865"}],"wp:term":[{"taxonomy":"category","embeddable":true,"href":"https:\/\/www.europesays.com\/fr\/wp-json\/wp\/v2\/categories?post=305865"},{"taxonomy":"post_tag","embeddable":true,"href":"https:\/\/www.europesays.com\/fr\/wp-json\/wp\/v2\/tags?post=305865"}],"curies":[{"name":"wp","href":"https:\/\/api.w.org\/{rel}","templated":true}]}}