{"id":305867,"date":"2025-08-08T20:26:13","date_gmt":"2025-08-08T20:26:13","guid":{"rendered":"https:\/\/www.europesays.com\/fr\/305867\/"},"modified":"2025-08-08T20:26:13","modified_gmt":"2025-08-08T20:26:13","slug":"grotesque-une-affiche-de-la-prefecture-de-police-de-paris-mettant-en-garde-contre-les-vendeurs-a-la-sauvette-raillee-sur-les-reseaux-sociaux","status":"publish","type":"post","link":"https:\/\/www.europesays.com\/fr\/305867\/","title":{"rendered":"\u00ab Grotesque \u00bb : une affiche de la pr\u00e9fecture de police de Paris mettant en garde contre les vendeurs \u00e0 la sauvette raill\u00e9e sur les r\u00e9seaux sociaux"},"content":{"rendered":"<p>                                            Soci\u00e9t\u00e9\n                                                                            <\/p>\n<p>\n                                            La pr\u00e9fecture de Police de Paris est raill\u00e9e sur les r\u00e9seaux sociaux depuis la publication d&rsquo;une affiche mettant en garde contre les vendeurs de souvenirs \u00e0 la sauvette. La raison ? Sur l&rsquo;affiche, le vendeur est de type europ\u00e9en, une repr\u00e9sentation jug\u00e9e \u00e9loign\u00e9e de la r\u00e9alit\u00e9.                                        <\/p>\n<p>                                                Publi\u00e9 le 7 ao\u00fbt 2025 \u00e0 15h12                                                                                                    Mis \u00e0 jour le 8 ao\u00fbt 2025 \u00e0 21h21<\/p>\n<p>                                            <img loading=\"lazy\" width=\"1024\" height=\"682\" src=\"https:\/\/www.europesays.com\/fr\/wp-content\/uploads\/2025\/08\/SIPA_01067424_000021-1.jpg\" class=\"attachment-post-thumbnail size-post-thumbnail wp-post-image lazy\" alt=\"Photographie d'illustration. \u00a9 URMAN LIONEL\/SIPA\" decoding=\"async\"  data-\/><\/p>\n<p>                                            Photographie d&rsquo;illustration. \u00a9 URMAN LIONEL\/SIPA<\/p>\n<p>Depuis mercredi 6 ao\u00fbt, les posts sur X raillant la derni\u00e8re campagne de communication de la pr\u00e9fecture de police s\u2019encha\u00eenent, <a href=\"https:\/\/www.lejdd.fr\/Societe\/dun-grotesque-qui-frise-lart-contemporain-une-affiche-mettant-en-garde-contre-les-vendeurs-a-la-sauvette-devient-la-risee-des-reseaux-sociaux-160831\" target=\"_blank\" rel=\"nofollow noopener\">comme le relaie le JDD<\/a>. Des internautes ont pris pour cible son affiche mettant en garde contre <a href=\"https:\/\/www.valeursactuelles.com\/societe\/paris-avec-la-fin-des-jeux-olympiques-les-vendeurs-a-la-sauvette-sont-de-retour\" target=\"_blank\" rel=\"noopener\">les vendeurs \u00e0 la sauvette<\/a>, dans laquelle le vendeur, brandissant une Tour Eiffel miniature sous le nez d\u2019un touriste, est repr\u00e9sent\u00e9 de type europ\u00e9en.<\/p>\n<p><a href=\"https:\/\/www.valeursactuelles.com\/societe\/paris-laurent-nunez-veut-definitivement-endiguer-le-phenomene-de-la-vente-a-la-sauvette-a-porte-de-montmartre\" class=\"h-flex h-align-items-center h-border-tb h-ptb-15\" target=\"_blank\" rel=\"noopener\">A\u00a0LIRE\u00a0Paris : Laurent Nu\u00f1ez veut \u00ab d\u00e9finitivement endiguer le ph\u00e9nom\u00e8ne \u00bb de la vente \u00e0 la sauvette \u00e0 porte de Montmartre<\/a><\/p>\n<p>\u00ab Ne vous laissez pas tenter, pr\u00e9vient en sous-titre <a href=\"https:\/\/www.valeursactuelles.com\/societe\/paris-laurent-nunez-veut-definitivement-endiguer-le-phenomene-de-la-vente-a-la-sauvette-a-porte-de-montmartre\" target=\"_blank\" rel=\"noopener\">cette affiche de pr\u00e9vention<\/a>. N\u2019achetez aucun objet \u00e0 des vendeurs \u00e0 la sauvette\u2009! Vous alimentez des r\u00e9seaux clandestins et ill\u00e9gaux. Pr\u00e9f\u00e9rez les revendeurs autoris\u00e9s pour des souvenirs s\u00fbrs et de qualit\u00e9\u2009\u00bb.<\/p>\n<p>\u00ab Marc et Olivier, les m\u00e9chants vendeurs \u00e0 la sauvette \u00bb<\/p>\n<p>Sur X, la r\u00e9action face au montage utilis\u00e9 sur le visuel ne s\u2019est pas fait attendre. Notamment du c\u00f4t\u00e9 des comptes d\u2019ultra-droite. \u00ab PS : Non, je ne suis pas vendeur \u00e0 la sauvette \u00bb, ironise le militant Erik Tegn\u00e9r, au vu de sa ressemblance avec le marchand ambulant.<\/p>\n<p><a href=\"https:\/\/www.valeursactuelles.com\/societe\/paris-avec-la-fin-des-jeux-olympiques-les-vendeurs-a-la-sauvette-sont-de-retour\" class=\"h-flex h-align-items-center h-border-tb h-ptb-15\" target=\"_blank\" rel=\"noopener\">A\u00a0LIRE\u00a0Paris : avec la fin des Jeux olympiques, les vendeurs \u00e0 la sauvette sont de retour<\/a><\/p>\n<p>\u00ab Marc et Olivier, les m\u00e9chants vendeurs \u00e0 la sauvette qui pullulent \u00e0 Paris selon la pr\u00e9fecture de police ! \u00bb, peste encore un autre internaute.<\/p>\n<blockquote class=\"twitter-tweet\">\n<p dir=\"ltr\" lang=\"fr\">Que pensez-vous de cette campagne de la Pr\u00e9fecture de police de Paris contre la vente \u00e0 la sauvette ? <a href=\"https:\/\/t.co\/F5sAiqsCXZ\">pic.twitter.com\/F5sAiqsCXZ<\/a><\/p>\n<p>\u2014 Police &amp; R\u00e9alit\u00e9s (@PoliceRealites) <a href=\"https:\/\/twitter.com\/PoliceRealites\/status\/1953183471888941556?ref_src=twsrc%5Etfw\" target=\"_blank\" rel=\"noopener\">August 6, 2025<\/a><\/p>\n<\/blockquote>\n<p>La pr\u00e9fecture de police de Paris assure faire le n\u00e9cessaire pour lutter contre les vendeurs \u00e0 la sauvette dans la capitale. \u00ab Je n\u2019ai pas de commentaires \u00e0 faire. C\u2019est l\u2019action qui m\u2019anime, pas les commentaires. En 2025, de janvier \u00e0 juillet, les effectifs de la Pr\u00e9fecture de Police ont r\u00e9alis\u00e9 6528 proc\u00e9dures pour d\u00e9lit de vente \u00e0 la sauvette. Un r\u00e9sultat en hausse de 23% par rapport \u00e0 l\u2019an dernier. Plus de 3000 kilos de marchandises ont \u00e9t\u00e9 saisis et d\u00e9truits \u00e0 cette occasion. La lutte contre ce fl\u00e9au se poursuit \u00bb, indique le Pr\u00e9fet de police de Paris Laurent Nu\u00f1ez \u00e0 <a href=\"https:\/\/www.valeursactuelles.com\/\" target=\"_blank\" rel=\"noopener\">Valeurs actuelles<\/a>.<\/p>\n<p>                                                                    <script async src=\"https:\/\/platform.twitter.com\/widgets.js\" charset=\"utf-8\"><\/script><\/p>\n","protected":false},"excerpt":{"rendered":"Soci\u00e9t\u00e9 La pr\u00e9fecture de Police de Paris est raill\u00e9e sur les r\u00e9seaux sociaux depuis la publication d&rsquo;une affiche&hellip;\n","protected":false},"author":2,"featured_media":305868,"comment_status":"","ping_status":"","sticky":false,"template":"","format":"standard","meta":{"footnotes":""},"categories":[1888],"tags":[11,1777,674,1011,27,12,626,8916,1931,25,938,6062],"class_list":{"0":"post-305867","1":"post","2":"type-post","3":"status-publish","4":"format-standard","5":"has-post-thumbnail","7":"category-paris","8":"tag-actualites","9":"tag-eu","10":"tag-europe","11":"tag-fr","12":"tag-france","13":"tag-news","14":"tag-paris","15":"tag-prefecture","16":"tag-prefecture-de-police-de-paris","17":"tag-republique-francaise","18":"tag-reseaux-sociaux","19":"tag-x"},"share_on_mastodon":{"url":"https:\/\/pubeurope.com\/@fr\/114995028546993163","error":""},"_links":{"self":[{"href":"https:\/\/www.europesays.com\/fr\/wp-json\/wp\/v2\/posts\/305867","targetHints":{"allow":["GET"]}}],"collection":[{"href":"https:\/\/www.europesays.com\/fr\/wp-json\/wp\/v2\/posts"}],"about":[{"href":"https:\/\/www.europesays.com\/fr\/wp-json\/wp\/v2\/types\/post"}],"author":[{"embeddable":true,"href":"https:\/\/www.europesays.com\/fr\/wp-json\/wp\/v2\/users\/2"}],"replies":[{"embeddable":true,"href":"https:\/\/www.europesays.com\/fr\/wp-json\/wp\/v2\/comments?post=305867"}],"version-history":[{"count":0,"href":"https:\/\/www.europesays.com\/fr\/wp-json\/wp\/v2\/posts\/305867\/revisions"}],"wp:featuredmedia":[{"embeddable":true,"href":"https:\/\/www.europesays.com\/fr\/wp-json\/wp\/v2\/media\/305868"}],"wp:attachment":[{"href":"https:\/\/www.europesays.com\/fr\/wp-json\/wp\/v2\/media?parent=305867"}],"wp:term":[{"taxonomy":"category","embeddable":true,"href":"https:\/\/www.europesays.com\/fr\/wp-json\/wp\/v2\/categories?post=305867"},{"taxonomy":"post_tag","embeddable":true,"href":"https:\/\/www.europesays.com\/fr\/wp-json\/wp\/v2\/tags?post=305867"}],"curies":[{"name":"wp","href":"https:\/\/api.w.org\/{rel}","templated":true}]}}