{"id":305873,"date":"2025-08-08T20:29:27","date_gmt":"2025-08-08T20:29:27","guid":{"rendered":"https:\/\/www.europesays.com\/fr\/305873\/"},"modified":"2025-08-08T20:29:27","modified_gmt":"2025-08-08T20:29:27","slug":"lukraine-rend-un-dernier-hommage-a-la-journaliste-victoria-roshchyna-morte-en-captivite-en-russie","status":"publish","type":"post","link":"https:\/\/www.europesays.com\/fr\/305873\/","title":{"rendered":"L&rsquo;Ukraine rend un dernier hommage \u00e0 la journaliste Victoria Roshchyna, morte en captivit\u00e9 en Russie"},"content":{"rendered":"<p>Ce vendredi 8 ao\u00fbt \u00e0 Kiev, les Ukrainiens ont rendu hommage \u00e0 Victoria Roshchyna, journaliste tu\u00e9e apr\u00e8s avoir pass\u00e9 plus d&rsquo;une ann\u00e9e en captivit\u00e9 russe. La journaliste ind\u00e9pendante, qui enqu\u00eatait sur le sort des Ukrainiens vivant dans les territoires occup\u00e9s, n&rsquo;avait pas surv\u00e9cu aux tortures dont elle a \u00e9t\u00e9 l&rsquo;objet. La Russie a confirm\u00e9 sa mort en septembre 2024, mais son corps mutil\u00e9 n&rsquo;a \u00e9t\u00e9 rendu \u00e0 ses proches qu&rsquo;en f\u00e9vrier 2025.<\/p>\n<p>Au c\u0153ur de Kiev, en la cath\u00e9drale Saint-Michel-au-D\u00f4me-d&rsquo;Or, une foule de journalistes, de proches et d&rsquo;amis est venue rendre hommage \u00e0 Victoria Roshchyna, <a href=\"https:\/\/www.rfi.fr\/fr\/europe\/20241010-la-journaliste-ukrainienne-victoria-roshchyna-ill\u00e9galement-d\u00e9tenue-en-russie-est-morte\" rel=\"nofollow noopener\" target=\"_blank\" data-ylk=\"slk:journaliste morte \u00e0 27 ans;elm:context_link;itc:0;sec:content-canvas\" class=\"link \"><strong>journaliste morte \u00e0 27 ans<\/strong><\/a> sous la torture de ses ge\u00f4liers russes. La jeune femme a disparu lors d&rsquo;un reportage en ao\u00fbt 2023 dans la r\u00e9gion m\u00e9ridionale de Zaporijjia, territoire partiellement occup\u00e9 par Moscou depuis trois ans d&rsquo;invasion de l&rsquo;<strong><a href=\"https:\/\/www.rfi.fr\/fr\/tag\/ukraine\/\" class=\"link \" rel=\"nofollow noopener\" target=\"_blank\" data-ylk=\"slk:Ukraine;elm:context_link;itc:0;sec:content-canvas\">Ukraine<\/a><\/strong>. Un an plus tard, elle appelle ses parents depuis une prison russe : il restera comme leur seul contact avec elle. En octobre 2024, ils re\u00e7oivent une lettre du minist\u00e8re russe de la D\u00e9fense indiquant que Victoria Roshchyna est d\u00e9c\u00e9d\u00e9e le 19 septembre.<\/p>\n<p>\u00c0 lire aussi<a href=\"https:\/\/www.rfi.fr\/fr\/europe\/20250430-d\u00e9tentions-ill\u00e9gales-de-civils-ukrainiens-l-enqu\u00eate-qui-a-co\u00fbt\u00e9-la-vie-\u00e0-la-journaliste-victoria-roshchyna-forbidden-stories\" class=\"link \" rel=\"nofollow noopener\" target=\"_blank\" data-ylk=\"slk:La journaliste Victoria Roshchyna, morte en d\u00e9tention en Russie, a \u00e9t\u00e9 tortur\u00e9e selon Forbidden Stories;elm:context_link;itc:0;sec:content-canvas\">La journaliste Victoria Roshchyna, morte en d\u00e9tention en Russie, a \u00e9t\u00e9 tortur\u00e9e selon Forbidden Stories<\/a><\/p>\n<p>Sur la place de l&rsquo;Ind\u00e9pendance \u00e0 Kiev, ce 8 ao\u00fbt, ses coll\u00e8gues ont soulign\u00e9 toute la d\u00e9termination qui animait Victoria, et qui lui avait valu la reconnaissance de la profession.<\/p>\n<p>Vingt-neuf autres journalistes ukrainiens encore en prison en Russie<\/p>\n<p>\u00ab Victoria \u00e9tait une personne qui ne connaissait pas le mot \u00ab\u00a0non\u00a0\u00bb. En fait, tout le monde disait qu&rsquo;il ne fallait pas aller dans les territoires occup\u00e9s. Personne \u00e0 la r\u00e9daction n&rsquo;\u00e9tait pr\u00eat \u00e0 assumer cette responsabilit\u00e9, mais elle voyait cela comme sa mission, elle savait qu&rsquo;elle y irait tout de m\u00eame \u00bb, a t\u00e9moign\u00e9 l&rsquo;un de ses coll\u00e8gues au micro de notre correspondante \u00e0 Kiev, <strong>Emmanuelle Chaze<\/strong>.<\/p>\n<p>\u00ab Nous avons beaucoup discut\u00e9 avec elle du fait qu&rsquo;il \u00e9tait possible de travailler, d&rsquo;\u00e9crire sur les territoires occup\u00e9s sans y \u00eatre, sans passer la fronti\u00e8re, car cela la mettait en danger, et elle avait d\u00e9j\u00e0 surv\u00e9cu \u00e0 la premi\u00e8re captivit\u00e9, confie un autre. Mais elle ne voulait rien entendre, elle disait : \u00ab\u00a0Je suis la seule \u00e0 pouvoir le faire et je le ferai, car tout le monde a oubli\u00e9 les habitants des territoires occup\u00e9s, mais moi non, je ne les ai pas oubli\u00e9s !\u00a0\u00bb \u00bb<\/p>\n<p>Sur la place de l&rsquo;Ind\u00e9pendance, les proches, amis et coll\u00e8gues de Victoria Roshchyna se sont agenouill\u00e9s devant la d\u00e9pouille de la journaliste. Ils esp\u00e8rent que son calvaire aux mains des Russes ne sera pas oubli\u00e9. \u00c0 ce jour, 29 autres journalistes ukrainiens sont emprisonn\u00e9s en <strong><a href=\"https:\/\/www.rfi.fr\/fr\/tag\/russie\/\" class=\"link \" rel=\"nofollow noopener\" target=\"_blank\" data-ylk=\"slk:Russie;elm:context_link;itc:0;sec:content-canvas\">Russie<\/a><\/strong>, o\u00f9 l&rsquo;on craint qu&rsquo;ils soient sujets aux m\u00eames tortures subies par Victoria Roshchyna.<\/p>\n<p>La journaliste collaborait avec plusieurs m\u00e9dias ukrainiens et internationaux. Sa mort a suscit\u00e9 l&rsquo;indignation de l&rsquo;<strong><a href=\"https:\/\/www.rfi.fr\/fr\/tag\/union-europ\u00e9enne\/\" rel=\"nofollow noopener\" target=\"_blank\" data-ylk=\"slk:Union europ\u00e9enne;elm:context_link;itc:0;sec:content-canvas\" class=\"link \">Union europ\u00e9enne<\/a><\/strong> et de nombreuses ONG de d\u00e9fense des droits humains.<\/p>\n<p>\u00c0 lire aussi<a href=\"https:\/\/www.rfi.fr\/fr\/podcasts\/menaces-sur-l-information\/20250503-victoria-roshchyna-une-journaliste-ukrainienne-morte-pour-son-enqu\u00eate\" class=\"link \" rel=\"nofollow noopener\" target=\"_blank\" data-ylk=\"slk:Victoria Roshchyna, une journaliste ukrainienne morte pour son enqu\u00eate;elm:context_link;itc:0;sec:content-canvas\">Victoria Roshchyna, une journaliste ukrainienne morte pour son enqu\u00eate<\/a><\/p>\n","protected":false},"excerpt":{"rendered":"Ce vendredi 8 ao\u00fbt \u00e0 Kiev, les Ukrainiens ont rendu hommage \u00e0 Victoria Roshchyna, journaliste tu\u00e9e apr\u00e8s avoir&hellip;\n","protected":false},"author":2,"featured_media":305874,"comment_status":"","ping_status":"","sticky":false,"template":"","format":"standard","meta":{"footnotes":""},"categories":[1590],"tags":[11,1777,674,2957,11229,12,44589,35495,220,27192,44588],"class_list":{"0":"post-305873","1":"post","2":"type-post","3":"status-publish","4":"format-standard","5":"has-post-thumbnail","7":"category-ukraine","8":"tag-actualites","9":"tag-eu","10":"tag-europe","11":"tag-journaliste","12":"tag-kiev","13":"tag-news","14":"tag-prison-en-russie","15":"tag-territoires-occupes","16":"tag-ukraine","17":"tag-victoria","18":"tag-victoria-roshchyna"},"share_on_mastodon":{"url":"https:\/\/pubeurope.com\/@fr\/114995040293009045","error":""},"_links":{"self":[{"href":"https:\/\/www.europesays.com\/fr\/wp-json\/wp\/v2\/posts\/305873","targetHints":{"allow":["GET"]}}],"collection":[{"href":"https:\/\/www.europesays.com\/fr\/wp-json\/wp\/v2\/posts"}],"about":[{"href":"https:\/\/www.europesays.com\/fr\/wp-json\/wp\/v2\/types\/post"}],"author":[{"embeddable":true,"href":"https:\/\/www.europesays.com\/fr\/wp-json\/wp\/v2\/users\/2"}],"replies":[{"embeddable":true,"href":"https:\/\/www.europesays.com\/fr\/wp-json\/wp\/v2\/comments?post=305873"}],"version-history":[{"count":0,"href":"https:\/\/www.europesays.com\/fr\/wp-json\/wp\/v2\/posts\/305873\/revisions"}],"wp:featuredmedia":[{"embeddable":true,"href":"https:\/\/www.europesays.com\/fr\/wp-json\/wp\/v2\/media\/305874"}],"wp:attachment":[{"href":"https:\/\/www.europesays.com\/fr\/wp-json\/wp\/v2\/media?parent=305873"}],"wp:term":[{"taxonomy":"category","embeddable":true,"href":"https:\/\/www.europesays.com\/fr\/wp-json\/wp\/v2\/categories?post=305873"},{"taxonomy":"post_tag","embeddable":true,"href":"https:\/\/www.europesays.com\/fr\/wp-json\/wp\/v2\/tags?post=305873"}],"curies":[{"name":"wp","href":"https:\/\/api.w.org\/{rel}","templated":true}]}}