{"id":305878,"date":"2025-08-08T20:32:13","date_gmt":"2025-08-08T20:32:13","guid":{"rendered":"https:\/\/www.europesays.com\/fr\/305878\/"},"modified":"2025-08-08T20:32:13","modified_gmt":"2025-08-08T20:32:13","slug":"sous-pression-politique-lallemagne-se-resout-a-suspendre-ses-livraisons-darmes-vers-israel","status":"publish","type":"post","link":"https:\/\/www.europesays.com\/fr\/305878\/","title":{"rendered":"Sous pression politique, l\u2019Allemagne se r\u00e9sout \u00e0 suspendre ses livraisons d\u2019armes vers Isra\u00ebl"},"content":{"rendered":"<p><strong>D\u00c9CRYPTAGE <\/strong>&#8211; Pour Berlin et le chancelier Friedrich Merz, alli\u00e9 le plus fid\u00e8le de l\u2019\u00c9tat h\u00e9breu, il s\u2019agit d\u2019un changement de cap diplomatique.<\/p>\n<p class=\"fig-paragraph\">M\u00eame pour l\u2019Allemagne, soutien europ\u00e9en le plus fid\u00e8le \u00e0 l\u2019\u00c9tat d\u2019Isra\u00ebl, le statu quo \u00e9tait devenu intenable. Vendredi, le chancelier\u00a0<a href=\"http:\/\/www.lefigaro.fr\/conjoncture\/en-allemagne-friedrich-merz-souhaite-s-attaquer-a-l-etat-providence-20250714\" data-fig-type=\"Article\" data-gtm-custom-categorie=\"navigation\" data-gtm-custom-action=\"crossclick\" data-gtm-custom-label=\"Contextuel\" data-gtm-event=\"customEventSPE\" data-fig-domain=\"LEFIGARO\" rel=\"nofollow noopener\" target=\"_blank\">Friedrich Merz<\/a>\u00a0a annonc\u00e9 la suspension des livraisons d\u2019armes susceptibles d\u2019\u00eatre utilis\u00e9es dans la bande de Gaza. Dans l\u2019\u00e9ventail des options diplomatiques dont Berlin disposait ces derni\u00e8res semaines face \u00e0 la trag\u00e9die humanitaire pr\u00e9valant dans l\u2019enclave palestinienne, il s\u2019agissait de la plus radicale. Elle a \u00e9t\u00e9 pr\u00e9cipit\u00e9e par l\u2019annonce du projet de\u00a0<a href=\"http:\/\/www.lefigaro.fr\/international\/eradiquer-le-hamas-retour-des-otages-etablissement-d-une-administration-civile-ce-que-l-on-sait-du-plan-de-netanyahou-pour-prendre-le-controle-de-gaza-20250808\" data-fig-type=\"NewsFlash\" data-gtm-custom-categorie=\"navigation\" data-gtm-custom-action=\"crossclick\" data-gtm-custom-label=\"Contextuel\" data-gtm-event=\"customEventSPE\" data-fig-domain=\"LEFIGARO\" rel=\"nofollow noopener\" target=\"_blank\">conqu\u00eate militaire de la ville de Gaza<\/a>.<\/p>\n<p class=\"fig-paragraph\">\u00ab\u00a0La d\u00e9cision prise de renforcer encore l\u2019action militaire de l\u2019arm\u00e9e isra\u00e9lienne rend de moins en moins claire la mani\u00e8re dont les objectifs\u00a0\u00bb visant \u00e0 lutter \u00ab\u00a0contre le terrorisme du Hamas, pourront \u00eatre atteints. Dans ces circonstances, le gouvernement f\u00e9d\u00e9ral n\u2019autorisera jusqu\u2019\u00e0 nouvel ordre aucune exportation d\u2019\u00e9quipements militaires susceptibles d\u2019\u00eatre utilis\u00e9s dans la bande de Gaza\u00a0\u00bb, a d\u00e9clar\u00e9 Friedrich Merz, qui se dit \u00ab\u00a0profond\u00e9ment pr\u00e9occup\u00e9 par\u2026<\/p>\n<p class=\"fig-premium-paywall__infos\">\n        Cet article est r\u00e9serv\u00e9 aux abonn\u00e9s.        Il vous reste 78% \u00e0 d\u00e9couvrir.\n    <\/p>\n<p>                <img  data- alt=\"Le Figaro\" class=\"fig-img--complete fig-img\"\/><\/p>\n<p class=\"fig-premium-paywall__title\">Vous avez envie de lire la suite ?<\/p>\n<p class=\"fig-premium-paywall__subtitle\">D\u00e9bloquez tous les articles imm\u00e9diatement.<\/p>\n<p class=\"fig-premium-paywall__connect\">\n                D\u00e9j\u00e0 abonn\u00e9\u00a0?                <a class=\"fig-premium-paywall__connect-link\" href=\"https:\/\/connect.lefigaro.fr\/login?client=horizon_web&amp;type=main&amp;redirect_uri=https%3A%2F%2Fwww.lefigaro.fr%2Finternational%2Fsous-pression-politique-l-allemagne-se-resout-a-suspendre-ses-livraisons-d-armes-vers-israel-20250808\" data-js-gtm=\"{&quot;customCategorie&quot;: &quot;conversion&quot;, &quot;customAction&quot;: &quot;before_Landing_Connexion_paywall_auto&quot;, &quot;customLabel&quot;: &quot;bGVmaWdhcm8uZnJfXzFmMDc0NWUzLTEzNTAtNmFjYS1iMDE5LTRmMjdmMDNiYWE1NV9fQXJ0aWNsZQ==_Sous pression politique, l\u2019Allemagne se r\u00e9sout \u00e0 suspendre ses livraisons d\u2019armes vers Isra\u00ebl_469&quot;, &quot;customIDSPE&quot;: &quot;bGVmaWdhcm8uZnJfXzFmMDc0NWUzLTEzNTAtNmFjYS1iMDE5LTRmMjdmMDNiYWE1NV9fQXJ0aWNsZQ==&quot;, &quot;event&quot;: &quot;customEventSPE&quot;}\" rel=\"nofollow noopener\" target=\"_blank\"><br \/>\n                    Connectez-vous<br \/>\n                <\/a>\n            <\/p>\n","protected":false},"excerpt":{"rendered":"D\u00c9CRYPTAGE &#8211; Pour Berlin et le chancelier Friedrich Merz, alli\u00e9 le plus fid\u00e8le de l\u2019\u00c9tat h\u00e9breu, il s\u2019agit&hellip;\n","protected":false},"author":2,"featured_media":305879,"comment_status":"","ping_status":"","sticky":false,"template":"","format":"standard","meta":{"footnotes":""},"categories":[1587],"tags":[11,672,952,1804,1805,1803,1777,674,4710,665,1801,12,1802],"class_list":{"0":"post-305878","1":"post","2":"type-post","3":"status-publish","4":"format-standard","5":"has-post-thumbnail","7":"category-allemagne","8":"tag-actualites","9":"tag-allemagne","10":"tag-benyamin-netanyahou","11":"tag-bundesrepublik-deutschland","12":"tag-de","13":"tag-deutschland","14":"tag-eu","15":"tag-europe","16":"tag-friedrich-merz","17":"tag-gaza","18":"tag-germany","19":"tag-news","20":"tag-republique-federale-dallemagne"},"share_on_mastodon":{"url":"https:\/\/pubeurope.com\/@fr\/114995052211312605","error":""},"_links":{"self":[{"href":"https:\/\/www.europesays.com\/fr\/wp-json\/wp\/v2\/posts\/305878","targetHints":{"allow":["GET"]}}],"collection":[{"href":"https:\/\/www.europesays.com\/fr\/wp-json\/wp\/v2\/posts"}],"about":[{"href":"https:\/\/www.europesays.com\/fr\/wp-json\/wp\/v2\/types\/post"}],"author":[{"embeddable":true,"href":"https:\/\/www.europesays.com\/fr\/wp-json\/wp\/v2\/users\/2"}],"replies":[{"embeddable":true,"href":"https:\/\/www.europesays.com\/fr\/wp-json\/wp\/v2\/comments?post=305878"}],"version-history":[{"count":0,"href":"https:\/\/www.europesays.com\/fr\/wp-json\/wp\/v2\/posts\/305878\/revisions"}],"wp:featuredmedia":[{"embeddable":true,"href":"https:\/\/www.europesays.com\/fr\/wp-json\/wp\/v2\/media\/305879"}],"wp:attachment":[{"href":"https:\/\/www.europesays.com\/fr\/wp-json\/wp\/v2\/media?parent=305878"}],"wp:term":[{"taxonomy":"category","embeddable":true,"href":"https:\/\/www.europesays.com\/fr\/wp-json\/wp\/v2\/categories?post=305878"},{"taxonomy":"post_tag","embeddable":true,"href":"https:\/\/www.europesays.com\/fr\/wp-json\/wp\/v2\/tags?post=305878"}],"curies":[{"name":"wp","href":"https:\/\/api.w.org\/{rel}","templated":true}]}}