{"id":30588,"date":"2025-04-17T02:39:16","date_gmt":"2025-04-17T02:39:16","guid":{"rendered":"https:\/\/www.europesays.com\/fr\/30588\/"},"modified":"2025-04-17T02:39:16","modified_gmt":"2025-04-17T02:39:16","slug":"400-photos-iconiques-au-musee-maillol-a-paris-sa-plus-grande-retrospective-depuis-vingt-ans","status":"publish","type":"post","link":"https:\/\/www.europesays.com\/fr\/30588\/","title":{"rendered":"400 photos iconiques au mus\u00e9e Maillol \u00e0 Paris, sa plus grande r\u00e9trospective depuis vingt ans"},"content":{"rendered":"<p>Un tr\u00e9sor de 450.0000 n\u00e9gatifs, pr\u00e8s de 400 images s\u00e9lectionn\u00e9es et propos\u00e9es au public, 30 comment\u00e9es en audio guide avec la voix de <a href=\"https:\/\/www.20minutes.fr\/arts-stars\/culture\/2291343-20180617-pourquoi-photos-robert-doisneau-elles-si-populaires\" class=\"color-ultramarine c-link\" target=\"_blank\" rel=\"noopener\">Robert Doisneau<\/a>, des collages, des travaux pour la publicit\u00e9, aussi\u00a0: l\u2019exposition Instants Donn\u00e9s que consacre au photographe le <a href=\"https:\/\/www.expo-doisneau.com\/informations-pratiques\/\" rel=\"nofollow noopener\" target=\"_blank\" class=\"color-ultramarine c-link\">Mus\u00e9e Maillol<\/a> \u00e0 Paris*.<\/p>\n<p>\u00ab\u00a0Un effet facile\u00a0\u00bb<\/p>\n<p>Pour beaucoup, son nom reste associ\u00e9 \u00e0 la photo que nombre de touristes visitant la capitale tentent dupliquer\u00a0: Le baiser de l\u2019h\u00f4tel de ville. \u00c0 elle seule, cette image en noir et blanc (r\u00e9alis\u00e9e au <a href=\"https:\/\/fr.wikipedia.org\/wiki\/Rolleiflex\" rel=\"nofollow noopener\" target=\"_blank\" class=\"color-ultramarine c-link\">Rolleiflex<\/a> en\u00a01950) d\u2019un couple d\u2019anonymes s\u2019embrassant devant la Mairie de Paris suffit pour que le nom de Doisneau soit prononc\u00e9. Mythique\u00a0! \u00ab\u00a0Cette photo m\u2019inqui\u00e8te un peu\u00a0: ce succ\u00e8s montre que c\u2019est une chose tr\u00e8s, tr\u00e8s facile, un effet facile\u00a0\u00bb, racontait le photographe.<\/p>\n<p>Conteur inv\u00e9t\u00e9r\u00e9, t\u00e9moin de son temps, journaliste photographe (carte de presse 2.310), passeur\u2026 Robert Doisneau (1912-1994) n\u2019avait cependant pas pour habitude de c\u00e9der \u00e0 la facilit\u00e9 pour prendre ses clich\u00e9s. Parfaitement compos\u00e9e, sa vue romantique parisienne n\u2019avait rien de hasardeuse mais avait \u00e9t\u00e9 soigneusement orchestr\u00e9e, avec deux mod\u00e8les, \u00e9l\u00e8ves du cours Simon.<\/p>\n<p>\u00ab\u00a0J\u2019h\u00e9site\u2026 en r\u00e9alit\u00e9\u00a0\u00bb<\/p>\n<p>Doisneau qui photographia l\u2019enfance, les gens de labeur, les gens de peu, les gens de rien, Paris, la banlieue, leurs bistrots, les ateliers d\u2019artistes, les \u00e9crivains, la mode aussi, bref, la vie, avait sinon un \u0153il de lynx, la patience du chat. \u00ab\u00a0Oh l\u00e0 l\u00e0, Si vous me voyiez faire\u00a0! J\u2019ai honte. D\u2019abord honte de rester sur place parce que\u2026 j\u2019ai l\u2019air d\u2019h\u00e9siter, mais j\u2019h\u00e9site\u2026 en r\u00e9alit\u00e9. Je ne sais pas ce que j\u2019attends\u2026 mais j\u2019attends. J\u2019attends. J\u2019ai l\u2019espoir. Et alors\u2026\u00a0\u00bb.<\/p>\n<p>Et alors\u2026 Les images exhum\u00e9es au Mus\u00e9e Maillol par <a href=\"https:\/\/www.robert-doisneau.com\/fr\/\" rel=\"nofollow noopener\" target=\"_blank\" class=\"color-ultramarine c-link\">L\u2019Atelier Robert Doisneau<\/a> (anim\u00e9 par ses filles Annette et Francine) et la soci\u00e9t\u00e9 <a href=\"https:\/\/tempora-expo.be\/fr\/homepage-fr\/\" rel=\"nofollow noopener\" target=\"_blank\" class=\"color-ultramarine c-link\">Tempora<\/a> (sp\u00e9cialis\u00e9e dans la r\u00e9alisation d\u2019expositions) veulent refl\u00e9ter cette \u0153uvre si singuli\u00e8re.<\/p>\n<p>Pour la premi\u00e8re fois dans une exposition Doisneau, il est ici question de l\u2019enti\u00e8ret\u00e9 du parcours du photographe, avec des clich\u00e9s de\u00a01934 \u00e0\u00a01992. Et la volont\u00e9 affich\u00e9e de proposer de Doisneau une autre image que celle qui lui colle habituellement \u00e0 l\u2019objectif. Selon le mus\u00e9e Maillol, il s\u2019agit de la plus grande r\u00e9trospective consacr\u00e9e au photographe depuis vingt ans.<\/p>\n<p>* Du 17\u00a0avril au 12\u00a0octobre 2025, 59-61, rue de Grenelle, 75007 Paris.<\/p>\n<p><img fetchpriority=\"high\" decoding=\"async\" alt=\"\u00ab\u00a0Mademoiselle Anita\u00a0\u00bb (1951), une des photos de la s\u00e9rie que Robert Doisneau consacra aux bistrots\u00a0: \u00ab\u00a0S\u2019il vous pla\u00eet, ne changez rien, ne bougez rien, je vous expliquerai apr\u00e8s\u00a0\u00bb demanda Doisneau \u00e0 son mod\u00e8le. \u00ab\u00a0Elle a d\u00fb se rendre compte de l\u2019effet produit car, sans m\u00eame lever les yeux, elle a gard\u00e9 cette attitude de pudeur obstin\u00e9e qui lui allait si bien\u2026\u00a0\u00bb.\" class=\"mb-s@xs radius-0@xs radius-xxs@md c-img\" loading=\"eager\" width=\"640\" height=\"408\" src=\"https:\/\/www.europesays.com\/fr\/wp-content\/uploads\/2025\/04\/640x408_mademoiselle-anita-1951-une-des-photos-de-la-serie-que-robert-doisneau-consacra-aux-bistrots.jpeg; charset=utf-8\" \/>Atelier Robert Doisneau\u2002\/\u00a020 Minutes<\/p>\n<p> \u00abMademoiselle Anita\u00a0\u00bb (1951), une des photos de la s\u00e9rie que Robert Doisneau consacra aux bistrots\u00a0: \u00ab\u00a0S\u2019il vous pla\u00eet, ne changez rien, ne bougez rien, je vous expliquerai apr\u00e8s\u00a0\u00bb demanda Doisneau \u00e0 son mod\u00e8le. \u00ab\u00a0Elle a d\u00fb se rendre compte de l\u2019effet produit car, sans m\u00eame lever les yeux, elle a gard\u00e9 cette attitude de pudeur obstin\u00e9e qui lui allait si bien\u2026\u00a0\u00bb.<\/p>\n<p><img decoding=\"async\" alt=\"\u00ab\u00a0Les bouchers m\u00e9lomanes\u00a0\u00bb (1953). \u00ab\u00a0Je maintiens qu\u2019il est bon de poss\u00e9der un bistrot familier. Deux, c\u2019est encore mieux\u00a0\u00bb, affirmait Doisneau qui, pour cette photo prise dans un bistrot du quartier \u00e0 Mouffetard, \u00e0 Paris. \u00ab\u00a0Est-ce que \u00e7a vous ennuie si je fais une photo de vous\u00a0?\u00a0\u00bb, demanda Doisneau \u00e0 la chanteuse. \u00ab\u00a0Non\u00a0\u00bb, lui r\u00e9pondit-elle. \u00ab\u00a0Alors j\u2019ai mis discr\u00e8tement un peu d\u2019argent dans la soucoupe\u00a0: \u00e7a a d\u00fb lui plaire. Et j\u2019ai deux trois photos d\u2019elle. En fait, la meilleure photo d\u2019elle, que j\u2019ai, c\u2019est ce jour-l\u00e0\u00a0\u00bb&#10;\" class=\"mb-s@xs radius-0@xs radius-xxs@md c-img\" loading=\"eager\" width=\"640\" height=\"408\" src=\"https:\/\/www.europesays.com\/fr\/wp-content\/uploads\/2025\/04\/640x408_bistrots-pierrette-d-orient-je-maintiens-qu-il-est-bon-de-posseder-un-bistrot-familier-deux-.jpeg; charset=utf-8\" \/>Atelier Robert Doisneau\u2002\/\u00a020 Minutes<\/p>\n<p> \u00abLes bouchers m\u00e9lomanes\u00a0\u00bb (1953). \u00ab\u00a0Je maintiens qu\u2019il est bon de poss\u00e9der un bistrot familier. Deux, c\u2019est encore mieux\u00a0\u00bb, affirmait Doisneau qui, pour cette photo prise dans un bistrot du quartier \u00e0 Mouffetard, \u00e0 Paris. \u00ab\u00a0Est-ce que \u00e7a vous ennuie si je fais une photo de vous\u00a0?\u00a0\u00bb, demanda Doisneau \u00e0 la chanteuse. \u00ab\u00a0Non\u00a0\u00bb, lui r\u00e9pondit-elle. \u00ab\u00a0Alors j\u2019ai mis discr\u00e8tement un peu d\u2019argent dans la soucoupe\u00a0: \u00e7a a d\u00fb lui plaire. Et j\u2019ai deux trois photos d\u2019elle. En fait, la meilleure photo d\u2019elle, que j\u2019ai, c\u2019est ce jour-l\u00e0\u00a0\u00bb<\/p>\n<p><img decoding=\"async\" alt=\"\u00ab\u00a0L\u2019usine Bobin, \u00e0 Montrouge\u00a0\u00bb (1945). Doisneau a beaucoup photographi\u00e9 les ouvriers, l\u2019industrie d\u2019un monde en pleine mutation, autant de sites photog\u00e9niques au c\u0153ur desquels l\u2019objectif du photographe se confronte surtout au r\u00e9el d\u2019une classe sociale dont il exprimera sans rel\u00e2che les difficult\u00e9s.\" class=\"mb-s@xs mx-auto@xs radius-0@xs radius-xxs@md c-img c-img--is-portrait\" loading=\"eager\" width=\"310\" src=\"https:\/\/www.europesays.com\/fr\/wp-content\/uploads\/2025\/04\/310x0_l-usine-bobin-a-monrouge-1945-doisneau-a-beaucoup-photographie-les-ouvriers-l-industrie-d-un-m.jpeg; charset=utf-8\" \/>Atelier Robert Doisneau\u2002\/\u00a020 Minutes<\/p>\n<p> \u00abL\u2019usine Bobin, \u00e0 Montrouge\u00a0\u00bb (1945). Doisneau a beaucoup photographi\u00e9 les ouvriers, l\u2019industrie d\u2019un monde en pleine mutation, autant de sites photog\u00e9niques au c\u0153ur desquels l\u2019objectif du photographe se confronte surtout au r\u00e9el d\u2019une classe sociale dont il exprimera sans rel\u00e2che les difficult\u00e9s.<\/p>\n<p><img decoding=\"async\" alt=\"\u00ab\u00a0Le saut\u00a0\u00bb (1936). Robert Doisneau ne cessa de photographier l\u2019enfance, tout attir\u00e9 qu\u2019il est par l\u2019innocence de ses mod\u00e8les, leur enthousiasme et bonheur de l\u2019instant partag\u00e9\u00a0; par ce qu\u2019ils lui rappellent aussi de sa propre enfance, lui qui fut orphelin de m\u00e8re et de p\u00e8re \u00e0 l\u2019\u00e2ge de 8 ans\u00a0: \u00ab\u00a0D\u00e9sob\u00e9ir me para\u00eet une fonction vitale et je dois dire que je ne m\u2019en suis pas priv\u00e9\u00a0\u00bb.\" class=\"mb-s@xs mx-auto@xs radius-0@xs radius-xxs@md c-img c-img--is-portrait\" loading=\"eager\" width=\"310\" src=\"https:\/\/www.europesays.com\/fr\/wp-content\/uploads\/2025\/04\/310x0_le-saut-1966-robert-doisneau-ne-cessa-de-photographier-l-enfance-tout-attire-qu-il-est-par-l-i.jpeg; charset=utf-8\" \/>Atelier Robert Doisneau\u2002\/\u00a020 Minutes<\/p>\n<p> \u00abLe saut\u00a0\u00bb (1936). Robert Doisneau ne cessa de photographier l\u2019enfance, tout attir\u00e9 qu\u2019il est par l\u2019innocence de ses mod\u00e8les, leur enthousiasme et bonheur de l\u2019instant partag\u00e9\u00a0; par ce qu\u2019ils lui rappellent aussi de sa propre enfance, lui qui fut orphelin de m\u00e8re et de p\u00e8re \u00e0 l\u2019\u00e2ge de 8 ans\u00a0: \u00ab\u00a0D\u00e9sob\u00e9ir me para\u00eet une fonction vitale et je dois dire que je ne m\u2019en suis pas priv\u00e9\u00a0\u00bb.<\/p>\n<p><img decoding=\"async\" alt=\"\u00ab\u00a0Les coiffeuses au soleil\u00a0\u00bb (1966). Une sc\u00e8ne de rue parisienne, comme Doisneau les affectionnait tant. \u00ab\u00a0On se met \u00e0 un tel endroit, o\u00f9 \u00e7a vous arrange. Donc\u2026 c\u2019est\u2026 c\u2019est une esp\u00e8ce de faux t\u00e9moignage\u2026 ah oui\u2026 Mais on se sert de mat\u00e9riaux vrais, \u00e7a c\u2019est\u2026 c\u2019est bien. \u00c7a donne une solidit\u00e9. Mais on y croit comme \u00e7a\u00a0\u00bb, exprimera Robert Doisneau sur ce type de cadrage.\" class=\"mb-s@xs radius-0@xs radius-xxs@md c-img\" loading=\"eager\" width=\"640\" height=\"408\" src=\"https:\/\/www.europesays.com\/fr\/wp-content\/uploads\/2025\/04\/640x408_jeunes-coiffeuses-prenant-le-soleil-a-la-terrasse-d-un-cafe-de-la-rue-mouton-duvernet-1966-u.jpeg; charset=utf-8\" \/>Atelier Robert Doisneau\u2002\/\u00a020 Minutes<\/p>\n<p> \u00abLes coiffeuses au soleil\u00a0\u00bb (1966). Une sc\u00e8ne de rue parisienne, comme Doisneau les affectionnait tant. \u00ab\u00a0On se met \u00e0 un tel endroit, o\u00f9 \u00e7a vous arrange. Donc\u2026 c\u2019est\u2026 c\u2019est une esp\u00e8ce de faux t\u00e9moignage\u2026 ah oui\u2026 Mais on se sert de mat\u00e9riaux vrais, \u00e7a c\u2019est\u2026 c\u2019est bien. \u00c7a donne une solidit\u00e9. Mais on y croit comme \u00e7a\u00a0\u00bb, exprimera Robert Doisneau sur ce type de cadrage.<\/p>\n<p><img decoding=\"async\" alt=\"Autoportrait de Robert Doisneau, r\u00e9alis\u00e9 au Rolleiflex en\u00a01947, \u00ab\u00a0l\u2019appareil dont on avait tous envie\u00a0\u00bb, dira le photographe qui finira par en user le vernis noir qui en recouvre la surface \u00e0 force de manipulations.\" class=\"mb-s@xs mx-auto@xs radius-0@xs radius-xxs@md c-img c-img--is-portrait\" loading=\"eager\" width=\"310\" src=\"https:\/\/www.europesays.com\/fr\/wp-content\/uploads\/2025\/04\/310x0_autoportrait-de-robert-doisneau-realise-au-rolleiflex-en-1947-l-appareil-dont-on-avait-tous-en.jpeg; charset=utf-8\" \/>Atelier Robert Doisneau\u2002\/\u00a020 Minutes<\/p>\n<p>Autoportrait de Robert Doisneau, r\u00e9alis\u00e9 au Rolleiflex en\u00a01947, \u00ab\u00a0l\u2019appareil dont on avait tous envie\u00a0\u00bb, dira le photographe qui finira par en user le vernis noir qui en recouvre la surface \u00e0 force de manipulations.<\/p>\n","protected":false},"excerpt":{"rendered":"Un tr\u00e9sor de 450.0000 n\u00e9gatifs, pr\u00e8s de 400 images s\u00e9lectionn\u00e9es et propos\u00e9es au public, 30 comment\u00e9es en audio&hellip;\n","protected":false},"author":2,"featured_media":30589,"comment_status":"","ping_status":"","sticky":false,"template":"","format":"standard","meta":{"footnotes":""},"categories":[1358],"tags":[3734,1348,1384,1385,251,1386,6196,58,59,3293,1011,27,662,9877,3048,626,2745],"class_list":{"0":"post-30588","1":"post","2":"type-post","3":"status-publish","4":"format-standard","5":"has-post-thumbnail","7":"category-arts-et-design","8":"tag-art","9":"tag-arts","10":"tag-arts-and-design","11":"tag-arts-et-design","12":"tag-culture","13":"tag-design","14":"tag-diaporamas","15":"tag-divertissement","16":"tag-entertainment","17":"tag-exposition","18":"tag-fr","19":"tag-france","20":"tag-ile-de-france","21":"tag-journalisme","22":"tag-musee","23":"tag-paris","24":"tag-photo"},"share_on_mastodon":{"url":"https:\/\/pubeurope.com\/@fr\/114350991846437898","error":""},"_links":{"self":[{"href":"https:\/\/www.europesays.com\/fr\/wp-json\/wp\/v2\/posts\/30588","targetHints":{"allow":["GET"]}}],"collection":[{"href":"https:\/\/www.europesays.com\/fr\/wp-json\/wp\/v2\/posts"}],"about":[{"href":"https:\/\/www.europesays.com\/fr\/wp-json\/wp\/v2\/types\/post"}],"author":[{"embeddable":true,"href":"https:\/\/www.europesays.com\/fr\/wp-json\/wp\/v2\/users\/2"}],"replies":[{"embeddable":true,"href":"https:\/\/www.europesays.com\/fr\/wp-json\/wp\/v2\/comments?post=30588"}],"version-history":[{"count":0,"href":"https:\/\/www.europesays.com\/fr\/wp-json\/wp\/v2\/posts\/30588\/revisions"}],"wp:featuredmedia":[{"embeddable":true,"href":"https:\/\/www.europesays.com\/fr\/wp-json\/wp\/v2\/media\/30589"}],"wp:attachment":[{"href":"https:\/\/www.europesays.com\/fr\/wp-json\/wp\/v2\/media?parent=30588"}],"wp:term":[{"taxonomy":"category","embeddable":true,"href":"https:\/\/www.europesays.com\/fr\/wp-json\/wp\/v2\/categories?post=30588"},{"taxonomy":"post_tag","embeddable":true,"href":"https:\/\/www.europesays.com\/fr\/wp-json\/wp\/v2\/tags?post=30588"}],"curies":[{"name":"wp","href":"https:\/\/api.w.org\/{rel}","templated":true}]}}