{"id":305882,"date":"2025-08-08T20:34:12","date_gmt":"2025-08-08T20:34:12","guid":{"rendered":"https:\/\/www.europesays.com\/fr\/305882\/"},"modified":"2025-08-08T20:34:12","modified_gmt":"2025-08-08T20:34:12","slug":"guerre-a-gaza-hamas-onu-union-europeenne-le-monde-reagit-au-plan-de-netanyahu-pour-prendre-le-controle-de-lenclave-palestinienne","status":"publish","type":"post","link":"https:\/\/www.europesays.com\/fr\/305882\/","title":{"rendered":"Guerre \u00e0 Gaza\u00a0: Hamas, ONU, Union europ\u00e9enne\u2026 le monde r\u00e9agit au plan de Netanyahu pour prendre le contr\u00f4le de l\u2019enclave palestinienne"},"content":{"rendered":"<p>\n                                                                Dans la nuit du jeudi au vendredi 8\u00a0ao\u00fbt 2025, Benjamin Netanyahu a pr\u00e9sent\u00e9 un plan en 5 principes afin de \u00ab\u00a0conclure la guerre\u00a0\u00bb \u00e0 Gaza\u00a0: \u00ab\u00a0le d\u00e9sarmement\u00a0du Hamas, le retour de tous les otages, vivants et morts\u00a0; la d\u00e9militarisation\u00a0; le contr\u00f4le s\u00e9curitaire isra\u00e9lien\u00a0; l\u2019\u00e9tablissement d\u2019une administration civile alternative qui ne soit ni le Hamas ni l\u2019Autorit\u00e9 palestinienne\u00a0\u00bb. Un plan qui n\u2019a pas manqu\u00e9 de faire r\u00e9agir le monde, globalement oppos\u00e9 au projet.\n                            <\/p>\n<p><a href=\"https:\/\/www.midilibre.fr\/2025\/08\/08\/guerre-a-gaza-benjamin-netanyahou-annonce-son-intention-de-prendre-le-controle-de-lenclave-palestinienne-12865605.php\" target=\"_blank\" rel=\"nofollow noopener\">Le cabinet de s\u00e9curit\u00e9 isra\u00e9lien a approuv\u00e9 <\/a>dans la nuit de jeudi \u00e0 vendredi 8\u00a0ao\u00fbt un plan pr\u00e9sent\u00e9 <a href=\"https:\/\/www.midilibre.fr\/2025\/08\/05\/netanyahou-veut-poursuivre-la-guerre-contre-le-hamas-a-gaza-12859979.php\" target=\"_blank\" rel=\"nofollow noopener\">par le Premier ministre Benjamin Netanyahu<\/a> visant \u00e0 prendre le<a href=\"https:\/\/www.midilibre.fr\/2025\/08\/06\/israel-va-t-il-reprendre-le-controle-total-de-gaza-12861590.php\" target=\"_blank\" rel=\"nofollow noopener\"> contr\u00f4le de la ville de Gaza,<\/a> d\u00e9vast\u00e9e par la guerre et en proie \u00e0 une crise humanitaire.<\/p>\n<p><a href=\"https:\/\/www.midilibre.fr\/2025\/08\/05\/guerre-a-gaza-ne-confondez-pas-le-bruit-diplomatique-et-la-realite-macron-somme-dagir-apres-lappel-de-deux-intellectuels-franco-israeliens-12861191.php\" target=\"_blank\" rel=\"nofollow noopener\">\u00c0 l\u2019heure actuelle, la France<\/a> et les \u00c9tats-Unis n\u2019ont pas encore r\u00e9agi.<\/p>\n<p>Occuper la ville de Gaza signifie le \u00ab\u00a0sacrifice\u00a0\u00bb des otages pour le Hamas<\/p>\n<p><a href=\"https:\/\/www.midilibre.fr\/2025\/08\/03\/guerre-a-gaza-la-cruaute-du-hamas-na-pas-de-limite-benyamin-netanyahu-consterne-par-les-videos-des-otages-diffusees-12858256.php\" target=\"_blank\" rel=\"nofollow noopener\">Le Hamas a qualifi\u00e9 les d\u00e9clarations <\/a>de Benjamin Netanyahu de \u00ab\u00a0coup flagrant\u00a0\u00bb port\u00e9 au processus de n\u00e9gociation et la d\u00e9cision de son cabinet de s\u00e9curit\u00e9 de \u00ab\u00a0crime de guerre\u00a0\u00bb.<\/p>\n<p>\u00ab\u00a0Les plans de Netanyahu visant \u00e0 intensifier l\u2019agression confirment sans aucun doute qu\u2019il cherche \u00e0 se d\u00e9barrasser de ses captifs et \u00e0 les sacrifier\u00a0\u00bb, a ajout\u00e9 le groupe dans un communiqu\u00e9.<\/p>\n<p>Interrog\u00e9 sur le projet qu\u2019aurait Benjamin Netanyahu de confier la gouvernance de Gaza \u00e0 des \u00ab\u00a0forces arabes\u00a0\u00bb, un responsable jordanien a d\u00e9clar\u00e9 \u00e0 Reuters que les pays arabes \u00ab\u00a0ne soutiendr (aie) nt que ce que les Palestiniens auront approuv\u00e9 et d\u00e9cid\u00e9\u00a0\u00bb, ajoutant que la s\u00e9curit\u00e9 \u00e0 Gaza devrait \u00e0 l\u2019avenir \u00eatre confi\u00e9e aux \u00ab\u00a0institutions palestiniennes l\u00e9gitimes\u00a0\u00bb.<\/p>\n<p>Un plan qui doit\u00a0\u00eatre \u00ab\u00a0imm\u00e9diatement stopp\u00e9\u00a0\u00bb pour l\u2019ONU<\/p>\n<p>Le plan du gouvernement isra\u00e9lien \u00ab\u00a0doit \u00eatre imm\u00e9diatement stopp\u00e9\u00a0\u00bb, a d\u00e9clar\u00e9 le Haut-Commissaire aux droits de l\u2019homme Volker T\u00fcrk dans un communiqu\u00e9.<\/p>\n<p>Ce plan \u00ab\u00a0va \u00e0 l\u2019encontre de la d\u00e9cision de la Cour internationale de justice selon laquelle Isra\u00ebl doit mettre fin \u00e0 son occupation d\u00e8s que possible, de la r\u00e9alisation de la solution \u00e0 deux \u00c9tats convenue et du droit des Palestiniens \u00e0 l\u2019autod\u00e9termination\u00a0\u00bb, a ajout\u00e9 Volker\u00a0T\u00fcrk.<\/p>\n<p>La d\u00e9cision du gouvernement isra\u00e9lien d\u2019\u00e9tendre son op\u00e9ration militaire dans la bande de Gaza \u00ab\u00a0doit \u00eatre r\u00e9examin\u00e9e\u00a0\u00bb, a d\u00e9clar\u00e9 Ursula von der Leyen sur X. \u00ab\u00a0Parall\u00e8lement, une lib\u00e9ration de tous les otages, d\u00e9tenus dans des conditions inhumaines, doit intervenir\u00a0\u00bb, ajoute-t-elle.<\/p>\n<blockquote data-class=\"twitter-tweet\">\n<p lang=\"en\" dir=\"ltr\">The Israeli government\u2019s decision to further extend its military operation in Gaza must be reconsidered.<\/p>\n<p>At the same time, there must be the release of all hostages, who are being held in inhumane conditions.<\/p>\n<p>And humanitarian aid must be given immediate and unhindered access to\u2026<\/p>\n<p>\u2014 Ursula von der Leyen (@vonderleyen) <a href=\"https:\/\/twitter.com\/vonderleyen\/status\/1953785481931423827?ref_src=twsrc%5Etfw\" rel=\"nofollow noopener\" target=\"_blank\">August 8, 2025<\/a><\/p><\/blockquote>\n<p>L\u2019Allemagne suspend l\u2019exportation d\u2019armes \u00e0 Isra\u00ebl<\/p>\n<p>Le chancelier allemand Friedrich Merz a annonc\u00e9 la suspension des exportations d\u2019armes qu\u2019Isra\u00ebl pourrait utiliser \u00e0 Gaza.<\/p>\n<p>Il devient \u00ab\u00a0de plus en plus difficile de comprendre\u00a0\u00bb en quoi le plan militaire isra\u00e9lien permettrait d\u2019atteindre ses objectifs dans la bande de Gaza et, \u00ab\u00a0dans ces circonstances, le gouvernement allemand n\u2019autorise pas, jusqu\u2019\u00e0 nouvel ordre, les exportations d\u2019\u00e9quipements militaires susceptibles d\u2019\u00eatre utilis\u00e9s dans la bande de Gaza\u00a0\u00bb, a d\u00e9clar\u00e9 le chancelier, dans un communiqu\u00e9.<\/p>\n<p>\u00ab\u00a0Une erreur\u00a0\u00bb pour Keir Starmer<\/p>\n<p>\u00ab\u00a0La d\u00e9cision du gouvernement isra\u00e9lien d\u2019intensifier son offensive \u00e0 Gaza est une erreur et nous l\u2019exhortons \u00e0 (la) reconsid\u00e9rer imm\u00e9diatement\u00a0\u00bb, a estim\u00e9 le Premier ministre britannique Keir Starmer dans un communiqu\u00e9.<\/p>\n<p>\u00ab\u00a0Cette action ne contribuera en rien \u00e0 mettre fin au conflit ni \u00e0 obtenir la lib\u00e9ration des otages. Elle ne fera qu\u2019engendrer davantage de massacres\u00a0\u00bb, a-t-il conclu.<\/p>\n<p>L\u2019Espagne \u00ab\u00a0condamne fermement\u00a0\u00bb le plan<\/p>\n<p>\u00ab\u00a0Nous condamnons fermement la d\u00e9cision du gouvernement isra\u00e9lien d\u2019intensifier l\u2019occupation militaire de Gaza\u00a0\u00bb, a d\u00e9clar\u00e9 le ministre espagnol des Affaires \u00e9trang\u00e8res, Manuel Albares, estimant que ce plan \u00ab\u00a0ne provoquerait que davantage de destructions et de souffrance\u00a0\u00bb.<\/p>\n<p>\u00ab\u00a0Un cessez-le-feu permanent, l\u2019entr\u00e9e massive et imm\u00e9diate d\u2019aide humanitaire et la lib\u00e9ration de tous les otages sont urgents. La paix d\u00e9finitive dans la r\u00e9gion ne sera atteinte qu\u2019en \u00e9tablissant la solution de deux \u00c9tats, qui inclut un \u00c9tat de Palestine r\u00e9aliste et viable\u00a0\u00bb, a-t-il ajout\u00e9 sur X.<\/p>\n<p>Turquie et Chine inquiets du sort palestinien<\/p>\n<p>La Turquie a \u00ab\u00a0appel\u00e9 la communaut\u00e9 internationale \u00e0 assumer ses responsabilit\u00e9s en vue d\u2019emp\u00eacher la mise en \u0153uvre\u00a0\u00bb du plan isra\u00e9lien. Celui-ci \u00ab\u00a0vise \u00e0 d\u00e9placer de force les Palestiniens de leur propre terre en rendant Gaza inhabitable\u00a0\u00bb, a estim\u00e9 le minist\u00e8re turc des Affaires \u00e9trang\u00e8res dans un communiqu\u00e9.<\/p>\n<p>P\u00e9kin a exprim\u00e9 sa \u00ab\u00a0grave inqui\u00e9tude\u00a0\u00bb, exhortant Isra\u00ebl \u00e0 \u00ab\u00a0cesser imm\u00e9diatement ses actions dangereuses\u00a0\u00bb. \u00ab\u00a0Gaza appartient au peuple palestinien et fait partie int\u00e9grante du territoire palestinien\u00a0\u00bb, a d\u00e9clar\u00e9 un porte-parole du minist\u00e8re chinois des Affaires \u00e9trang\u00e8res dans une r\u00e9ponse \u00e9crite \u00e0 l\u2019AFP.<\/p>\n<p>                                                                                                                                                                                                        <script async src=\"https:\/\/platform.twitter.com\/widgets.js\" charset=\"utf-8\"><\/script><\/p>\n","protected":false},"excerpt":{"rendered":"Dans la nuit du jeudi au vendredi 8\u00a0ao\u00fbt 2025, Benjamin Netanyahu a pr\u00e9sent\u00e9 un plan en 5 principes&hellip;\n","protected":false},"author":2,"featured_media":305883,"comment_status":"","ping_status":"","sticky":false,"template":"","format":"standard","meta":{"footnotes":""},"categories":[1586],"tags":[11,1777,674,1779,1011,27,12,25,1778,364],"class_list":{"0":"post-305882","1":"post","2":"type-post","3":"status-publish","4":"format-standard","5":"has-post-thumbnail","7":"category-europe","8":"tag-actualites","9":"tag-eu","10":"tag-europe","11":"tag-european-union","12":"tag-fr","13":"tag-france","14":"tag-news","15":"tag-republique-francaise","16":"tag-ue","17":"tag-union-europeenne"},"share_on_mastodon":{"url":"https:\/\/pubeurope.com\/@fr\/114995060043693628","error":""},"_links":{"self":[{"href":"https:\/\/www.europesays.com\/fr\/wp-json\/wp\/v2\/posts\/305882","targetHints":{"allow":["GET"]}}],"collection":[{"href":"https:\/\/www.europesays.com\/fr\/wp-json\/wp\/v2\/posts"}],"about":[{"href":"https:\/\/www.europesays.com\/fr\/wp-json\/wp\/v2\/types\/post"}],"author":[{"embeddable":true,"href":"https:\/\/www.europesays.com\/fr\/wp-json\/wp\/v2\/users\/2"}],"replies":[{"embeddable":true,"href":"https:\/\/www.europesays.com\/fr\/wp-json\/wp\/v2\/comments?post=305882"}],"version-history":[{"count":0,"href":"https:\/\/www.europesays.com\/fr\/wp-json\/wp\/v2\/posts\/305882\/revisions"}],"wp:featuredmedia":[{"embeddable":true,"href":"https:\/\/www.europesays.com\/fr\/wp-json\/wp\/v2\/media\/305883"}],"wp:attachment":[{"href":"https:\/\/www.europesays.com\/fr\/wp-json\/wp\/v2\/media?parent=305882"}],"wp:term":[{"taxonomy":"category","embeddable":true,"href":"https:\/\/www.europesays.com\/fr\/wp-json\/wp\/v2\/categories?post=305882"},{"taxonomy":"post_tag","embeddable":true,"href":"https:\/\/www.europesays.com\/fr\/wp-json\/wp\/v2\/tags?post=305882"}],"curies":[{"name":"wp","href":"https:\/\/api.w.org\/{rel}","templated":true}]}}