{"id":305890,"date":"2025-08-08T20:40:12","date_gmt":"2025-08-08T20:40:12","guid":{"rendered":"https:\/\/www.europesays.com\/fr\/305890\/"},"modified":"2025-08-08T20:40:12","modified_gmt":"2025-08-08T20:40:12","slug":"le-rugby-club-toulonnais-a-revu-sa-politique-tarifaire","status":"publish","type":"post","link":"https:\/\/www.europesays.com\/fr\/305890\/","title":{"rendered":"Le Rugby Club Toulonnais a revu sa politique tarifaire !"},"content":{"rendered":"<p>\u00c0 Toulon, l\u2019\u00e9t\u00e9 a \u00e9t\u00e9 synonyme de renouveau, et pas seulement sur le terrain.<\/p>\n<p>Le Rugby Club Toulonnais a revu sa politique tarifaire pour rendre le stade Mayol plus accessible aux jeunes et aux familles.<\/p>\n<p>D\u00e9sormais, les moins de 26 ans et les enfants de 14 ans ou moins peuvent b\u00e9n\u00e9ficier d\u2019abonnements \u00e0 prix r\u00e9duits. Les tarifs d\u00e9butent \u00e0 120 \u20ac pour une place derri\u00e8re les poteaux et peuvent atteindre 390 \u20ac pour une vue centrale dans la tribune lat\u00e9rale Bonnus.<\/p>\n<p>Le club ne s\u2019arr\u00eate pas l\u00e0. Une nouveaut\u00e9 attend les enfants de 6 \u00e0 14 ans : un espace sp\u00e9cialement d\u00e9di\u00e9 \u00e0 une trentaine d\u2019entre eux \u00e0 chaque rencontre, encadr\u00e9s par Kangourou Kids. Au programme : go\u00fbter, cadeaux et photo souvenir avec les joueurs sur la pelouse apr\u00e8s le match, le tout pour 15 \u20ac.<\/p>\n<p>Cerise sur le g\u00e2teau, les plus petits \u2013 \u00e2g\u00e9s de moins de 5 ans \u2013 pourront acc\u00e9der gratuitement aux matchs de Top 14 et de Champions Cup, \u00e0 condition de pr\u00e9senter une pi\u00e8ce justificative au guichet.<\/p>\n<p>Une initiative qui pourrait bien remplir les tribunes de jeunes voix pr\u00eates \u00e0 encourager le RCT tout au long de la saison.<\/p>\n","protected":false},"excerpt":{"rendered":"\u00c0 Toulon, l\u2019\u00e9t\u00e9 a \u00e9t\u00e9 synonyme de renouveau, et pas seulement sur le terrain. Le Rugby Club Toulonnais&hellip;\n","protected":false},"author":2,"featured_media":222730,"comment_status":"","ping_status":"","sticky":false,"template":"","format":"standard","meta":{"footnotes":""},"categories":[1416],"tags":[1011,27,479,1468,60],"class_list":{"0":"post-305890","1":"post","2":"type-post","3":"status-publish","4":"format-standard","5":"has-post-thumbnail","7":"category-rugby","8":"tag-fr","9":"tag-france","10":"tag-rugby","11":"tag-rugby-football","12":"tag-sports"},"share_on_mastodon":{"url":"https:\/\/pubeurope.com\/@fr\/114995083594068815","error":""},"_links":{"self":[{"href":"https:\/\/www.europesays.com\/fr\/wp-json\/wp\/v2\/posts\/305890","targetHints":{"allow":["GET"]}}],"collection":[{"href":"https:\/\/www.europesays.com\/fr\/wp-json\/wp\/v2\/posts"}],"about":[{"href":"https:\/\/www.europesays.com\/fr\/wp-json\/wp\/v2\/types\/post"}],"author":[{"embeddable":true,"href":"https:\/\/www.europesays.com\/fr\/wp-json\/wp\/v2\/users\/2"}],"replies":[{"embeddable":true,"href":"https:\/\/www.europesays.com\/fr\/wp-json\/wp\/v2\/comments?post=305890"}],"version-history":[{"count":0,"href":"https:\/\/www.europesays.com\/fr\/wp-json\/wp\/v2\/posts\/305890\/revisions"}],"wp:featuredmedia":[{"embeddable":true,"href":"https:\/\/www.europesays.com\/fr\/wp-json\/wp\/v2\/media\/222730"}],"wp:attachment":[{"href":"https:\/\/www.europesays.com\/fr\/wp-json\/wp\/v2\/media?parent=305890"}],"wp:term":[{"taxonomy":"category","embeddable":true,"href":"https:\/\/www.europesays.com\/fr\/wp-json\/wp\/v2\/categories?post=305890"},{"taxonomy":"post_tag","embeddable":true,"href":"https:\/\/www.europesays.com\/fr\/wp-json\/wp\/v2\/tags?post=305890"}],"curies":[{"name":"wp","href":"https:\/\/api.w.org\/{rel}","templated":true}]}}