{"id":305891,"date":"2025-08-08T20:41:10","date_gmt":"2025-08-08T20:41:10","guid":{"rendered":"https:\/\/www.europesays.com\/fr\/305891\/"},"modified":"2025-08-08T20:41:10","modified_gmt":"2025-08-08T20:41:10","slug":"atp-cincinnati-jannik-sinner-balaie-les-questions-sur-sa-decision-controversee-jai-deja-tout-dit","status":"publish","type":"post","link":"https:\/\/www.europesays.com\/fr\/305891\/","title":{"rendered":"ATP &#8211; Cincinnati > Jannik Sinner balaie les questions sur sa d\u00e9cision controvers\u00e9e : \u00ab\u00a0J&rsquo;ai d\u00e9j\u00e0 tout dit\u00a0\u00bb"},"content":{"rendered":"<p>Le 23 juillet dernier, <a href=\"https:\/\/www.welovetennis.fr\/atp\/la-decision-deroutante-de-sinner-moins-de-trois-mois-apres-la-fin-de-sa-suspension\" data-wpel-link=\"internal\" target=\"_blank\" rel=\"noopener\">Jannik Sinner surpre\u00adnait tout le monde en r\u00e9em\u00adbau\u00adchant Umberto Ferrara<\/a>, le pr\u00e9pa\u00adra\u00adteur physique qu\u2019il avait licenci\u00e9 quelques mois plus t\u00f4t suite \u00e0 l\u2019af\u00adfaire de son contr\u00f4le anti\u00addo\u00adpage positif.\u00a0<\/p>\n<p>Dans un commu\u00adniqu\u00e9, l\u2019\u00e9quipe du num\u00e9ro 1 mondial \u00e9cri\u00advait\u00a0: \u00ab\u202fUmberto a jou\u00e9 un r\u00f4le impor\u00adtant dans l\u2019\u00e9volution de Jannik et son retour refl\u00e8te une volont\u00e9 renou\u00advel\u00e9e de privi\u00adl\u00e9\u00adgier la conti\u00adnuit\u00e9 et la perfor\u00admance au plus haut niveau.\u202f\u00bb<\/p>\n<p>Logiquement inter\u00adrog\u00e9 sur cette d\u00e9ci\u00adsion qui a fait couler beau\u00adcoup d\u2019encre, l\u2019Italien a rapi\u00adde\u00adment balay\u00e9 le sujet. <strong>\u00ab\u202fJe pense que nous avons tout dit dans notre d\u00e9cla\u00adra\u00adtion. Je suis tr\u00e8s heureux d\u2019\u00eatre ici et de rejouer ce tournoi\u202f\u00bb<\/strong>, a\u2011t\u2010il d\u00e9clar\u00e9 en conf\u00e9\u00adrence de presse avant ses d\u00e9buts sur le Masters 1000 de Cincinnati.\u00a0<\/p>\n<p class=\"post-published-date\" style=\"color: silver; font-size: 75%; text-align: left;\">Publi\u00e9 le vendredi 8 ao\u00fbt 2025 \u00e0 19:09<\/p>\n","protected":false},"excerpt":{"rendered":"Le 23 juillet dernier, Jannik Sinner surpre\u00adnait tout le monde en r\u00e9em\u00adbau\u00adchant Umberto Ferrara, le pr\u00e9pa\u00adra\u00adteur physique qu\u2019il&hellip;\n","protected":false},"author":2,"featured_media":305892,"comment_status":"","ping_status":"","sticky":false,"template":"","format":"standard","meta":{"footnotes":""},"categories":[1415],"tags":[1011,27,2127,60,1467],"class_list":{"0":"post-305891","1":"post","2":"type-post","3":"status-publish","4":"format-standard","5":"has-post-thumbnail","7":"category-tennis","8":"tag-fr","9":"tag-france","10":"tag-sinner","11":"tag-sports","12":"tag-tennis"},"share_on_mastodon":{"url":"https:\/\/pubeurope.com\/@fr\/114995087418301847","error":""},"_links":{"self":[{"href":"https:\/\/www.europesays.com\/fr\/wp-json\/wp\/v2\/posts\/305891","targetHints":{"allow":["GET"]}}],"collection":[{"href":"https:\/\/www.europesays.com\/fr\/wp-json\/wp\/v2\/posts"}],"about":[{"href":"https:\/\/www.europesays.com\/fr\/wp-json\/wp\/v2\/types\/post"}],"author":[{"embeddable":true,"href":"https:\/\/www.europesays.com\/fr\/wp-json\/wp\/v2\/users\/2"}],"replies":[{"embeddable":true,"href":"https:\/\/www.europesays.com\/fr\/wp-json\/wp\/v2\/comments?post=305891"}],"version-history":[{"count":0,"href":"https:\/\/www.europesays.com\/fr\/wp-json\/wp\/v2\/posts\/305891\/revisions"}],"wp:featuredmedia":[{"embeddable":true,"href":"https:\/\/www.europesays.com\/fr\/wp-json\/wp\/v2\/media\/305892"}],"wp:attachment":[{"href":"https:\/\/www.europesays.com\/fr\/wp-json\/wp\/v2\/media?parent=305891"}],"wp:term":[{"taxonomy":"category","embeddable":true,"href":"https:\/\/www.europesays.com\/fr\/wp-json\/wp\/v2\/categories?post=305891"},{"taxonomy":"post_tag","embeddable":true,"href":"https:\/\/www.europesays.com\/fr\/wp-json\/wp\/v2\/tags?post=305891"}],"curies":[{"name":"wp","href":"https:\/\/api.w.org\/{rel}","templated":true}]}}