{"id":305895,"date":"2025-08-08T20:44:13","date_gmt":"2025-08-08T20:44:13","guid":{"rendered":"https:\/\/www.europesays.com\/fr\/305895\/"},"modified":"2025-08-08T20:44:13","modified_gmt":"2025-08-08T20:44:13","slug":"lecurie-pousse-pour-un-retour-de-valtteri-bottas-en-formule-1-en-2026","status":"publish","type":"post","link":"https:\/\/www.europesays.com\/fr\/305895\/","title":{"rendered":"l\u2019\u00e9curie pousse pour un retour de Valtteri Bottas en Formule 1 en 2026"},"content":{"rendered":"<p>Apr\u00e8s cinq saisons pass\u00e9es chez Mercedes entre 2017 et 2021, ponctu\u00e9es de 10 victoires et 67 podiums, Valtteri Bottas a poursuivi sa carri\u00e8re chez Alfa Romeo, devenue Sauber. Avec l\u2019arriv\u00e9e d\u2019Audi et Cadillac en 2026, son avenir est aujourd\u2019hui incertain, mais Toto Wolff n\u2019h\u00e9site pas \u00e0 plaider sa cause dans le paddock.<\/p>\n<blockquote>\n<p>\u201cValtteri fait partie de la famille Mercedes depuis tr\u00e8s, tr\u00e8s longtemps. Si un de nos pilotes titulaires souffrait d&rsquo;une intoxication alimentaire au poisson, c&rsquo;est un pilote qu&rsquo;il suffit de mettre dans la voiture et il sera absolument dans le rythme. C&rsquo;est formidable de savoir que votre troisi\u00e8me pilote est aussi rapide que possible. \u00c9videmment, en ce qui concerne Valtteri, il m\u00e9rite un baquet. Esp\u00e9rons que la porte va s&rsquo;ouvrir. \u00c0 suivre\u2026\u201d D\u00e9clare le patron de Mercedes, source : <a href=\"http:\/\/paddock-gp.com\" rel=\"nofollow noopener\" target=\"_blank\">paddock-gp.com<\/a>\u00a0<\/p>\n<\/blockquote>\n<p><b>Un profil recherch\u00e9 pour la nouvelle \u00e8re F1<\/b><\/p>\n<p>Avec le changement de r\u00e9glementation pr\u00e9vu en 2026, de nombreux constructeurs et \u00e9quipes cherchent \u00e0 s\u2019entourer de pilotes capables d\u2019apporter des retours techniques solides tout en assurant des r\u00e9sultats constants. Pour Wolff, Bottas fait partie de ces rares profils capables d\u2019allier performance et esprit d\u2019\u00e9quipe, un atout crucial lors d\u2019une phase de transition.<\/p>\n<p><b>Un march\u00e9 des pilotes en pleine \u00e9bullition<\/b><\/p>\n<p>Alors que plusieurs contrats arrivent \u00e0 \u00e9ch\u00e9ance fin 2025, le march\u00e9 des transferts s\u2019annonce particuli\u00e8rement agit\u00e9. Bottas, fort de son exp\u00e9rience et de son image positive dans le paddock, pourrait tirer son \u00e9pingle du jeu. Si Wolff ne compte pas le rapatrier chez Mercedes, son soutien public pourrait influencer d\u2019autres \u00e9curies dans leurs d\u00e9cisions.<\/p>\n<p>    Partagez cette info avec vos amis et vos proches en cliquant ici  <\/p>\n<p> Podcasts \u00e0 la une MEN LIFE <\/p>\n<p>    Mercedes : Wolff veut voir Bottas retrouver un baquet F1 en 2026<\/p>\n<p>Toto Wolff plaide publiquement pour que Valtteri Bottas, ancien pilote Mercedes, obtienne une place comp\u00e9titive sur la grille en 2026. Avec la nouvelle \u00e8re technique qui s\u2019annonce, le patron autrichien estime que le Finlandais poss\u00e8de l\u2019exp\u00e9rience et la r\u00e9gularit\u00e9 n\u00e9cessaires pour renforcer une \u00e9quipe ambitieuse.<\/p>\n<p>R\u00e9dacteur<\/p>\n<p><img decoding=\"async\" width=\"76\" height=\"76\" loading=\"lazy\" src=\"https:\/\/www.europesays.com\/fr\/wp-content\/uploads\/2025\/04\/avatar-sport-am.png\" alt=\"Victor Teyssier\"\/><\/p>\n","protected":false},"excerpt":{"rendered":"Apr\u00e8s cinq saisons pass\u00e9es chez Mercedes entre 2017 et 2021, ponctu\u00e9es de 10 victoires et 67 podiums, Valtteri&hellip;\n","protected":false},"author":2,"featured_media":305896,"comment_status":"","ping_status":"","sticky":false,"template":"","format":"standard","meta":{"footnotes":""},"categories":[1412],"tags":[1451,1452,1453,1454,1455,1011,27,60],"class_list":{"0":"post-305895","1":"post","2":"type-post","3":"status-publish","4":"format-standard","5":"has-post-thumbnail","7":"category-f1","8":"tag-f1","9":"tag-formula-1","10":"tag-formula1","11":"tag-formule-1","12":"tag-formule1","13":"tag-fr","14":"tag-france","15":"tag-sports"},"share_on_mastodon":{"url":"https:\/\/pubeurope.com\/@fr\/114995099365098006","error":""},"_links":{"self":[{"href":"https:\/\/www.europesays.com\/fr\/wp-json\/wp\/v2\/posts\/305895","targetHints":{"allow":["GET"]}}],"collection":[{"href":"https:\/\/www.europesays.com\/fr\/wp-json\/wp\/v2\/posts"}],"about":[{"href":"https:\/\/www.europesays.com\/fr\/wp-json\/wp\/v2\/types\/post"}],"author":[{"embeddable":true,"href":"https:\/\/www.europesays.com\/fr\/wp-json\/wp\/v2\/users\/2"}],"replies":[{"embeddable":true,"href":"https:\/\/www.europesays.com\/fr\/wp-json\/wp\/v2\/comments?post=305895"}],"version-history":[{"count":0,"href":"https:\/\/www.europesays.com\/fr\/wp-json\/wp\/v2\/posts\/305895\/revisions"}],"wp:featuredmedia":[{"embeddable":true,"href":"https:\/\/www.europesays.com\/fr\/wp-json\/wp\/v2\/media\/305896"}],"wp:attachment":[{"href":"https:\/\/www.europesays.com\/fr\/wp-json\/wp\/v2\/media?parent=305895"}],"wp:term":[{"taxonomy":"category","embeddable":true,"href":"https:\/\/www.europesays.com\/fr\/wp-json\/wp\/v2\/categories?post=305895"},{"taxonomy":"post_tag","embeddable":true,"href":"https:\/\/www.europesays.com\/fr\/wp-json\/wp\/v2\/tags?post=305895"}],"curies":[{"name":"wp","href":"https:\/\/api.w.org\/{rel}","templated":true}]}}