{"id":305901,"date":"2025-08-08T20:47:12","date_gmt":"2025-08-08T20:47:12","guid":{"rendered":"https:\/\/www.europesays.com\/fr\/305901\/"},"modified":"2025-08-08T20:47:12","modified_gmt":"2025-08-08T20:47:12","slug":"ll-ny-a-pas-eu-de-propos-racistes-a-mon-egard-assure-romy-la-grande-gagnante-de-secret-story","status":"publish","type":"post","link":"https:\/\/www.europesays.com\/fr\/305901\/","title":{"rendered":"\u00ab\u00a0ll n\u2019y a pas eu de propos racistes \u00e0 mon \u00e9gard\u00a0\u00bb, assure Romy la grande gagnante de \u00ab\u00a0Secret Story\u00a0\u00bb"},"content":{"rendered":"<p>Elle voulait passer \u00e0 la <a href=\"https:\/\/www.20minutes.fr\/arts-stars\/television\/\" class=\"color-ultramarine c-link\" rel=\"nofollow noopener\" target=\"_blank\">t\u00e9l\u00e9<\/a>, elle a r\u00e9ussi. A 29 ans, Romy a remport\u00e9 la 13e saison de \u00ab\u00a0<a href=\"https:\/\/www.20minutes.fr\/dossier\/secret_story\" class=\"color-ultramarine c-link\" rel=\"nofollow noopener\" target=\"_blank\">Secret Story<\/a>\u00a0\u00bb, une premi\u00e8re pour une femme noire. Celle qui s\u2019est impos\u00e9e avec 72\u00a0% des voix avait pour secret d\u2019avoir \u00ab\u00a0fait le buzz\u00a0\u00bb sur <a href=\"https:\/\/www.20minutes.fr\/dossier\/internet\" class=\"color-ultramarine c-link\" rel=\"nofollow noopener\" target=\"_blank\">Internet<\/a>. La jeune nordiste \u00e9tait la chouchoute du public\u00a0: dr\u00f4le, gentille, loyale, elle avait \u00e9galement \u00e9mu les internautes apr\u00e8s avoir subi du racisme de la part d\u2019autres candidates. Quelques heures apr\u00e8s sa victoire, Romy a r\u00e9pondu \u00e0 nos questions.<\/p>\n<p>Comment vous sentez-vous depuis votre victoire hier soir\u00a0?<\/p>\n<p>Alors depuis hier soir, \u00e7a va plus que bien. Je ne dirais pas que je p\u00e8te la forme parce que c\u2019est tr\u00e8s sportif ce que je suis en train de vivre. Mais c\u2019est tr\u00e8s agr\u00e9able. Tout ce qui se passe, c\u2019est tr\u00e8s passionnant et tr\u00e8s joyeux.<\/p>\n<p>Vous gagnez 105.000 euros. Que comptez-vous faire de cet argent\u00a0?<\/p>\n<p>Je vais prendre des vraies vacances avec du sable blanc et de l\u2019eau turquoise et aussi partager une bonne petite partie avec ma maman. Je veux aussi me faire un gros cadeau.<\/p>\n<p>Votre secret \u00e9tait d\u2019avoir fait le buzz sur Internet en devenant un m\u00e8me. Vous avez confi\u00e9 en avoir souffert\u2026<\/p>\n<p>Pour moi, cette vid\u00e9o, elle a \u00e9t\u00e9 tr\u00e8s pesante durant mon adolescence. Apr\u00e8s, j\u2019ai grandi, j\u2019ai pris du recul. J\u2019ai appris \u00e0 faire avec\u2026 De toute fa\u00e7on, je n\u2019avais pas le choix. Mais on a v\u00e9cu dans la discr\u00e9tion, dans le renfermement sur soi.<\/p>\n<p>Qu\u2019est-ce qui vous a le plus manqu\u00e9 dans la Maison des secrets\u00a0?<\/p>\n<p>Ce qui m\u2019a manqu\u00e9 le plus, c\u2019est de conduire. Moi mon t\u00e9l\u00e9phone ne m\u2019a pas manqu\u00e9. Ma famille m\u2019a manqu\u00e9, mes amis et mon entourage aussi. Mais la chose dont je r\u00eave, m\u00eame encore l\u00e0, c\u2019est de conduire.<\/p>\n<p>Sur les r\u00e9seaux sociaux, beaucoup se sont inqui\u00e9t\u00e9s en affirmant que vous aviez \u00e9t\u00e9 victime d\u2019attaques racistes de la part d\u2019autres candidats dans la maison. Avez-vous ressenti du racisme\u00a0?<\/p>\n<p>En sortant, j\u2019ai eu le malheur de d\u00e9couvrir la petite sauce que Marianne a pu se prendre pendant mon jeu. Moi \u00e0 l\u2019int\u00e9rieur de la Maison des secrets en toute sinc\u00e9rit\u00e9, je n\u2019ai pas ressenti de racisme. Il n\u2019y a pas eu de propos racistes qui ont \u00e9t\u00e9 dits \u00e0 mon \u00e9gard, ni aupr\u00e8s d\u2019Anita. S\u2019il y avait eu ce genre de propos dans la maison, je pense que des sanctions disciplinaires auraient \u00e9t\u00e9 prises \u00e0 l\u2019\u00e9gard des personnes concern\u00e9es. Et l\u00e0, \u00e7a n\u2019a pas \u00e9t\u00e9 le cas. Marianne c\u2019\u00e9tait juste une personne que je n\u2019appr\u00e9ciais pas et je faisais partie de l\u2019une des personnes avec qui, elle aussi, \u00e7a ne matchait pas.<\/p>\n<p>Est-ce qu\u2019il y a des secrets qui vous ont touch\u00e9s\u00a0?<\/p>\n<p>Celui de Th\u00e9o (qui a v\u00e9cu six mois dans sa voiture) est enrichissant. C\u2019est une le\u00e7on de vie en toute sinc\u00e9rit\u00e9. Ne jamais perdre espoir. Ce n\u2019est pas parce qu\u2019on passe par des p\u00e9riodes difficiles que tout est perdu. C\u2019est un peu comme pour moi. Donc c\u2019est pour cela que j\u2019aime beaucoup son secret et je le trouve tr\u00e8s courageux d\u2019avoir voulu partager son exp\u00e9rience avec la France enti\u00e8re. Et le plus impressionnant pour moi, je pense que c\u2019est celui de Pimprenelle. Il ne faut pas oublier qu\u2019elle s\u2019est pris une planche de surf au niveau du visage et que son visage a \u00e9t\u00e9 reconstruit \u00e0 90\u00a0%. Chapeau au chirurgien balinais. Je crois qu\u2019elle est deux fois plus canon qu\u2019avant.<\/p>\n<p>Comptez-vous refaire une t\u00e9l\u00e9-r\u00e9alit\u00e9\u00a0?<\/p>\n<p>Pas d\u2019aussit\u00f4t et ce n\u2019est pas un projet que j\u2019ai \u00e0 la sortie de ces quatre mois. Il n\u2019y a que \u00ab\u00a0Secret Story\u00a0\u00bb qui m\u2019int\u00e9ressait vraiment.<\/p>\n<p><a href=\"https:\/\/www.20minutes.fr\/arts-stars\/culture\/aya-nakamura\/\" class=\"color-ultramarine c-link\" rel=\"nofollow noopener\" target=\"_blank\">Aya Nakamura<\/a> vous a soutenu sur les r\u00e9seaux sociaux. Comment vous avez r\u00e9agi\u00a0?<\/p>\n<p>Aya sait qui je suis\u00a0? Mais c\u2019est normal, entre \u00ab\u00a0baddies\u00a0\u00bb on se reconna\u00eet, \u00e7a me va\u00a0!<\/p>\n<p><\/p>\n","protected":false},"excerpt":{"rendered":"Elle voulait passer \u00e0 la t\u00e9l\u00e9, elle a r\u00e9ussi. A 29 ans, Romy a remport\u00e9 la 13e saison&hellip;\n","protected":false},"author":2,"featured_media":305902,"comment_status":"","ping_status":"","sticky":false,"template":"","format":"standard","meta":{"footnotes":""},"categories":[1359],"tags":[58,4739,59,1011,27,973,938,29901,2587,252,199,133],"class_list":{"0":"post-305901","1":"post","2":"type-post","3":"status-publish","4":"format-standard","5":"has-post-thumbnail","7":"category-people","8":"tag-divertissement","9":"tag-emission-de-television","10":"tag-entertainment","11":"tag-fr","12":"tag-france","13":"tag-people","14":"tag-reseaux-sociaux","15":"tag-secret-story","16":"tag-telerealite","17":"tag-television","18":"tag-tf1","19":"tag-video"},"share_on_mastodon":{"url":"https:\/\/pubeurope.com\/@fr\/114995111064319832","error":""},"_links":{"self":[{"href":"https:\/\/www.europesays.com\/fr\/wp-json\/wp\/v2\/posts\/305901","targetHints":{"allow":["GET"]}}],"collection":[{"href":"https:\/\/www.europesays.com\/fr\/wp-json\/wp\/v2\/posts"}],"about":[{"href":"https:\/\/www.europesays.com\/fr\/wp-json\/wp\/v2\/types\/post"}],"author":[{"embeddable":true,"href":"https:\/\/www.europesays.com\/fr\/wp-json\/wp\/v2\/users\/2"}],"replies":[{"embeddable":true,"href":"https:\/\/www.europesays.com\/fr\/wp-json\/wp\/v2\/comments?post=305901"}],"version-history":[{"count":0,"href":"https:\/\/www.europesays.com\/fr\/wp-json\/wp\/v2\/posts\/305901\/revisions"}],"wp:featuredmedia":[{"embeddable":true,"href":"https:\/\/www.europesays.com\/fr\/wp-json\/wp\/v2\/media\/305902"}],"wp:attachment":[{"href":"https:\/\/www.europesays.com\/fr\/wp-json\/wp\/v2\/media?parent=305901"}],"wp:term":[{"taxonomy":"category","embeddable":true,"href":"https:\/\/www.europesays.com\/fr\/wp-json\/wp\/v2\/categories?post=305901"},{"taxonomy":"post_tag","embeddable":true,"href":"https:\/\/www.europesays.com\/fr\/wp-json\/wp\/v2\/tags?post=305901"}],"curies":[{"name":"wp","href":"https:\/\/api.w.org\/{rel}","templated":true}]}}