{"id":305903,"date":"2025-08-08T20:49:10","date_gmt":"2025-08-08T20:49:10","guid":{"rendered":"https:\/\/www.europesays.com\/fr\/305903\/"},"modified":"2025-08-08T20:49:10","modified_gmt":"2025-08-08T20:49:10","slug":"81-ans-de-la-liberation-de-quimper-le-diocese-publie-un-livre-sur-le-role-de-figures-religieuses-du-finistere-pendant-la-seconde-guerre-mondiale","status":"publish","type":"post","link":"https:\/\/www.europesays.com\/fr\/305903\/","title":{"rendered":"81 ans de la Lib\u00e9ration de Quimper\u00a0: le dioc\u00e8se publie un livre sur le r\u00f4le de figures religieuses du Finist\u00e8re pendant la Seconde Guerre mondiale"},"content":{"rendered":"<p>\u00c0 l\u2019occasion des 80 ans de la Lib\u00e9ration de Quimper, en ao\u00fbt 2024, le dioc\u00e8se de Quimper et L\u00e9on souhaite mettre en lumi\u00e8re le parcours de figures religieuses finist\u00e9riennes pendant la seconde guerre mondiale. L\u2019archiviste dioc\u00e9saine Kristell Loussouarn se lance alors sur le projet avec le biblioth\u00e9caire du dioc\u00e8se, Yann Celton. Le duo se plonge dans leurs archives &#8211; 1,8 kilom\u00e8tre de bo\u00eetes mises bout \u00e0 bout &#8211; pour en ressortir quinze histoires. Ils les compilent dans le livre \u00ab Vers la Lib\u00e9ration : Figures du dioc\u00e8se de Quimper et L\u00e9on en 1944-1945 \u00bb, sorti en mai 2025.<\/p>\n<p>\u00ab On ne voulait pas faire un livre sur l\u2019histoire du dioc\u00e8se. On a pr\u00e9f\u00e9r\u00e9 mettre en valeur des documents et des archives pour que les lecteurs se les approprient \u00bb, explique Kristell Loussouarn. \u00c0 chaque fois, ils publient ces archives, n\u2019y ajoutant qu\u2019un petit texte, en d\u00e9but de chapitre, pour remettre le document dans son contexte.<\/p>\n<p>Si le livre relate principalement des histoires brestoises, il n\u2019oublie pas de s\u2019arr\u00eater sur des figures de Quimper, principalement des religieux emprisonn\u00e9s \u00e0 Saint-Charles, la prison quimp\u00e9roise pendant l\u2019Occupation. C\u2019est l\u00e0 qu\u2019\u00e9taient retenues les personnes soup\u00e7onn\u00e9es de r\u00e9sistance par la Gestapo.<\/p>\n<p>Billet retrouv\u00e9 dans des archives \u00e0 Lyon<\/p>\n<p>C\u2019est le cas de l\u2019histoire de Joseph Sala\u00fcn, directeur de l\u2019\u00e9cole catholique quimp\u00e9roise du Lik\u00e8s pendant la seconde guerre mondiale. Il est arr\u00eat\u00e9 et d\u00e9tenu \u00e0 Saint-Charles. Il sera d\u00e9port\u00e9 au camp de Neuengamme, o\u00f9 il meurt fin 1944. Pour raconter son histoire, le livre publie sa n\u00e9crologie, \u00e9crite par des \u00e9l\u00e8ves du Lik\u00e8s dans le premier journal de l\u2019\u00e9cole, l\u2019ann\u00e9e suivante.<\/p>\n<p>L\u2019archiviste s\u2019est \u00e9galement procur\u00e9 un billet, \u00e9crit de la main de Joseph Sala\u00fcn, pendant son emprisonnement. Le document \u00e9tait conserv\u00e9 aux archives des Fr\u00e8res des \u00e9coles chr\u00e9tiennes, \u00e0 Lyon. C\u2019est le passage qui a le plus marqu\u00e9 l\u2019archiviste. \u00ab Dans ce billet, il parle, sans filtre, \u00e0 son directeur adjoint de ses conditions de d\u00e9tention, de la torture qu\u2019il subit \u00e0 Saint-Charles, je l\u2019ai trouv\u00e9 tr\u00e8s \u00e9mouvant \u00bb. Kristell Loussouarn l\u2019assure, elle a aim\u00e9 le travail de collecte et de s\u00e9lection dans ses archives. Mais pour l\u2019instant, aucun autre livre n\u2019est en pr\u00e9paration au dioc\u00e8se.<\/p>\n","protected":false},"excerpt":{"rendered":"\u00c0 l\u2019occasion des 80 ans de la Lib\u00e9ration de Quimper, en ao\u00fbt 2024, le dioc\u00e8se de Quimper et&hellip;\n","protected":false},"author":2,"featured_media":305904,"comment_status":"","ping_status":"","sticky":false,"template":"","format":"standard","meta":{"footnotes":""},"categories":[1357],"tags":[1379,58,59,1011,27,1146,937,1380,3319,935],"class_list":{"0":"post-305903","1":"post","2":"type-post","3":"status-publish","4":"format-standard","5":"has-post-thumbnail","7":"category-livres","8":"tag-books","9":"tag-divertissement","10":"tag-entertainment","11":"tag-fr","12":"tag-france","13":"tag-guerre","14":"tag-histoire","15":"tag-livres","16":"tag-quimper","17":"tag-seconde-guerre-mondiale"},"share_on_mastodon":{"url":"https:\/\/pubeurope.com\/@fr\/114995118997622183","error":""},"_links":{"self":[{"href":"https:\/\/www.europesays.com\/fr\/wp-json\/wp\/v2\/posts\/305903","targetHints":{"allow":["GET"]}}],"collection":[{"href":"https:\/\/www.europesays.com\/fr\/wp-json\/wp\/v2\/posts"}],"about":[{"href":"https:\/\/www.europesays.com\/fr\/wp-json\/wp\/v2\/types\/post"}],"author":[{"embeddable":true,"href":"https:\/\/www.europesays.com\/fr\/wp-json\/wp\/v2\/users\/2"}],"replies":[{"embeddable":true,"href":"https:\/\/www.europesays.com\/fr\/wp-json\/wp\/v2\/comments?post=305903"}],"version-history":[{"count":0,"href":"https:\/\/www.europesays.com\/fr\/wp-json\/wp\/v2\/posts\/305903\/revisions"}],"wp:featuredmedia":[{"embeddable":true,"href":"https:\/\/www.europesays.com\/fr\/wp-json\/wp\/v2\/media\/305904"}],"wp:attachment":[{"href":"https:\/\/www.europesays.com\/fr\/wp-json\/wp\/v2\/media?parent=305903"}],"wp:term":[{"taxonomy":"category","embeddable":true,"href":"https:\/\/www.europesays.com\/fr\/wp-json\/wp\/v2\/categories?post=305903"},{"taxonomy":"post_tag","embeddable":true,"href":"https:\/\/www.europesays.com\/fr\/wp-json\/wp\/v2\/tags?post=305903"}],"curies":[{"name":"wp","href":"https:\/\/api.w.org\/{rel}","templated":true}]}}