{"id":305905,"date":"2025-08-08T20:50:18","date_gmt":"2025-08-08T20:50:18","guid":{"rendered":"https:\/\/www.europesays.com\/fr\/305905\/"},"modified":"2025-08-08T20:50:18","modified_gmt":"2025-08-08T20:50:18","slug":"jai-demande-a-tim-burton-catherine-zeta-jones-revele-ce-souhait-important-pour-la-suite-de-la-serie-netflix","status":"publish","type":"post","link":"https:\/\/www.europesays.com\/fr\/305905\/","title":{"rendered":"\u00ab\u00a0J\u2019ai demand\u00e9 \u00e0 Tim Burton\u2026\u00a0\u00bb, Catherine Zeta-Jones r\u00e9v\u00e8le ce souhait important pour la suite de la s\u00e9rie Netflix"},"content":{"rendered":"<p>Ce 6 ao\u00fbt, Netflix a mis en ligne les quatre premiers \u00e9pisodes de la saison 2 de Mercredi. Apr\u00e8s avoir fait quelques apparitions dans la premi\u00e8re salve, Catherine Zeta-Jones tient un r\u00f4le plus important dans cette suite qui d\u00e9veloppe la relation entre Mercredi et sa m\u00e8re Morticia. L\u2019actrice s\u2019est confi\u00e9e en exclusivit\u00e9 \u00e0 T\u00e9l\u00e9-Loisirs.<\/p>\n<p>Trois ans apr\u00e8s sa premi\u00e8re salve qui avait battu des records et permis \u00e0 la s\u00e9rie d\u2019int\u00e9grer <a href=\"https:\/\/www.programme-tv.net\/news\/series-tv\/341212-netflix-le-top-20-des-series-les-plus-vues-sur-la-plateforme\/\" data-api-deeplink=\"teleloisirs:\/\/news\/341212\" target=\"_blank\" rel=\"noopener\">le top des fictions les plus vues de tous les temps sur Netflix<\/a>, Mercredi a sign\u00e9 son grand retour. Le g\u00e9ant de la SVOD a d\u00e9voil\u00e9 les quatre premiers \u00e9pisodes de <a href=\"https:\/\/www.programme-tv.net\/news\/series-tv\/318475-mercredi-saison-2-netflix-date-de-sortie-casting-intrigue-premieres-informations-sur-la-nouvelle-saison\/\" data-api-deeplink=\"teleloisirs:\/\/news\/318475\" target=\"_blank\" rel=\"noopener\">la saison 2<\/a>, qui sera divis\u00e9e en deux parties (d\u00e9couvrez quand sort la suite). L\u2019une des grandes nouveaut\u00e9s de cette deuxi\u00e8me salve est la pr\u00e9sence renforc\u00e9e des membres de la famille Addams. Notamment celle de Morticia, la m\u00e8re de Mercredi (<a href=\"https:\/\/www.programme-tv.net\/biographie\/284408-ortega-jenna\/\" data-link-people=\"c4033b24-15c2-45d4-a316-3288123a4be7\" target=\"_blank\" rel=\"noopener\">Jenna Ortega<\/a>). Catherine Zeta-Jones est de retour dans le r\u00f4le de la matriarche et s\u2019est confi\u00e9e \u00e0 T\u00e9l\u00e9-Loisirs.<\/p>\n<p>Morticia est de retour en force dans la saison 2 de Mercredi<\/p>\n<p>Ce grand retour de Morticia Addams a \u00e9t\u00e9 particuli\u00e8rement appr\u00e9ci\u00e9 par Catherine Zeta-Jones. Dans une interview donn\u00e9e en exclusivit\u00e9 \u00e0 T\u00e9l\u00e9-Loisirs, l\u2019actrice a expliqu\u00e9 avoir \u00e9t\u00e9 \u00ab\u00a0ravie\u00a0\u00bb d\u2019avoir l\u2019occasion de montrer d\u2019autres facettes de ce personnage embl\u00e9matique. \u00ab\u00a0Durant la saison 1, j\u2019aurai aim\u00e9 \u00eatre plus pr\u00e9sente mais le r\u00f4le de Morticia et Gomez \u00e9tait de lancer l\u2019histoire de Mercredi. J\u2019ai demand\u00e9 \u00e0 <a href=\"https:\/\/www.programme-tv.net\/biographie\/11472-burton-tim\/\" data-link-people=\"981232bf-cbe2-42d6-851d-c14463302d5e\" target=\"_blank\" rel=\"noopener\">Tim Burton<\/a> si on pouvait en faire plus. J\u2019aurais \u00e9t\u00e9 heureuse de ne revenir que pour quelques sc\u00e8nes car je me suis beaucoup amus\u00e9e lors de la saison 1.\u00a0\u00bb C\u2019est finalement suite \u00e0 un appel avec Tim Burton, et les cr\u00e9ateurs Alfred Gough et Miles Millar que l\u2019actrice a pris connaissance de l\u2019\u00e9volution de son personnage. \u00ab\u00a0J\u2019\u00e9tais touch\u00e9e et honor\u00e9e qu\u2019ils aient pens\u00e9 \u00e0 incorporer cette relation entre Morticia et sa fille. C\u2019est une relation unique et en tant qu\u2019actrice, c\u2019est merveilleux de jouer un personnage si iconique dans une interpr\u00e9tation si magistrale de La famille Addams\u00a0\u00bb confie-t-elle.<\/p>\n<p>                        \u00ab\u00a0Je voulais montrer\u2026\u00a0\u00bb : cet aspect de Morticia est important pour Catherine Zeta-Jones<\/p>\n<p>Cette saison 2 de Mercredi n\u2019est pas des plus simples pour Morticia, qui doit notamment faire face au comportement rebelle de sa fille. Les deux personnages s\u2019opposent r\u00e9guli\u00e8rement, et Catherine Zeta-Jones a appr\u00e9ci\u00e9 les diff\u00e9rences entre elles : \u00ab\u00a0Mercredi est un personnage \u00e9nergique. Morticia est un peu plus langoureuse dans sa fa\u00e7on de parler. Il \u00e9tait important de laisser transpara\u00eetre cela, ainsi que sa vuln\u00e9rabilit\u00e9 en tant que m\u00e8re.\u00a0\u00bb Et d\u2019ajouter: \u00ab\u00a0Dans le monde de Mercredi, les parents sont tr\u00e8s sto\u00efques mais je voulais vraiment montrer la vuln\u00e9rabilit\u00e9 d\u2019une m\u00e8re de deux adolescents qui quittent le nid. Ils n\u2019ont plus besoin de leur m\u00e8re. Je voulais montrer cela, tout en gardant la force, l\u2019excentricit\u00e9 et l\u2019humour de Morticia. C\u2019est r\u00e9ellement un personnage magnifique \u00e0 jouer\u00a0\u00bb.<\/p>\n","protected":false},"excerpt":{"rendered":"Ce 6 ao\u00fbt, Netflix a mis en ligne les quatre premiers \u00e9pisodes de la saison 2 de Mercredi.&hellip;\n","protected":false},"author":2,"featured_media":305906,"comment_status":"","ping_status":"","sticky":false,"template":"","format":"standard","meta":{"footnotes":""},"categories":[1356],"tags":[1409,44590,244,58,59,1011,27,2173,41745,41744,127,1722,1721,129,252,1364],"class_list":{"0":"post-305905","1":"post","2":"type-post","3":"status-publish","4":"format-standard","5":"has-post-thumbnail","7":"category-television","8":"tag-bande-annonce","9":"tag-catherine-zeta-jones","10":"tag-commentaire","11":"tag-divertissement","12":"tag-entertainment","13":"tag-fr","14":"tag-france","15":"tag-interview","16":"tag-mercredi-saison-2-52190861","17":"tag-mercredi-52118434","18":"tag-netflix","19":"tag-pub-streaming-netflix","20":"tag-su00e9rie-netflix","21":"tag-svod","22":"tag-television","23":"tag-tv"},"share_on_mastodon":{"url":"https:\/\/pubeurope.com\/@fr\/114995123137684192","error":""},"_links":{"self":[{"href":"https:\/\/www.europesays.com\/fr\/wp-json\/wp\/v2\/posts\/305905","targetHints":{"allow":["GET"]}}],"collection":[{"href":"https:\/\/www.europesays.com\/fr\/wp-json\/wp\/v2\/posts"}],"about":[{"href":"https:\/\/www.europesays.com\/fr\/wp-json\/wp\/v2\/types\/post"}],"author":[{"embeddable":true,"href":"https:\/\/www.europesays.com\/fr\/wp-json\/wp\/v2\/users\/2"}],"replies":[{"embeddable":true,"href":"https:\/\/www.europesays.com\/fr\/wp-json\/wp\/v2\/comments?post=305905"}],"version-history":[{"count":0,"href":"https:\/\/www.europesays.com\/fr\/wp-json\/wp\/v2\/posts\/305905\/revisions"}],"wp:featuredmedia":[{"embeddable":true,"href":"https:\/\/www.europesays.com\/fr\/wp-json\/wp\/v2\/media\/305906"}],"wp:attachment":[{"href":"https:\/\/www.europesays.com\/fr\/wp-json\/wp\/v2\/media?parent=305905"}],"wp:term":[{"taxonomy":"category","embeddable":true,"href":"https:\/\/www.europesays.com\/fr\/wp-json\/wp\/v2\/categories?post=305905"},{"taxonomy":"post_tag","embeddable":true,"href":"https:\/\/www.europesays.com\/fr\/wp-json\/wp\/v2\/tags?post=305905"}],"curies":[{"name":"wp","href":"https:\/\/api.w.org\/{rel}","templated":true}]}}