{"id":305907,"date":"2025-08-08T20:51:10","date_gmt":"2025-08-08T20:51:10","guid":{"rendered":"https:\/\/www.europesays.com\/fr\/305907\/"},"modified":"2025-08-08T20:51:10","modified_gmt":"2025-08-08T20:51:10","slug":"hoshi-marquee-a-jamais-au-fer-rouge-par-saint-quentin-en-yvelines","status":"publish","type":"post","link":"https:\/\/www.europesays.com\/fr\/305907\/","title":{"rendered":"Hoshi marqu\u00e9e \u00e0 jamais au fer rouge par Saint-Quentin-en-Yvelines"},"content":{"rendered":"<p>            Par<br \/>\n        <strong><br \/>\n            <a href=\"https:\/\/actu.fr\/auteur\/redaction-78actu\" title=\"Consulter tous les articles de redaction.78actu\" target=\"_blank\" rel=\"noopener\">redaction.78actu<\/a><br \/>\n        <\/strong><\/p>\n<p>        Publi\u00e9 le<\/p>\n<p>            8 ao\u00fbt 2025 \u00e0 18h16        <\/p>\n<p><a href=\"https:\/\/actu.fr\/?s=Hoshi\" target=\"_blank\" rel=\"noopener\">Hoshi<\/a> n\u2019oublie pas Saint-Quentin-en-Yvelines (SQY). En 2020, la chanteuse a d\u00e9clar\u00e9 sa flamme \u00e0 l\u2019ancienne ville nouvelle o\u00f9 elle a pass\u00e9 toute son enfance avec le <b>m\u00e9lancolique<\/b> SQY (prononc\u00e9 habilement \u00ab sky \u00bb, ciel en anglais), tout simplement.<\/p>\n<p class=\" wall-content\">Ce titre est extrait de <a href=\"https:\/\/www.deezer.com\/fr\/album\/134572892\" target=\"_blank\" rel=\"noopener\">Sommeil levant<\/a>, son deuxi\u00e8me album studio. \u00ab \u00c7a fait un bail que j\u2019n\u2019ai pas dit. Mais <b>SQY tu fais partie d\u2019ma vie<\/b> [\u2026] Pour avancer, j\u2019ai d\u00fb partir. Je t\u2019ai laiss\u00e9 tous mes souvenirs \u00bb, serine-t-elle dans le refrain, avant de scander \u00ab SQY \u00bb par huit fois, cons\u00e9cutivement. Si \u00e7a, ce n\u2019est pas de l\u2019amour\u2026<\/p>\n<p class=\" wall-content\">\n<p>Une enfance \u00e0 Montigny-le-Bretonneux<\/p>\n<p class=\" wall-content\">N\u00e9e \u00e0 Versailles, Hoshi, alias <b>Mathilde Gerner<\/b>, a grandi \u00e0 <a href=\"https:\/\/actu.fr\/ile-de-france\/montigny-le-bretonneux_78423\" target=\"_blank\" rel=\"noopener\">Montigny-le-Bretonneux<\/a>. Elle a appris le piano \u00e0 l\u2019\u00e9cole de musique du Manet et a \u00e9t\u00e9 \u00e9l\u00e8ve au lyc\u00e9e \u00c9milie-de-Breteuil.<\/p>\n<p class=\" wall-content\">L\u2019artiste, qui f\u00eatera ses 29\u00a0ans en septembre, s\u2019est r\u00e9v\u00e9l\u00e9e aux yeux du grand public en 2018 avec <a href=\"https:\/\/www.youtube.com\/watch?v=DipEiYAyKxY&amp;list=RDDipEiYAyKxY&amp;start_radio=1\" target=\"_blank\" rel=\"noopener\">Ta Marini\u00e8re<\/a>. Un <b>tube<\/b>. Son dernier album, <a href=\"https:\/\/www.youtube.com\/watch?v=Me7HgnZJsjU&amp;list=PL-VkrKgMVOOq14ftBAWiOPD5glS-QtB5W\" target=\"_blank\" rel=\"noopener\">C\u0153ur papillon<\/a> (r\u00e9\u00e9dition de <a href=\"https:\/\/www.youtube.com\/watch?v=1MSGCSOtfPA&amp;list=PLEpjZ6a3i26cKDr9d6J5vYIvkLJJBp8fW\" target=\"_blank\" rel=\"noopener\">Coeur parapluie<\/a> enrichie de plusieurs titres in\u00e9dits), date de 2024.<\/p>\n<p class=\"ac-article-content__question wall-content\">Alexandre Marqu\u00e9 (avec David Goudey)<\/p>\n<p class=\" wall-content\">Suivez toute l\u2019actualit\u00e9 de vos villes et m\u00e9dias favoris en vous inscrivant \u00e0 <a href=\"https:\/\/moncompte.actu.fr\" title=\"D\u00e9couvez Mon Actu\" rel=\"nofollow noopener\" data-trk=\"{&quot;cta&quot;:{&quot;action&quot;:&quot;https:\\\/\\\/moncompte.actu.fr&quot;,&quot;category&quot;:&quot;mon compte&quot;,&quot;from&quot;:&quot;article footer&quot;,&quot;name&quot;:&quot;Mon actu&quot;,&quot;type&quot;:&quot;cta&quot;}}\" target=\"_blank\">Mon Actu<\/a>.<\/p>\n","protected":false},"excerpt":{"rendered":"Par redaction.78actu Publi\u00e9 le 8 ao\u00fbt 2025 \u00e0 18h16 Hoshi n\u2019oublie pas Saint-Quentin-en-Yvelines (SQY). En 2020, la chanteuse&hellip;\n","protected":false},"author":2,"featured_media":305908,"comment_status":"","ping_status":"","sticky":false,"template":"","format":"standard","meta":{"footnotes":""},"categories":[1355],"tags":[1695,58,59,1011,27,1652,1361,873],"class_list":{"0":"post-305907","1":"post","2":"type-post","3":"status-publish","4":"format-standard","5":"has-post-thumbnail","7":"category-musique","8":"tag-chanson","9":"tag-divertissement","10":"tag-entertainment","11":"tag-fr","12":"tag-france","13":"tag-loisirs-culture","14":"tag-music","15":"tag-musique"},"share_on_mastodon":{"url":"https:\/\/pubeurope.com\/@fr\/114995126871972775","error":""},"_links":{"self":[{"href":"https:\/\/www.europesays.com\/fr\/wp-json\/wp\/v2\/posts\/305907","targetHints":{"allow":["GET"]}}],"collection":[{"href":"https:\/\/www.europesays.com\/fr\/wp-json\/wp\/v2\/posts"}],"about":[{"href":"https:\/\/www.europesays.com\/fr\/wp-json\/wp\/v2\/types\/post"}],"author":[{"embeddable":true,"href":"https:\/\/www.europesays.com\/fr\/wp-json\/wp\/v2\/users\/2"}],"replies":[{"embeddable":true,"href":"https:\/\/www.europesays.com\/fr\/wp-json\/wp\/v2\/comments?post=305907"}],"version-history":[{"count":0,"href":"https:\/\/www.europesays.com\/fr\/wp-json\/wp\/v2\/posts\/305907\/revisions"}],"wp:featuredmedia":[{"embeddable":true,"href":"https:\/\/www.europesays.com\/fr\/wp-json\/wp\/v2\/media\/305908"}],"wp:attachment":[{"href":"https:\/\/www.europesays.com\/fr\/wp-json\/wp\/v2\/media?parent=305907"}],"wp:term":[{"taxonomy":"category","embeddable":true,"href":"https:\/\/www.europesays.com\/fr\/wp-json\/wp\/v2\/categories?post=305907"},{"taxonomy":"post_tag","embeddable":true,"href":"https:\/\/www.europesays.com\/fr\/wp-json\/wp\/v2\/tags?post=305907"}],"curies":[{"name":"wp","href":"https:\/\/api.w.org\/{rel}","templated":true}]}}