{"id":305910,"date":"2025-08-08T20:53:11","date_gmt":"2025-08-08T20:53:11","guid":{"rendered":"https:\/\/www.europesays.com\/fr\/305910\/"},"modified":"2025-08-08T20:53:11","modified_gmt":"2025-08-08T20:53:11","slug":"cette-decouverte-de-chercheurs-de-harvard-donne-un-nouvel-espoir-dans-la-lutte-contre-la-maladie","status":"publish","type":"post","link":"https:\/\/www.europesays.com\/fr\/305910\/","title":{"rendered":"cette d\u00e9couverte de chercheurs de Harvard donne un nouvel espoir dans la lutte contre la maladie"},"content":{"rendered":"<p>Une r\u00e9cente \u00e9tude publi\u00e9e dans la prestigieuse revue \u00ab\u00a0<a data-i13n=\"cpos:1;pos:1\" href=\"https:\/\/www.nature.com\/articles\/s41586-025-09335-x#Ack1\" rel=\"nofollow noopener\" target=\"_blank\" data-ylk=\"slk:Nature;cpos:1;pos:1;elm:context_link;itc:0;sec:content-canvas\" class=\"link \">Nature<\/a>\u00a0\u00bb bouleverse notre compr\u00e9hension de la maladie d&rsquo;Alzheimer. Pour la premi\u00e8re fois, des chercheurs de Harvard Medical School ont d\u00e9montr\u00e9 que le lithium, ce m\u00e9tal argent\u00e9 utilis\u00e9 depuis des d\u00e9cennies en psychiatrie, est en r\u00e9alit\u00e9 un \u00e9l\u00e9ment essentiel au fonctionnement normal du cerveau. Cette d\u00e9couverte majeure pourrait transformer l&rsquo;approche th\u00e9rapeutique d&rsquo;une maladie qui affecte actuellement entre <a data-i13n=\"cpos:2;pos:1\" href=\"https:\/\/alzheimer-recherche.org\/quest-ce-que-la-maladie-dalzheimer\/\" rel=\"nofollow noopener\" target=\"_blank\" data-ylk=\"slk:1,2 et 1,3 million de personnes en France;cpos:2;pos:1;elm:context_link;itc:0;sec:content-canvas\" class=\"link \">1,2 et 1,3 million de personnes en France<\/a>, avec 225 000 nouveaux cas diagnostiqu\u00e9s chaque ann\u00e9e.<\/p>\n<p>Les sympt\u00f4mes caract\u00e9ristiques de cette maladie neurod\u00e9g\u00e9n\u00e9rative &#8211; perte de m\u00e9moire, difficult\u00e9s \u00e0 accomplir les t\u00e2ches quotidiennes, troubles du langage, d\u00e9sorientation spatio-temporelle &#8211; pourraient ainsi trouver une explication dans un d\u00e9ficit en lithium naturel de l&rsquo;organisme.<\/p>\n<p>Un m\u00e9canisme protecteur enfin \u00e9lucid\u00e9<\/p>\n<p>L&rsquo;\u00e9quipe dirig\u00e9e par le Dr Bruce Yankner a mis en \u00e9vidence un m\u00e9canisme fascinant : le lithium permet aux cellules microgliales, v\u00e9ritables \u00ab\u00a0\u00e9boueurs\u00a0\u00bb du cerveau, de nettoyer efficacement les plaques de b\u00eata-amylo\u00efde avant qu&rsquo;elles ne s&rsquo;accumulent et causent des d\u00e9g\u00e2ts neurologiques. Les exp\u00e9riences men\u00e9es sur des souris ont r\u00e9v\u00e9l\u00e9 qu&rsquo;une carence en lithium, m\u00eame minime (r\u00e9duction de seulement 50 % des niveaux naturels), provoque rapidement le d\u00e9veloppement d&rsquo;inflammation c\u00e9r\u00e9brale et l&rsquo;acc\u00e9l\u00e9ration des changements li\u00e9s au vieillissement. Ces rongeurs pr\u00e9sentent alors une accumulation de plaques et d&rsquo;enchev\u00eatrements caract\u00e9ristiques d&rsquo;Alzheimer, accompagn\u00e9e d&rsquo;une perte de m\u00e9moire acc\u00e9l\u00e9r\u00e9e. \u00c0 l&rsquo;inverse, un traitement avec du lithium orotate, une forme sp\u00e9cifique qui ne se lie pas aux plaques amylo\u00efdes, a permis de r\u00e9duire consid\u00e9rablement ces l\u00e9sions c\u00e9r\u00e9brales et de restaurer partiellement les capacit\u00e9s de m\u00e9moire des souris trait\u00e9es.<\/p>\n<p>Des preuves convergentes chez l&rsquo;humain<\/p>\n<p>Cette d\u00e9couverte ne se limite pas aux mod\u00e8les animaux. L&rsquo;analyse de tissus c\u00e9r\u00e9braux humains conserv\u00e9s dans plusieurs banques de cerveaux am\u00e9ricaines a confirm\u00e9 que les patients atteints d&rsquo;Alzheimer ou de troubles cognitifs l\u00e9gers pr\u00e9sentent syst\u00e9matiquement des niveaux de lithium plus bas que ceux avec un fonctionnement c\u00e9r\u00e9bral normal.<\/p>\n<p>Ces r\u00e9sultats font \u00e9cho \u00e0 des \u00e9tudes \u00e9pid\u00e9miologiques ant\u00e9rieures particuli\u00e8rement \u00e9clairantes : une \u00e9tude danoise de 2017 avait montr\u00e9 que les personnes vivant dans des r\u00e9gions o\u00f9 l&rsquo;eau potable contient naturellement plus de lithium d\u00e9veloppent moins de d\u00e9mence, tandis qu&rsquo;une \u00e9tude britannique de 2022 r\u00e9v\u00e9lait que les patients sous lithium pour troubles bipolaires avaient environ 50 % moins de risque de d\u00e9velopper la maladie d&rsquo;Alzheimer. Les chercheurs ont \u00e9galement identifi\u00e9 un pi\u00e8ge redoutable qui explique la progression de la maladie : imaginez des \u00e9boueurs (les cellules microgliales) qui ont besoin d&rsquo;un outil sp\u00e9cial (le lithium) pour ramasser les d\u00e9chets toxiques (les plaques). Probl\u00e8me : ces d\u00e9chets sont \u00ab\u00a0magn\u00e9tiques\u00a0\u00bb et volent les outils des \u00e9boueurs. Plus il y a de d\u00e9chets, moins les \u00e9boueurs peuvent nettoyer, ce qui cr\u00e9e encore plus de d\u00e9chets. C&rsquo;est exactement ce qui se passe dans le cerveau des malades d&rsquo;Alzheimer.<\/p>\n<p>Une piste th\u00e9rapeutique prometteuse mais encore fragile<\/p>\n<p>Face \u00e0 une maladie qui devrait toucher <a data-i13n=\"cpos:3;pos:1\" href=\"https:\/\/www.fondation-mederic-alzheimer.org\/alzheimer-en-chiffres\/\" rel=\"nofollow noopener\" target=\"_blank\" data-ylk=\"slk:2,2 millions de Fran\u00e7ais;cpos:3;pos:1;elm:context_link;itc:0;sec:content-canvas\" class=\"link \">2,2 millions de Fran\u00e7ais<\/a> d&rsquo;ici 2050 et 139 millions de personnes dans le monde, cette d\u00e9couverte suscite un espoir consid\u00e9rable. Les chercheurs ont test\u00e9 une solution ing\u00e9nieuse : le lithium orotate, une forme de lithium qui ne se laisse pas \u00ab\u00a0voler\u00a0\u00bb par les plaques toxiques et reste donc disponible pour les cellules nettoyeuses du cerveau.<\/p>\n<p>Chez les souris trait\u00e9es, les r\u00e9sultats ont \u00e9t\u00e9 spectaculaires avec une r\u00e9duction des l\u00e9sions et une restauration partielle de la m\u00e9moire. Cependant, les scientifiques appellent \u00e0 la plus grande prudence : les doses utilis\u00e9es \u00e9taient 1000 fois plus faibles que celles prescrites en psychiatrie et aucun effet toxique n&rsquo;a \u00e9t\u00e9 observ\u00e9 chez les animaux mais cela ne garantit rien chez l&rsquo;humain. \u00ab\u00a0Une souris n&rsquo;est pas un humain. Personne ne devrait prendre quoi que ce soit bas\u00e9 uniquement sur des \u00e9tudes chez la souris\u00a0\u00bb, insiste le <a data-i13n=\"cpos:4;pos:1\" href=\"https:\/\/edition.cnn.com\/2025\/08\/06\/health\/lithium-alzheimers-brain-study\" rel=\"nofollow noopener\" target=\"_blank\" data-ylk=\"slk:Dr Yankner;cpos:4;pos:1;elm:context_link;itc:0;sec:content-canvas\" class=\"link \">Dr Yankner<\/a>. Des essais cliniques rigoureux sont maintenant indispensables avant d&rsquo;envisager le lithium comme traitement valid\u00e9. En attendant, les chercheurs rappellent que certains aliments naturellement riches en lithium &#8211; l\u00e9gumes verts, noix, certaines \u00e9pices &#8211; sont d\u00e9j\u00e0 reconnus pour leurs effets protecteurs contre le d\u00e9clin cognitif et offrent peut-\u00eatre une voie de pr\u00e9vention accessible \u00e0 tous.<\/p>\n","protected":false},"excerpt":{"rendered":"Une r\u00e9cente \u00e9tude publi\u00e9e dans la prestigieuse revue \u00ab\u00a0Nature\u00a0\u00bb bouleverse notre compr\u00e9hension de la maladie d&rsquo;Alzheimer. Pour la&hellip;\n","protected":false},"author":2,"featured_media":305911,"comment_status":"","ping_status":"","sticky":false,"template":"","format":"standard","meta":{"footnotes":""},"categories":[10],"tags":[1011,27,44592,72,44591,40644,71],"class_list":{"0":"post-305910","1":"post","2":"type-post","3":"status-publish","4":"format-standard","5":"has-post-thumbnail","7":"category-sante","8":"tag-fr","9":"tag-france","10":"tag-harvard-medical-school","11":"tag-health","12":"tag-lithium-orotate","13":"tag-perte-de-memoire","14":"tag-sante"},"share_on_mastodon":{"url":"https:\/\/pubeurope.com\/@fr\/114995134652175266","error":""},"_links":{"self":[{"href":"https:\/\/www.europesays.com\/fr\/wp-json\/wp\/v2\/posts\/305910","targetHints":{"allow":["GET"]}}],"collection":[{"href":"https:\/\/www.europesays.com\/fr\/wp-json\/wp\/v2\/posts"}],"about":[{"href":"https:\/\/www.europesays.com\/fr\/wp-json\/wp\/v2\/types\/post"}],"author":[{"embeddable":true,"href":"https:\/\/www.europesays.com\/fr\/wp-json\/wp\/v2\/users\/2"}],"replies":[{"embeddable":true,"href":"https:\/\/www.europesays.com\/fr\/wp-json\/wp\/v2\/comments?post=305910"}],"version-history":[{"count":0,"href":"https:\/\/www.europesays.com\/fr\/wp-json\/wp\/v2\/posts\/305910\/revisions"}],"wp:featuredmedia":[{"embeddable":true,"href":"https:\/\/www.europesays.com\/fr\/wp-json\/wp\/v2\/media\/305911"}],"wp:attachment":[{"href":"https:\/\/www.europesays.com\/fr\/wp-json\/wp\/v2\/media?parent=305910"}],"wp:term":[{"taxonomy":"category","embeddable":true,"href":"https:\/\/www.europesays.com\/fr\/wp-json\/wp\/v2\/categories?post=305910"},{"taxonomy":"post_tag","embeddable":true,"href":"https:\/\/www.europesays.com\/fr\/wp-json\/wp\/v2\/tags?post=305910"}],"curies":[{"name":"wp","href":"https:\/\/api.w.org\/{rel}","templated":true}]}}