{"id":305914,"date":"2025-08-08T20:55:11","date_gmt":"2025-08-08T20:55:11","guid":{"rendered":"https:\/\/www.europesays.com\/fr\/305914\/"},"modified":"2025-08-08T20:55:11","modified_gmt":"2025-08-08T20:55:11","slug":"lex-plus-belle-petite-fille-du-monde-rayonne-sans-maquillage-en-vacances-un-beauty-look-ultra-naturel","status":"publish","type":"post","link":"https:\/\/www.europesays.com\/fr\/305914\/","title":{"rendered":"L\u2019ex-\u2018plus belle petite fille du monde\u2019 rayonne sans maquillage en vacances, un beauty look ultra-naturel"},"content":{"rendered":"<p>Suivie par pr\u00e8s de 7 millions d\u2019abonn\u00e9s sur Instagram, <a href=\"https:\/\/www.mariefrance.fr\/beaute\/15-ans-apres-sacre-plus-belle-petite-fille-monde-adopte-coiffure-parfaite-limiter-casse-ete-1183359.html\" target=\"_blank\" rel=\"noopener\"><strong>Thylane<br \/>\nBlondeau<\/strong><\/a> a su b\u00e2tir une vraie communaut\u00e9. Chaque jour,<br \/>\nle mannequin partage son quotidien tr\u00e9pidant en images. Entre<br \/>\nshootings photos, d\u00e9fil\u00e9s et apparitions remarqu\u00e9s\u2026 sans oublier la<br \/>\ngestion de <strong>sa propre marque de beaut\u00e9 ( Enalyth<br \/>\n)<\/strong> : la jeune femme n\u2019a pas le temps de s\u2019ennuyer. \u00c9lue<br \/>\n\u2018<a href=\"https:\/\/www.mariefrance.fr\/beaute\/15-ans-apres-sacre-plus-belle-petite-fille-monde-devoile-photos-inedites-visage-ange-1177195.html\" target=\"_blank\" rel=\"noopener\"><strong>plus belle petite fille<br \/>\ndu monde<\/strong><\/a>\u2019 en 2010, elle continue de fasciner la<br \/>\nToile quinze ans apr\u00e8s.\u00a0<\/p>\n<p>Souvenez-vous : \u00e0 l\u2019\u00e9poque, c\u2019est sur Facebook que <strong>la<br \/>\nphoto de la fillette<\/strong> avait \u00e9merveill\u00e9 les internautes.<br \/>\nCette derni\u00e8re n\u2019a finalement jamais vraiment disparu des radars<br \/>\nm\u00e9diatiques. Aujourd\u2019hui, elle poursuit son ascension, captivant<br \/>\ntoujours autant par <strong>sa beaut\u00e9, son charisme et son<br \/>\nstyle<\/strong>. \u00c0 l\u2019occasion des vacances d\u2019\u00e9t\u00e9, Thylane Blondeau<br \/>\nvient de partager <a href=\"https:\/\/www.mariefrance.fr\/beaute\/14-ans-sacre-plus-belle-petite-fille-monde-sans-maquillage-beaute-naturelle-1059064.html\" target=\"_blank\" rel=\"noopener\"><strong>un clich\u00e9 d\u2019elle au<br \/>\nnaturel<\/strong><\/a>. De quoi enchanter ses admirateurs les plus<br \/>\nfid\u00e8les !<\/p>\n<p>Thylane Blondeau en vacances :<br \/>\nl\u2019ex-\u2018plus belle petite fille du monde\u2019 partage une photo d\u2019elle au<br \/>\nnaturel<\/p>\n<p>Les cheveux l\u00e2ch\u00e9s, avec un volume naturel et un fini l\u00e9g\u00e8rement<br \/>\nd\u00e9coiff\u00e9 fa\u00e7on beach hair, <strong>Thylane<br \/>\nBlondeau<\/strong> semble les avoir laiss\u00e9s s\u00e9cher \u00e0 l\u2019air libre<br \/>\napr\u00e8s un plongeon dans l\u2019eau sal\u00e9e. Sur son visage, <strong>pas une<br \/>\nonce de maquillage<\/strong>, ce qui ne l\u2019emp\u00eache pas d\u2019afficher un<br \/>\nteint \u00e9clatant et <strong>un h\u00e2le naturel<\/strong>. Avec cette<br \/>\nallure solaire, on retrouve le minois qui l\u2019a fait conna\u00eetre il y a<br \/>\nquelques ann\u00e9es !<\/p>\n<p>Thylane Blondeau a tout de m\u00eame bien chang\u00e9, troquant<br \/>\nl\u2019innocence de ses d\u00e9buts contre <strong>une beaut\u00e9<br \/>\naffirm\u00e9e<\/strong> et un charisme naturel. \u00c0 24 ans, la top-mod\u00e8le<br \/>\ncontinue de fasciner autant que d\u2019inspirer : que ce soit sur les<br \/>\ntapis rouges ou dans l\u2019intimit\u00e9 de son quotidien. Preuve que<br \/>\nl\u2019ex-\u2018<strong>plus belle petite fille du monde<\/strong>\u2019<br \/>\nn\u2019a pas fini de marquer l\u2019univers de la mode et de la beaut\u00e9 !<\/p>\n<p><img loading=\"lazy\" decoding=\"async\" itemprop=\"thumbnailUrl\" class=\"size-large wp-image-1194655 img-responsive\" src=\"https:\/\/www.europesays.com\/fr\/wp-content\/uploads\/2025\/08\/img_4148-677x1200.jpg\" alt=\"\" width=\"677\" height=\"1200\"\/> \u00a9 Instagram \/<br \/>\n@thylaneblondeau<\/p>\n","protected":false},"excerpt":{"rendered":"Suivie par pr\u00e8s de 7 millions d\u2019abonn\u00e9s sur Instagram, Thylane Blondeau a su b\u00e2tir une vraie communaut\u00e9. Chaque&hellip;\n","protected":false},"author":2,"featured_media":305915,"comment_status":"","ping_status":"","sticky":false,"template":"","format":"standard","meta":{"footnotes":""},"categories":[8],"tags":[58,59,1011,27,6727,2528],"class_list":{"0":"post-305914","1":"post","2":"type-post","3":"status-publish","4":"format-standard","5":"has-post-thumbnail","7":"category-divertissement","8":"tag-divertissement","9":"tag-entertainment","10":"tag-fr","11":"tag-france","12":"tag-maquillage","13":"tag-vacances"},"share_on_mastodon":{"url":"https:\/\/pubeurope.com\/@fr\/114995142682573341","error":""},"_links":{"self":[{"href":"https:\/\/www.europesays.com\/fr\/wp-json\/wp\/v2\/posts\/305914","targetHints":{"allow":["GET"]}}],"collection":[{"href":"https:\/\/www.europesays.com\/fr\/wp-json\/wp\/v2\/posts"}],"about":[{"href":"https:\/\/www.europesays.com\/fr\/wp-json\/wp\/v2\/types\/post"}],"author":[{"embeddable":true,"href":"https:\/\/www.europesays.com\/fr\/wp-json\/wp\/v2\/users\/2"}],"replies":[{"embeddable":true,"href":"https:\/\/www.europesays.com\/fr\/wp-json\/wp\/v2\/comments?post=305914"}],"version-history":[{"count":0,"href":"https:\/\/www.europesays.com\/fr\/wp-json\/wp\/v2\/posts\/305914\/revisions"}],"wp:featuredmedia":[{"embeddable":true,"href":"https:\/\/www.europesays.com\/fr\/wp-json\/wp\/v2\/media\/305915"}],"wp:attachment":[{"href":"https:\/\/www.europesays.com\/fr\/wp-json\/wp\/v2\/media?parent=305914"}],"wp:term":[{"taxonomy":"category","embeddable":true,"href":"https:\/\/www.europesays.com\/fr\/wp-json\/wp\/v2\/categories?post=305914"},{"taxonomy":"post_tag","embeddable":true,"href":"https:\/\/www.europesays.com\/fr\/wp-json\/wp\/v2\/tags?post=305914"}],"curies":[{"name":"wp","href":"https:\/\/api.w.org\/{rel}","templated":true}]}}