{"id":305922,"date":"2025-08-08T20:59:11","date_gmt":"2025-08-08T20:59:11","guid":{"rendered":"https:\/\/www.europesays.com\/fr\/305922\/"},"modified":"2025-08-08T20:59:11","modified_gmt":"2025-08-08T20:59:11","slug":"ce-qui-va-changer-pour-les-visas","status":"publish","type":"post","link":"https:\/\/www.europesays.com\/fr\/305922\/","title":{"rendered":"ce qui va changer pour les visas"},"content":{"rendered":"<p><strong>D\u00c9CRYPTAGE &#8211;<\/strong> Paris suspend officiellement l\u2019accord de 2013 et active son \u00ablevier visa-r\u00e9admission\u00bb contre l\u2019Alg\u00e9rie. Diplomates, hauts responsables et demandeurs de visas long s\u00e9jour\u00a0: qui sera impact\u00e9\u00a0? Le Figaro fait le point sur les nouvelles restrictions qui entrent en vigueur.<\/p>\n<p class=\"fig-paragraph\">Dans une\u00a0<a href=\"http:\/\/www.lefigaro.fr\/politique\/emmanuel-macron-au-figaro-nous-n-avons-pas-d-autre-choix-que-d-adopter-une-approche-de-plus-grande-fermete-avec-l-algerie-20250806\" target=\"_blank\" data-fig-type=\"Article\" rel=\"noopener\" data-gtm-custom-categorie=\"navigation\" data-gtm-custom-action=\"crossclick\" data-gtm-custom-label=\"Contextuel\" data-gtm-event=\"customEventSPE\" data-fig-domain=\"LEFIGARO\">lettre adress\u00e9e au premier ministre le 6 ao\u00fbt<\/a>, Emmanuel Macron demande au gouvernement d\u2019agir \u00abavec plus de fermet\u00e9 et de d\u00e9termination\u00bb face aux \u00abdifficult\u00e9s croissantes\u00bb rencontr\u00e9es avec l\u2019Alg\u00e9rie. Comment\u00a0? Notamment par des mesures qui devraient avoir un impact sur la circulation de certains Alg\u00e9riens.<\/p>\n<p class=\"fig-paragraph\"><strong>Pour les visas diplomatiques.<\/strong> Jusqu\u2019\u00e0 maintenant, les Alg\u00e9riens d\u00e9tenteurs de passeports de service et de passeports diplomatiques qui souhaitaient se rendre en France \u00aben mission ou \u00e0 titre priv\u00e9\u00bb \u00e9taient exon\u00e9r\u00e9s de visa au titre des privil\u00e8ges fix\u00e9s par l\u2019<a href=\"https:\/\/www.lefigaro.fr\/international\/tensions-france-algerie-en-quoi-consistent-les-accords-de-2013-qu-emmanuel-macron-annonce-suspendre-20250807\" target=\"_blank\" data-fig-type=\"Article\" rel=\"noopener\" data-gtm-custom-categorie=\"navigation\" data-gtm-custom-action=\"crossclick\" data-gtm-custom-label=\"Contextuel\" data-gtm-event=\"customEventSPE\" data-fig-domain=\"LEFIGARO\">accord de 2013<\/a>.<\/p>\n<p class=\"fig-paragraph\">En pratique, depuis mai, \u00e0 la suite de l\u2019<a href=\"https:\/\/www.lefigaro.fr\/international\/algerie-france-l-accord-de-2013-nouvel-episode-du-bras-de-fer-diplomatique-20250520\" target=\"_blank\" data-fig-type=\"NewsFlash\" rel=\"noopener\" data-gtm-custom-categorie=\"navigation\" data-gtm-custom-action=\"crossclick\" data-gtm-custom-label=\"Contextuel\" data-gtm-event=\"customEventSPE\" data-fig-domain=\"LEFIGARO\">affaire des agents fran\u00e7ais en mission rapatri\u00e9s<\/a>\u00a0\u00e0 la demande de l\u2019Alg\u00e9rie, Alger et Paris ne d\u00e9livrent plus de visas diplomatiques, ce qui rend l\u2019accord de 2013 inop\u00e9rant.<\/p>\n<p class=\"fig-paragraph\">Mais ces tensions ont aussi des r\u00e9percussions sur l\u2019ensemble des demandeurs alg\u00e9riens. Une partie de l\u2019administration et de la classe politique ont beau juger contre-productives les restrictions\u2026<\/p>\n<p class=\"fig-premium-paywall__infos\">\n        Cet article est r\u00e9serv\u00e9 aux abonn\u00e9s.        Il vous reste 79% \u00e0 d\u00e9couvrir.\n    <\/p>\n<p>                <img  data- alt=\"Le Figaro\" class=\"fig-img--complete fig-img\"\/><\/p>\n<p class=\"fig-premium-paywall__title\">Vous avez envie de lire la suite ?<\/p>\n<p class=\"fig-premium-paywall__subtitle\">D\u00e9bloquez tous les articles imm\u00e9diatement.<\/p>\n<p class=\"fig-premium-paywall__connect\">\n                D\u00e9j\u00e0 abonn\u00e9\u00a0?                <a class=\"fig-premium-paywall__connect-link\" href=\"https:\/\/connect.lefigaro.fr\/login?client=horizon_web&amp;type=main&amp;redirect_uri=https%3A%2F%2Fwww.lefigaro.fr%2Finternational%2Ftensions-france-algerie-ce-qui-va-changer-pour-les-visas-20250808\" data-js-gtm=\"{&quot;customCategorie&quot;: &quot;conversion&quot;, &quot;customAction&quot;: &quot;before_Landing_Connexion_paywall_auto&quot;, &quot;customLabel&quot;: &quot;bGVmaWdhcm8uZnJfXzFmMDc0NzhiLTNiMzYtNjYxMi04ZjM3LTY1MDRiMTAyNWU1Zl9fQXJ0aWNsZQ==_Tensions France-Alg\u00e9rie\u00a0: ce qui va changer pour les visas_192&quot;, &quot;customIDSPE&quot;: &quot;bGVmaWdhcm8uZnJfXzFmMDc0NzhiLTNiMzYtNjYxMi04ZjM3LTY1MDRiMTAyNWU1Zl9fQXJ0aWNsZQ==&quot;, &quot;event&quot;: &quot;customEventSPE&quot;}\" target=\"_blank\" rel=\"noopener\"><br \/>\n                    Connectez-vous<br \/>\n                <\/a>\n            <\/p>\n","protected":false},"excerpt":{"rendered":"D\u00c9CRYPTAGE &#8211; Paris suspend officiellement l\u2019accord de 2013 et active son \u00ablevier visa-r\u00e9admission\u00bb contre l\u2019Alg\u00e9rie. Diplomates, hauts responsables&hellip;\n","protected":false},"author":2,"featured_media":305923,"comment_status":"","ping_status":"","sticky":false,"template":"","format":"standard","meta":{"footnotes":""},"categories":[4],"tags":[11,15,1011,27,12,25],"class_list":{"0":"post-305922","1":"post","2":"type-post","3":"status-publish","4":"format-standard","5":"has-post-thumbnail","7":"category-france","8":"tag-actualites","9":"tag-algerie","10":"tag-fr","11":"tag-france","12":"tag-news","13":"tag-republique-francaise"},"share_on_mastodon":{"url":"https:\/\/pubeurope.com\/@fr\/114995159078803388","error":""},"_links":{"self":[{"href":"https:\/\/www.europesays.com\/fr\/wp-json\/wp\/v2\/posts\/305922","targetHints":{"allow":["GET"]}}],"collection":[{"href":"https:\/\/www.europesays.com\/fr\/wp-json\/wp\/v2\/posts"}],"about":[{"href":"https:\/\/www.europesays.com\/fr\/wp-json\/wp\/v2\/types\/post"}],"author":[{"embeddable":true,"href":"https:\/\/www.europesays.com\/fr\/wp-json\/wp\/v2\/users\/2"}],"replies":[{"embeddable":true,"href":"https:\/\/www.europesays.com\/fr\/wp-json\/wp\/v2\/comments?post=305922"}],"version-history":[{"count":0,"href":"https:\/\/www.europesays.com\/fr\/wp-json\/wp\/v2\/posts\/305922\/revisions"}],"wp:featuredmedia":[{"embeddable":true,"href":"https:\/\/www.europesays.com\/fr\/wp-json\/wp\/v2\/media\/305923"}],"wp:attachment":[{"href":"https:\/\/www.europesays.com\/fr\/wp-json\/wp\/v2\/media?parent=305922"}],"wp:term":[{"taxonomy":"category","embeddable":true,"href":"https:\/\/www.europesays.com\/fr\/wp-json\/wp\/v2\/categories?post=305922"},{"taxonomy":"post_tag","embeddable":true,"href":"https:\/\/www.europesays.com\/fr\/wp-json\/wp\/v2\/tags?post=305922"}],"curies":[{"name":"wp","href":"https:\/\/api.w.org\/{rel}","templated":true}]}}