{"id":305928,"date":"2025-08-08T21:03:38","date_gmt":"2025-08-08T21:03:38","guid":{"rendered":"https:\/\/www.europesays.com\/fr\/305928\/"},"modified":"2025-08-08T21:03:38","modified_gmt":"2025-08-08T21:03:38","slug":"colombey-les-belles-des-ateliers-de-creation-musicale-avec-la-rappeuse-bro","status":"publish","type":"post","link":"https:\/\/www.europesays.com\/fr\/305928\/","title":{"rendered":"Colombey-les-Belles. Des ateliers de cr\u00e9ation musicale avec la rappeuse Br\u00f6"},"content":{"rendered":"<p>Le centre social Arc-en-Ciel de la communaut\u00e9 de communes du Pays de Colombey et du Sud Toulois (CCPCST) participe au dispositif r\u00e9gional de r\u00e9sidence artistique immersive \u00ab\u00a0Quartiers libres\u00a0\u00bb men\u00e9 avec \u00ab\u00a0Sc\u00e8nes et Territoires, Les Francofolies de La\u00a0Rochelle et la DRAC Grand Est dans le cadre de l\u2019\u00c9t\u00e9 culturel\u00a0\u00bb.<\/p>\n<p>Les lundi\u00a025 et mardi 26\u00a0ao\u00fbt, de 14\u00a0h \u00e0 17\u00a0h, des ateliers Dites-le en chanson (cr\u00e9ation de chansons) seront propos\u00e9s au centre social Arc-en-Ciel \u00c9t\u00e9. Ils seront anim\u00e9s par Br\u00f6, rappeuse, et R\u00e9mi Ghequiere, technicien du spectacle.<\/p>\n<p>  Une rencontre avec les habitants<\/p>\n<p>\u00ab\u00a0D\u00e9but juillet, les Francofolies ont pris leurs quartiers d\u2019\u00e9t\u00e9 dans la r\u00e9gion, promettant de riches rencontres entre habitants et bin\u00f4mes d\u2019artistes et de techniciens choisis par les organisateurs du festival. Notre territoire re\u00e7oit Br\u00f6, rappeuse. Elle proposera des temps de rencontre\u00a0: showcase pour pr\u00e9senter son travail, ateliers d\u2019\u00e9criture de chansons, atelier de pr\u00e9sentation des m\u00e9tiers du spectacle et une restitution pour pr\u00e9senter les chansons cr\u00e9\u00e9es dans la semaine\u00a0\u00bb, pr\u00e9cise Marie-Astrid Henry, cheffe du service culture, \u00e9ducation, jeunesse et sports de la communaut\u00e9 de communes du Pays de Colombey et du Sud Toulois.<\/p>\n<p>  Le parcours de Br\u00f6<\/p>\n<p>La rappeuse Elisa Brolli, connue sous le nom de sc\u00e8ne Br\u00f6, auteure-compositrice- interpr\u00e8te de 29 ans, vivant \u00e0 Paris, a tenu \u00e0 se pr\u00e9senter elle-m\u00eame dans une lettre aux habitants publi\u00e9e sur le site internet de la communaut\u00e9 de communes\u00a0: \u00ab\u00a0Il y a 5 ans, j\u2019ai mont\u00e9 le projet Br\u00f6. J\u2019anime des ateliers de cr\u00e9ation musicale avec l\u2019aide des Francofolies de la\u00a0Rochelle. Cet aspect de mon m\u00e9tier me pla\u00eet beaucoup car je rencontre des personnes et destins diff\u00e9rents du mien. Ces ateliers me permettent de d\u00e9couvrir des r\u00e9gions et de me reconfronter au monde r\u00e9el, \u00e0 la nature, aux g\u00e9n\u00e9rations et \u00e0 la timidit\u00e9 (la mienne et la v\u00f4tre). Des chansons, instrumentales, po\u00e8mes et dessins naissent durant ces ateliers. Ils marqueront nos esprits et cr\u00e9eront de beaux souvenirs.\u00a0\u00bb<\/p>\n<p> \u25b6 \u2002 Programme complet sur https:\/\/www.pays-colombey-sudtoulois.fr\/agenda et inscriptions au 03\u00a083\u00a052\u00a008\u00a016 ou culture@payscolombey-sudtoulois.fr<\/p>\n<p>  Des moments de partage<\/p>\n<p>\u00ab\u00a0Nous vivrons le moment pr\u00e9sent ensemble, dans votre r\u00e9gion que j\u2019ai la chance de d\u00e9couvrir durant cette semaine de cr\u00e9ation avec vous et de musique. Il me tarde de vous conna\u00eetre\u00a0\u00bb assure Br\u00f6<\/p>\n","protected":false},"excerpt":{"rendered":"Le centre social Arc-en-Ciel de la communaut\u00e9 de communes du Pays de Colombey et du Sud Toulois (CCPCST)&hellip;\n","protected":false},"author":2,"featured_media":305929,"comment_status":"","ping_status":"","sticky":false,"template":"","format":"standard","meta":{"footnotes":""},"categories":[9635],"tags":[1111,11,13911,44593,6211,1687,1705,1777,674,1011,27,775,1702,12,5486,25],"class_list":{"0":"post-305928","1":"post","2":"type-post","3":"status-publish","4":"format-standard","5":"has-post-thumbnail","7":"category-nancy","8":"tag-actu","9":"tag-actualites","10":"tag-cc-du-pays-de-colombey-et-du-sud-toulois-54d","11":"tag-colombey-les-belles","12":"tag-conference","13":"tag-culture-loisirs","14":"tag-edition-toul","15":"tag-eu","16":"tag-europe","17":"tag-fr","18":"tag-france","19":"tag-grand-est","20":"tag-nancy","21":"tag-news","22":"tag-rencontre","23":"tag-republique-francaise"},"share_on_mastodon":{"url":"https:\/\/pubeurope.com\/@fr\/114995174037647550","error":""},"_links":{"self":[{"href":"https:\/\/www.europesays.com\/fr\/wp-json\/wp\/v2\/posts\/305928","targetHints":{"allow":["GET"]}}],"collection":[{"href":"https:\/\/www.europesays.com\/fr\/wp-json\/wp\/v2\/posts"}],"about":[{"href":"https:\/\/www.europesays.com\/fr\/wp-json\/wp\/v2\/types\/post"}],"author":[{"embeddable":true,"href":"https:\/\/www.europesays.com\/fr\/wp-json\/wp\/v2\/users\/2"}],"replies":[{"embeddable":true,"href":"https:\/\/www.europesays.com\/fr\/wp-json\/wp\/v2\/comments?post=305928"}],"version-history":[{"count":0,"href":"https:\/\/www.europesays.com\/fr\/wp-json\/wp\/v2\/posts\/305928\/revisions"}],"wp:featuredmedia":[{"embeddable":true,"href":"https:\/\/www.europesays.com\/fr\/wp-json\/wp\/v2\/media\/305929"}],"wp:attachment":[{"href":"https:\/\/www.europesays.com\/fr\/wp-json\/wp\/v2\/media?parent=305928"}],"wp:term":[{"taxonomy":"category","embeddable":true,"href":"https:\/\/www.europesays.com\/fr\/wp-json\/wp\/v2\/categories?post=305928"},{"taxonomy":"post_tag","embeddable":true,"href":"https:\/\/www.europesays.com\/fr\/wp-json\/wp\/v2\/tags?post=305928"}],"curies":[{"name":"wp","href":"https:\/\/api.w.org\/{rel}","templated":true}]}}