{"id":305932,"date":"2025-08-08T21:05:15","date_gmt":"2025-08-08T21:05:15","guid":{"rendered":"https:\/\/www.europesays.com\/fr\/305932\/"},"modified":"2025-08-08T21:05:15","modified_gmt":"2025-08-08T21:05:15","slug":"a-carqueiranne-ce-chateau-charge-dhistoire-renait-depuis-son-acquisition-en-2023-par-vincent-lamour","status":"publish","type":"post","link":"https:\/\/www.europesays.com\/fr\/305932\/","title":{"rendered":"A Carqueiranne, ce ch\u00e2teau charg\u00e9 d\u2019histoire rena\u00eet depuis son acquisition en 2023 par Vincent Lamour"},"content":{"rendered":"<p>L\u2019ambition de Vincent Lamour est avant tout de valoriser le patrimoine historique du domaine et d\u2019exploiter son terroir. Il se consid\u00e8re h\u00e9ritier de si\u00e8cles d\u2019histoire et d\u2019un terroir unique. Et cet h\u00e9ritage l\u2019oblige: \u00ab\u00a0Nous avons \u00e0 c\u0153ur de pr\u00e9server ce patrimoine et le transmettre aux g\u00e9n\u00e9rations futures\u00a0\u00bb. Pour lui, l\u2019esprit Ch\u00e2teau Carqueiranne se construit autour de trois piliers essentiels: \u00ab\u00a0Respecter notre patrimoine historique, produire des vins d\u2019exception, et refl\u00e9ter l\u2019art de vivre proven\u00e7al\u00a0\u00bb.<\/p>\n<p>Le vin et les produits de la terre<\/p>\n<p>              <img ci-src=\"https:\/\/www.varmatin.com\/culture\/protec\/DATA_ART_16046635-Gv1VP1Kp.jpg?vh=1e1a89&amp;ci_seal=8135d20022\" alt=\"\"\/><br \/>\n        La chapelle v\u00e9g\u00e9tale. <\/p>\n<p>Le Ch\u00e2teau Carqueiranne b\u00e9n\u00e9ficie de conditions climatiques id\u00e9ales pour ses vignes: un ensoleillement g\u00e9n\u00e9reux, des temp\u00e9ratures mod\u00e9r\u00e9es et le mistral qui r\u00e9duit la pr\u00e9sence de parasites et de maladies. Ce cadre favorise une agro\u00e9cologie certifi\u00e9e HVE, certification qui d\u00e9montre l\u2019engagement du domaine de s\u2019inscrire globalement dans une d\u00e9marche environnementale globale et durable.<\/p>\n<p>Vincent Lamour et son \u00e9quipe exploitent \u00e0 pr\u00e9sent 25 hectares de vignes r\u00e9parties entre Carqueiranne (6ha sur le domaine), Hy\u00e8res et La Crau. Le projet de d\u00e9veloppement viticole est conduit en partenariat avec le Cellier de La Crau, en appellation AOP C\u00f4tes de Provence et IGP du Var. Une premi\u00e8re cuv\u00e9e a \u00e9t\u00e9 vinifi\u00e9e \u00e0 l\u2019automne 2023. Aujourd\u2019hui, quatre cuv\u00e9es 2024 sont propos\u00e9es, cuv\u00e9e Ch\u00e2teau Carqueiranne en ros\u00e9 et cuv\u00e9es Lamour en ros\u00e9, rouge et blanc. Une production totale de 45.000 bouteilles, en vente au domaine et aupr\u00e8s de nombreux distributeurs, cavistes et restaurants de la presqu\u2019\u00eele de Giens au Mourillon. En compl\u00e9ment, le domaine valorise une polyculture durable et cultive orangers, oliviers, figuiers, lavandes et pivoines. Ces produits du domaine, ainsi que des produits locaux (savons, biscuits, miels, confitures..) sont propos\u00e9s \u00e0 la paillote \u00e9ph\u00e9m\u00e8re le long de la route des Trois Pins, en attendant la construction d\u2019un nouveau chai et caveau de vente d\u2019ici quelques ann\u00e9es. L\u2019acc\u00e8s se trouve sur le chemin du Ch\u00e2teau o\u00f9 se trouve un parking visiteur.<\/p>\n<p>L\u2019\u00e9v\u00e8nementiel au service du patrimoine<\/p>\n<p>              <img ci-src=\"https:\/\/www.varmatin.com\/culture\/protec\/DATA_ART_16046639-EyzT4stx.jpg?vh=05ac67&amp;ci_seal=f4162d516f\" alt=\"\"\/><br \/>\n        R\u00e9cital de piano sous la chapelle v\u00e9g\u00e9tale, face \u00e0 la petite chapelle du XVIIe. <\/p>\n<p>L\u2019ouverture du domaine au public participera \u00e0 la valorisation du patrimoine historique. C\u2019est d\u00e9j\u00e0 le cas depuis l\u2019\u00e9t\u00e9 2024 avec les soir\u00e9es Jazz et Vignes reconduites cette ann\u00e9e, tous les jeudis.<\/p>\n<p>Le domaine ambitionne \u00e9galement de devenir un lieu de choix pour les \u00e9v\u00e9nements \u0153notouristiques (r\u00e9ceptions, s\u00e9minaire d\u2019entreprises). Il disposera de vingt-quatre chambres, de salles de r\u00e9union et offrira une large gamme d\u2019activit\u00e9s de coh\u00e9sion d\u2019\u00e9quipe, sur place ou dans les environs.<\/p>\n","protected":false},"excerpt":{"rendered":"L\u2019ambition de Vincent Lamour est avant tout de valoriser le patrimoine historique du domaine et d\u2019exploiter son terroir.&hellip;\n","protected":false},"author":2,"featured_media":305933,"comment_status":"","ping_status":"","sticky":false,"template":"","format":"standard","meta":{"footnotes":""},"categories":[9619],"tags":[1111,11,1350,4156,251,1777,674,1011,27,1393,873,12,882,25,2310,3366],"class_list":{"0":"post-305932","1":"post","2":"type-post","3":"status-publish","4":"format-standard","5":"has-post-thumbnail","7":"category-toulon","8":"tag-actu","9":"tag-actualites","10":"tag-architecture","11":"tag-concerts","12":"tag-culture","13":"tag-eu","14":"tag-europe","15":"tag-fr","16":"tag-france","17":"tag-loisirs","18":"tag-musique","19":"tag-news","20":"tag-provence-alpes-cote-dazur","21":"tag-republique-francaise","22":"tag-toulon","23":"tag-vie-locale"},"share_on_mastodon":{"url":"https:\/\/pubeurope.com\/@fr\/114995181899643723","error":""},"_links":{"self":[{"href":"https:\/\/www.europesays.com\/fr\/wp-json\/wp\/v2\/posts\/305932","targetHints":{"allow":["GET"]}}],"collection":[{"href":"https:\/\/www.europesays.com\/fr\/wp-json\/wp\/v2\/posts"}],"about":[{"href":"https:\/\/www.europesays.com\/fr\/wp-json\/wp\/v2\/types\/post"}],"author":[{"embeddable":true,"href":"https:\/\/www.europesays.com\/fr\/wp-json\/wp\/v2\/users\/2"}],"replies":[{"embeddable":true,"href":"https:\/\/www.europesays.com\/fr\/wp-json\/wp\/v2\/comments?post=305932"}],"version-history":[{"count":0,"href":"https:\/\/www.europesays.com\/fr\/wp-json\/wp\/v2\/posts\/305932\/revisions"}],"wp:featuredmedia":[{"embeddable":true,"href":"https:\/\/www.europesays.com\/fr\/wp-json\/wp\/v2\/media\/305933"}],"wp:attachment":[{"href":"https:\/\/www.europesays.com\/fr\/wp-json\/wp\/v2\/media?parent=305932"}],"wp:term":[{"taxonomy":"category","embeddable":true,"href":"https:\/\/www.europesays.com\/fr\/wp-json\/wp\/v2\/categories?post=305932"},{"taxonomy":"post_tag","embeddable":true,"href":"https:\/\/www.europesays.com\/fr\/wp-json\/wp\/v2\/tags?post=305932"}],"curies":[{"name":"wp","href":"https:\/\/api.w.org\/{rel}","templated":true}]}}