{"id":305934,"date":"2025-08-08T21:06:13","date_gmt":"2025-08-08T21:06:13","guid":{"rendered":"https:\/\/www.europesays.com\/fr\/305934\/"},"modified":"2025-08-08T21:06:13","modified_gmt":"2025-08-08T21:06:13","slug":"toulon-effectue-une-grosse-offre-financiere-a-baptiste-jauneau","status":"publish","type":"post","link":"https:\/\/www.europesays.com\/fr\/305934\/","title":{"rendered":"Toulon effectue une grosse offre financi\u00e8re \u00e0 Baptiste Jauneau !"},"content":{"rendered":"<p>Le march\u00e9 des demis de m\u00eal\u00e9e fran\u00e7ais de haut niveau est particuli\u00e8rement tendu, et chaque opportunit\u00e9 attire aussit\u00f4t les convoitises.<\/p>\n<p>Parmi les rares profils disponibles, celui de Baptiste Jauneau occupe une place de choix.<\/p>\n<p>Actuellement sous contrat avec Clermont jusqu\u2019en 2026, l\u2019international tricolore de 21 ans (2 s\u00e9lections) repr\u00e9sente l\u2019une des tr\u00e8s rares options pour les clubs en qu\u00eate d\u2019un num\u00e9ro neuf JIFF de classe internationale.<\/p>\n<p>D\u2019apr\u00e8s les informations de <a href=\"https:\/\/www.rugbyrama.fr\/2025\/08\/08\/info-midol-transferts-top-14-toulon-a-loffensive-sur-baptiste-jauneau-12867501.php\" rel=\"nofollow noopener\" target=\"_blank\">Midi Olympique<\/a>, le Rugby Club Toulonnais aurait d\u00e9cid\u00e9 de frapper fort en lui adressant une tr\u00e8s grosse proposition financi\u00e8re, au point de rivaliser, voire de d\u00e9passer, l\u2019offre d\u00e9j\u00e0 cons\u00e9quente de l\u2019ASM pour prolonger son joueur.<\/p>\n<p>Ce dernier reste d\u2019ailleurs dans les plans de plusieurs formations ambitieuses, comme la Section Paloise ou l\u2019Union Bordeaux-B\u00e8gles, qui suivaient son dossier de pr\u00e8s.<\/p>\n<p>Cette offensive du RCT illustre \u00e0 quel point la valeur des demis de m\u00eal\u00e9e fran\u00e7ais sur le march\u00e9 est \u00e9lev\u00e9e.<\/p>\n<p>Les rares joueurs de ce profil, comme Jauneau ou Baptiste Serin \u2013 lui aussi en fin de contrat en 2026 \u2013 deviennent rapidement l\u2019objet d\u2019une lutte acharn\u00e9e entre clubs pr\u00eats \u00e0 d\u00e9penser sans compter pour s\u00e9curiser leur signature.<\/p>\n<p>Baptiste Jauneau va-t-il s\u2019engager en faveur du RCT pour les saisons \u00e0 venir ?<\/p>\n<p><strong>Affaire \u00e0 suivre\u2026<\/strong><\/p>\n","protected":false},"excerpt":{"rendered":"Le march\u00e9 des demis de m\u00eal\u00e9e fran\u00e7ais de haut niveau est particuli\u00e8rement tendu, et chaque opportunit\u00e9 attire aussit\u00f4t&hellip;\n","protected":false},"author":2,"featured_media":305935,"comment_status":"","ping_status":"","sticky":false,"template":"","format":"standard","meta":{"footnotes":""},"categories":[9619],"tags":[1111,11,1777,674,1011,27,12,882,25,2310],"class_list":{"0":"post-305934","1":"post","2":"type-post","3":"status-publish","4":"format-standard","5":"has-post-thumbnail","7":"category-toulon","8":"tag-actu","9":"tag-actualites","10":"tag-eu","11":"tag-europe","12":"tag-fr","13":"tag-france","14":"tag-news","15":"tag-provence-alpes-cote-dazur","16":"tag-republique-francaise","17":"tag-toulon"},"share_on_mastodon":{"url":"https:\/\/pubeurope.com\/@fr\/114995185800373158","error":""},"_links":{"self":[{"href":"https:\/\/www.europesays.com\/fr\/wp-json\/wp\/v2\/posts\/305934","targetHints":{"allow":["GET"]}}],"collection":[{"href":"https:\/\/www.europesays.com\/fr\/wp-json\/wp\/v2\/posts"}],"about":[{"href":"https:\/\/www.europesays.com\/fr\/wp-json\/wp\/v2\/types\/post"}],"author":[{"embeddable":true,"href":"https:\/\/www.europesays.com\/fr\/wp-json\/wp\/v2\/users\/2"}],"replies":[{"embeddable":true,"href":"https:\/\/www.europesays.com\/fr\/wp-json\/wp\/v2\/comments?post=305934"}],"version-history":[{"count":0,"href":"https:\/\/www.europesays.com\/fr\/wp-json\/wp\/v2\/posts\/305934\/revisions"}],"wp:featuredmedia":[{"embeddable":true,"href":"https:\/\/www.europesays.com\/fr\/wp-json\/wp\/v2\/media\/305935"}],"wp:attachment":[{"href":"https:\/\/www.europesays.com\/fr\/wp-json\/wp\/v2\/media?parent=305934"}],"wp:term":[{"taxonomy":"category","embeddable":true,"href":"https:\/\/www.europesays.com\/fr\/wp-json\/wp\/v2\/categories?post=305934"},{"taxonomy":"post_tag","embeddable":true,"href":"https:\/\/www.europesays.com\/fr\/wp-json\/wp\/v2\/tags?post=305934"}],"curies":[{"name":"wp","href":"https:\/\/api.w.org\/{rel}","templated":true}]}}