{"id":305940,"date":"2025-08-08T21:14:31","date_gmt":"2025-08-08T21:14:31","guid":{"rendered":"https:\/\/www.europesays.com\/fr\/305940\/"},"modified":"2025-08-08T21:14:31","modified_gmt":"2025-08-08T21:14:31","slug":"le-gf38-est-il-pret-avant-daffronter-lestac-en-ouverture-du-championnat","status":"publish","type":"post","link":"https:\/\/www.europesays.com\/fr\/305940\/","title":{"rendered":"Le GF38 est-il pr\u00eat avant d&rsquo;affronter l&rsquo;ESTAC en ouverture du championnat ?"},"content":{"rendered":"<p style=\"font-size:20px\"><strong>Les trois coups de la Ligue 2 seront donn\u00e9s \u00e0 Troyes ce samedi 9 ao\u00fbt pour les footballeurs du GF38. L\u2019\u00e9quipe de Franck Rizzetto est-elle pr\u00eate \u00e0 se lancer dans cette nouvelle saison ? La confiance est en tout cas de mise dans les discours m\u00eame si la pr\u00e9paration s\u2019est conclue sur autant de doutes que de certitudes. <\/strong><\/p>\n<p>Difficile de tirer un bilan global de l\u2019\u00e9t\u00e9 grenoblois. Les co\u00e9quipiers de Ga\u00ebtan Paquiez ont en effet altern\u00e9 entre le prometteur (Rodez, Auxerre) et l\u2019inqui\u00e9tant (Troyes, Le Puy), avec toutefois une constante : un manque d\u2019efficacit\u00e9 offensive, qui ternit forc\u00e9ment le tableau. M\u00e9thode Cou\u00e9 ou conscience qu\u2019une pr\u00e9paration n\u2019a pour objectif que de\u2026 pr\u00e9parer, la confiance est plut\u00f4t de mise au moment d\u2019entrer dans le vif du sujet avec un d\u00e9placement dans l\u2019Aube.<\/p>\n<p>\u00ab\u00a0On est dans la continuit\u00e9, que ce soit dans le travail, dans l\u2019investissement\u00ab\u00a0, appr\u00e9cie un Franck Rizzetto pas forc\u00e9ment inquiet apr\u00e8s la d\u00e9faite face au Puy. \u00ab\u00a0Tout le contenu n\u2019a pas \u00e9t\u00e9 \u00e0 jeter. On a bien su tenir le ballon jusqu\u2019aux 30 m\u00e8tres. J\u2019appr\u00e9cie quand mon \u00e9quipe cherche \u00e0 produire du jeu. La finalit\u00e9 a \u00e9t\u00e9 plus compliqu\u00e9e et on a aussi \u00e9t\u00e9 moins fluide en seconde mi-temps, avec un gros coup de pompe. Mais c\u2019\u00e9tait aussi la premi\u00e8re fois qu\u2019on demandait aux joueurs de jouer 90 minutes, trois jours apr\u00e8s le match contre Auxerre.\u00ab\u00a0<\/p>\n<p>Des efforts qu\u2019il faudra r\u00e9p\u00e9ter contre Troyes, \u00e9quipe qui a laiss\u00e9 un mauvais souvenir pendant la pr\u00e9paration avec une cuisante d\u00e9faite 5-0. \u00ab\u00a0Nous ne sommes pas \u00e0 100% mais j\u2019imagine comme toutes les \u00e9quipes de Ligue 2. C\u2019est aussi le cas pour Troyes qui a perdu beaucoup d\u2019attaquants notamment. L\u2019ESTAC m\u2019a laiss\u00e9 l\u2019impression d\u2019une \u00e9quipe tr\u00e8s disciplin\u00e9e, bien huil\u00e9e, difficile \u00e0 manier. C\u2019est la seule \u00e9quipe qui joue \u00e0 4 derri\u00e8re qu\u2019on a affront\u00e9, mais ce sera un match diff\u00e9rent.\u00ab\u00a0<\/p>\n<p>Un match qu\u2019il faudra aborder avec un secteur offensif peu en r\u00e9ussite, doux euph\u00e9misme, et amput\u00e9 de trois \u00e9l\u00e9ments avec les d\u00e9parts d\u2019Olaitan et Jabbari et la blessure de K\u00e9rou\u00e9dan. L\u00e0 aussi Grenoble n\u2019est pas tout \u00e0 fait pr\u00eat en mati\u00e8re d\u2019\u00e9l\u00e9ments \u00e0 disposition. \u00ab\u00a0On pr\u00e9f\u00e8re toujours avoir tout le monde d\u00e8s le d\u00e9part mais on a d\u00e9j\u00e0 eu la chance d\u2019avoir des recrues d\u00e8s la reprise. J\u2019en remercie encore mes dirigeants. Des joueurs peuvent partir, d\u2019autres peuvent arriver, d\u2019ici la fin du mercato. On le sait, on fait avec.\u00a0\u00bb <\/p>\n<p>Le GF38 est-il pr\u00eat ? Sans doute pas totalement alors que l\u2019effectif attend toujours le renfort d\u2019\u00e9l\u00e9ment(s) offensif(s), que les attaquants attendent toujours de se mettre en confiance et que la mont\u00e9e en puissance physique est en cours. Mais finalement est-il moins pr\u00eat que Troyes ou que ses autres premiers adversaires en championnat ? R\u00e9ponse \u00e0 partir de ce samedi o\u00f9 les Is\u00e9rois seront attendus sur le contenu mais d\u00e9j\u00e0 sur le r\u00e9sultat pour ne pas se mettre d\u00e9j\u00e0 sous pression alors que le mois d\u2019ao\u00fbt et ses trois d\u00e9placements s\u2019annonce compliqu\u00e9.<\/p>\n","protected":false},"excerpt":{"rendered":"Les trois coups de la Ligue 2 seront donn\u00e9s \u00e0 Troyes ce samedi 9 ao\u00fbt pour les footballeurs&hellip;\n","protected":false},"author":2,"featured_media":231616,"comment_status":"","ping_status":"","sticky":false,"template":"","format":"standard","meta":{"footnotes":""},"categories":[9566],"tags":[1111,11,2430,1777,674,1011,27,2731,12,25],"class_list":{"0":"post-305940","1":"post","2":"type-post","3":"status-publish","4":"format-standard","5":"has-post-thumbnail","7":"category-grenoble","8":"tag-actu","9":"tag-actualites","10":"tag-auvergne-rhone-alpes","11":"tag-eu","12":"tag-europe","13":"tag-fr","14":"tag-france","15":"tag-grenoble","16":"tag-news","17":"tag-republique-francaise"},"share_on_mastodon":{"url":"https:\/\/pubeurope.com\/@fr\/114995217205923930","error":""},"_links":{"self":[{"href":"https:\/\/www.europesays.com\/fr\/wp-json\/wp\/v2\/posts\/305940","targetHints":{"allow":["GET"]}}],"collection":[{"href":"https:\/\/www.europesays.com\/fr\/wp-json\/wp\/v2\/posts"}],"about":[{"href":"https:\/\/www.europesays.com\/fr\/wp-json\/wp\/v2\/types\/post"}],"author":[{"embeddable":true,"href":"https:\/\/www.europesays.com\/fr\/wp-json\/wp\/v2\/users\/2"}],"replies":[{"embeddable":true,"href":"https:\/\/www.europesays.com\/fr\/wp-json\/wp\/v2\/comments?post=305940"}],"version-history":[{"count":0,"href":"https:\/\/www.europesays.com\/fr\/wp-json\/wp\/v2\/posts\/305940\/revisions"}],"wp:featuredmedia":[{"embeddable":true,"href":"https:\/\/www.europesays.com\/fr\/wp-json\/wp\/v2\/media\/231616"}],"wp:attachment":[{"href":"https:\/\/www.europesays.com\/fr\/wp-json\/wp\/v2\/media?parent=305940"}],"wp:term":[{"taxonomy":"category","embeddable":true,"href":"https:\/\/www.europesays.com\/fr\/wp-json\/wp\/v2\/categories?post=305940"},{"taxonomy":"post_tag","embeddable":true,"href":"https:\/\/www.europesays.com\/fr\/wp-json\/wp\/v2\/tags?post=305940"}],"curies":[{"name":"wp","href":"https:\/\/api.w.org\/{rel}","templated":true}]}}