{"id":305941,"date":"2025-08-08T21:16:14","date_gmt":"2025-08-08T21:16:14","guid":{"rendered":"https:\/\/www.europesays.com\/fr\/305941\/"},"modified":"2025-08-08T21:16:14","modified_gmt":"2025-08-08T21:16:14","slug":"top-depart-pour-le-festival-international-du-film-insolite-a-rennes-le-chateau","status":"publish","type":"post","link":"https:\/\/www.europesays.com\/fr\/305941\/","title":{"rendered":"Top d\u00e9part pour le festival international du film insolite \u00e0 Rennes-le-Ch\u00e2teau"},"content":{"rendered":"<p><strong>Du vendredi 8 au mardi 12 ao\u00fbt, le petit village de Rennes-le-Ch\u00e2teau accueille le festival international du film insolite. Un programme pens\u00e9 par Fanny Bastien\u00a0et\u00a0Geoffroy Thiebaut qui invite \u00e0 un moment de partage, de culture et d\u2019\u00e9change autour du 7\u00e8me art. Dans ce cadre inattendu, de nombreuses projections, d\u00e9bats, ateliers ou encore conf\u00e9rences sont propos\u00e9s.   <\/strong><\/p>\n<p>Pour une 11e \u00e9dition, le festival international du film insolite fait son grand retour \u00e0 Rennes-le-Ch\u00e2teau. Install\u00e9 du 8 au 12 ao\u00fbt, l\u2019\u00e9v\u00e9nement pens\u00e9 par Fanny Bastien\u00a0et\u00a0Geoffroy Thiebaut, propose une d\u00e9couverte du cin\u00e9ma insolite dans un cadre exceptionnel. Cette ann\u00e9e, une trentaine d\u2019invit\u00e9s sont pr\u00e9sents. Des personnalit\u00e9s du cin\u00e9ma telles que Claire Nebout,\u00a0Rapha\u00ebl Thi\u00e9ry,\u00a0Sma\u00efn ou encore Philippe Duquesne mais aussi des scientifiques comme Bernard Vial ou Didier Nectoux.<\/p>\n<p>Pendant cinq jours, le festival propose la projection de longs et de courts m\u00e9trages, des masterclasses, une table ronde, des ateliers ainsi que des \u00e9v\u00e9nements insolites. La particularit\u00e9 du programme est qu\u2019il prend place dans des sites \u00e0 ciel ouvert charg\u00e9s de culture et d\u2019histoire. L\u2019objectif des com\u00e9diens Fanny Bastien\u00a0et\u00a0Geoffroy Thiebaut est de cr\u00e9er une rencontre entre le cin\u00e9ma, la nature et la pens\u00e9e. <\/p>\n<p><img loading=\"lazy\" decoding=\"async\" width=\"770\" height=\"440\" src=\"https:\/\/www.europesays.com\/fr\/wp-content\/uploads\/2025\/08\/Photo-EDL-Web-66-1.png\" alt=\"\" class=\"wp-image-85179\"  \/>Les projections de films ont lieu dans des espaces culturels. \u00a9Limouxin tourisme. <\/p>\n<p><strong>Un programme charg\u00e9 de culture <\/strong><\/p>\n<p>Pour sa 11\u00e8me \u00e9dition, le festival met le min\u00e9ral \u00e0 l\u2019honneur. Dans ce m\u00e9lange de culture et de nature, de nombreux courts ou longs m\u00e9trages vont \u00eatre projet\u00e9s. La Bo\u00eete de Pandore, Florence Thomassin de Claire Nebout, pr\u00e9sidente du jury, sera diffus\u00e9e le 8 ao\u00fbt \u00e0 21h30 pour c\u00e9l\u00e9brer l\u2019ouverture du festival \u00e0 Rennes-le-Ch\u00e2teau. Ce premier film sera suivi de la projection du long m\u00e9trage L\u2019Homme d\u2019argile ainsi que d\u2019une rencontre avec Rapha\u00ebl Thi\u00e9ry. <\/p>\n<p>Le samedi 9 ao\u00fbt \u00e0 21h30 \u00e0 Alet-Les-Bains, le festival propose la projection du film \u00c0 Bicyclette de Mathias Mlekuz. Projection pr\u00e9c\u00e9d\u00e9e du court m\u00e9trage Le Loup de Tancarville de Franc\u0327ois-R\u00e9gis Jeanne en sa pr\u00e9sence et celle d\u2019Anne Gourdon, productrice. <\/p>\n<p>Le 11 ao\u00fbt, l\u2019humoriste et acteur Sma\u00efn dirigera une masterclasse \u00e0 11h30 au ch\u00e2teau des Ducs de Joyeuse \u00e0 Couiza. Ce m\u00eame jour, le film Tu iras au Paradis sera pr\u00e9sent\u00e9 \u00e0 20h30 \u00e0 Rennes-le-Ch\u00e2teau suivi du film Le Petit Piaf et d\u2019une rencontre avec Philippe Duquesne. <\/p>\n<p>En journ\u00e9e de cl\u00f4ture, un concours de p\u00e9tanque \u00e0 l\u2019aveugle est organis\u00e9. Un \u00e9v\u00e9nement en association avec Entre vues audoise (EVA), une association qui s\u2019engage depuis 16 ans dans l\u2019acc\u00e8s \u00e0 l\u2019autonomie des personnes en situation de handicap visuel et dans la sensibilisation aupr\u00e8s du public. Cette activit\u00e9 ouverte \u00e0 tous aura lieu le 12 ao\u00fbt \u00e0 16h30 sur l\u2019esplanade de Rennes-le-Ch\u00e2teau. <\/p>\n<p class=\"has-text-align-right\"><strong>\u00c9milie Sogorb <\/strong><\/p>\n<p class=\"has-text-align-right\">Photo principale : Fanny Bastien\u00a0et\u00a0Geoffroy Thiebaut cr\u00e9ateurs du festival. \u00a9D.R. <\/p>\n<p class=\"has-text-align-left\"><strong>Pratique<\/strong> : l\u2019ensemble de la programmation et des films en comp\u00e9tition sont disponibles sur <a href=\"https:\/\/festivalfilminsoliterenneslechateau.fr\/\" rel=\"nofollow noopener\" target=\"_blank\">le site du festival<\/a>. <\/p>\n","protected":false},"excerpt":{"rendered":"Du vendredi 8 au mardi 12 ao\u00fbt, le petit village de Rennes-le-Ch\u00e2teau accueille le festival international du film&hellip;\n","protected":false},"author":2,"featured_media":305942,"comment_status":"","ping_status":"","sticky":false,"template":"","format":"standard","meta":{"footnotes":""},"categories":[2821],"tags":[1111,11,829,1777,674,1011,27,12,584,25],"class_list":{"0":"post-305941","1":"post","2":"type-post","3":"status-publish","4":"format-standard","5":"has-post-thumbnail","7":"category-rennes","8":"tag-actu","9":"tag-actualites","10":"tag-bretagne","11":"tag-eu","12":"tag-europe","13":"tag-fr","14":"tag-france","15":"tag-news","16":"tag-rennes","17":"tag-republique-francaise"},"share_on_mastodon":{"url":"https:\/\/pubeurope.com\/@fr\/114995225440695451","error":""},"_links":{"self":[{"href":"https:\/\/www.europesays.com\/fr\/wp-json\/wp\/v2\/posts\/305941","targetHints":{"allow":["GET"]}}],"collection":[{"href":"https:\/\/www.europesays.com\/fr\/wp-json\/wp\/v2\/posts"}],"about":[{"href":"https:\/\/www.europesays.com\/fr\/wp-json\/wp\/v2\/types\/post"}],"author":[{"embeddable":true,"href":"https:\/\/www.europesays.com\/fr\/wp-json\/wp\/v2\/users\/2"}],"replies":[{"embeddable":true,"href":"https:\/\/www.europesays.com\/fr\/wp-json\/wp\/v2\/comments?post=305941"}],"version-history":[{"count":0,"href":"https:\/\/www.europesays.com\/fr\/wp-json\/wp\/v2\/posts\/305941\/revisions"}],"wp:featuredmedia":[{"embeddable":true,"href":"https:\/\/www.europesays.com\/fr\/wp-json\/wp\/v2\/media\/305942"}],"wp:attachment":[{"href":"https:\/\/www.europesays.com\/fr\/wp-json\/wp\/v2\/media?parent=305941"}],"wp:term":[{"taxonomy":"category","embeddable":true,"href":"https:\/\/www.europesays.com\/fr\/wp-json\/wp\/v2\/categories?post=305941"},{"taxonomy":"post_tag","embeddable":true,"href":"https:\/\/www.europesays.com\/fr\/wp-json\/wp\/v2\/tags?post=305941"}],"curies":[{"name":"wp","href":"https:\/\/api.w.org\/{rel}","templated":true}]}}