{"id":305945,"date":"2025-08-08T21:18:29","date_gmt":"2025-08-08T21:18:29","guid":{"rendered":"https:\/\/www.europesays.com\/fr\/305945\/"},"modified":"2025-08-08T21:18:29","modified_gmt":"2025-08-08T21:18:29","slug":"a-vos-agendas-sig-strasbourg","status":"publish","type":"post","link":"https:\/\/www.europesays.com\/fr\/305945\/","title":{"rendered":"\u00c0 vos agendas ! | SIG Strasbourg"},"content":{"rendered":"<p class=\"chapo\" data-start=\"84\" data-end=\"248\">Les dates officielles des neuf premi\u00e8res rencontres de BetclicElite sont d\u00e9sormais connues. L\u2019occasion parfaite de se projeter d\u00e8s maintenant sur les grands rendez-vous \u00e0 venir !<\/p>\n<p>Nos SIGMen ouvriront le bal \u00e0 l\u2019ext\u00e9rieur, dans l\u2019Ouest de la France, le 27 septembre \u00e0 Cholet \u00e0 18h10. Les rouges et blancs auront \u00e0 c\u0153ur de partir sur de bonnes bases et de rentrer imm\u00e9diatement dans le vif du sujet.<br \/>\nCe n\u2019est qu\u2019\u00e0 l\u2019occasion de la deuxi\u00e8me journ\u00e9e \u00e0 domicile que nos SIGMen pourront d\u00e9fendre les terres alsaciennes face aux Vikings de la C\u00f4te d\u2019Opale le 04 Octobre \u00e0 18h20.\u00a0<br \/>\nSi, lors de ces neuf premi\u00e8res journ\u00e9es, nos Strasbourgeois ne croiseront pas encore la route des redoutables ogres de la Betclic \u00c9lite, ils devront tout de m\u00eame affronter des \u00e9quipes s\u00e9rieuses et ambitieuses comme la SIG Strasbourg.\u00a0<\/p>\n<p>\u00a0<\/p>\n<p>\u00a0<\/p>\n","protected":false},"excerpt":{"rendered":"Les dates officielles des neuf premi\u00e8res rencontres de BetclicElite sont d\u00e9sormais connues. L\u2019occasion parfaite de se projeter d\u00e8s&hellip;\n","protected":false},"author":2,"featured_media":305946,"comment_status":"","ping_status":"","sticky":false,"template":"","format":"standard","meta":{"footnotes":""},"categories":[2820],"tags":[1111,11,3146,1777,674,1011,27,775,3145,12,25,3144,640],"class_list":{"0":"post-305945","1":"post","2":"type-post","3":"status-publish","4":"format-standard","5":"has-post-thumbnail","7":"category-strasbourg","8":"tag-actu","9":"tag-actualites","10":"tag-betclic-elite","11":"tag-eu","12":"tag-europe","13":"tag-fr","14":"tag-france","15":"tag-grand-est","16":"tag-lnb","17":"tag-news","18":"tag-republique-francaise","19":"tag-sig","20":"tag-strasbourg"},"share_on_mastodon":{"url":"https:\/\/pubeurope.com\/@fr\/114995233043660820","error":""},"_links":{"self":[{"href":"https:\/\/www.europesays.com\/fr\/wp-json\/wp\/v2\/posts\/305945","targetHints":{"allow":["GET"]}}],"collection":[{"href":"https:\/\/www.europesays.com\/fr\/wp-json\/wp\/v2\/posts"}],"about":[{"href":"https:\/\/www.europesays.com\/fr\/wp-json\/wp\/v2\/types\/post"}],"author":[{"embeddable":true,"href":"https:\/\/www.europesays.com\/fr\/wp-json\/wp\/v2\/users\/2"}],"replies":[{"embeddable":true,"href":"https:\/\/www.europesays.com\/fr\/wp-json\/wp\/v2\/comments?post=305945"}],"version-history":[{"count":0,"href":"https:\/\/www.europesays.com\/fr\/wp-json\/wp\/v2\/posts\/305945\/revisions"}],"wp:featuredmedia":[{"embeddable":true,"href":"https:\/\/www.europesays.com\/fr\/wp-json\/wp\/v2\/media\/305946"}],"wp:attachment":[{"href":"https:\/\/www.europesays.com\/fr\/wp-json\/wp\/v2\/media?parent=305945"}],"wp:term":[{"taxonomy":"category","embeddable":true,"href":"https:\/\/www.europesays.com\/fr\/wp-json\/wp\/v2\/categories?post=305945"},{"taxonomy":"post_tag","embeddable":true,"href":"https:\/\/www.europesays.com\/fr\/wp-json\/wp\/v2\/tags?post=305945"}],"curies":[{"name":"wp","href":"https:\/\/api.w.org\/{rel}","templated":true}]}}