{"id":305947,"date":"2025-08-08T21:19:10","date_gmt":"2025-08-08T21:19:10","guid":{"rendered":"https:\/\/www.europesays.com\/fr\/305947\/"},"modified":"2025-08-08T21:19:10","modified_gmt":"2025-08-08T21:19:10","slug":"la-ville-de-nice-reconduit-son-arrete-interdisant-les-regroupements","status":"publish","type":"post","link":"https:\/\/www.europesays.com\/fr\/305947\/","title":{"rendered":"La Ville de Nice reconduit son arr\u00eat\u00e9 interdisant les regroupements"},"content":{"rendered":"<p>Pri\u00e8re de circuler \u00e0 Nice! La Ville a fait savoir ce vendredi qu\u2019elle avait renouvel\u00e9 son arr\u00eat\u00e9 r\u00e9glementant les regroupements. Jusqu\u2019au 2 janvier, il interdit les rassemblements \u00ab\u00a0de personnes sur le domaine public tous les jours, entre 16 heures et 5 heures du matin\u00a0\u00bb lorsqu\u2019ils sont de nature \u00e0 \u00ab\u00a0Entraver la libre circulation des pi\u00e9tons, mettre en danger la s\u00e9curit\u00e9 des usagers, g\u00e9n\u00e9rer des nuisances sonores ou des troubles de voisinage, provoquer des insalubrit\u00e9s ou des risques d\u2019incendie par l\u2019usage de mat\u00e9riel \u00e0 combustion, occuper abusivement l\u2019espace public par des installations ou des jeux de hasard.\u00a0\u00bb<\/p>\n<p>Ces restrictions sont limit\u00e9es \u00e0 18 \u00ab\u00a0secteurs identifi\u00e9s comme particuli\u00e8rement expos\u00e9s aux nuisances et troubles \u00e0 l\u2019ordre public, notamment dans le centre-ville, sur le front de mer et dans les quartiers Trachel, Saint-Roch, Madeleine, Las Planas, Les Moulins, Arson-Barla, Saint-Sylvestre, Pasteur, etc.\u00a0\u00bb<\/p>\n<p>Justification avanc\u00e9e: \u00ab\u00a0Avec une affluence touristique de plus en plus importante (&#8230;) et (&#8230;) pr\u00e8s de 1.300 appels re\u00e7us par la police municipale entre janvier et juillet 2025 pour des dol\u00e9ances li\u00e9es \u00e0 des troubles \u00e0 l\u2019ordre public [1], la Ville de Nice tient \u00e0 s\u2019inscrire dans une d\u00e9marche de pr\u00e9vention et de protection, en compl\u00e9ment des actions men\u00e9es par les forces de l\u2019ordre.\u00a0\u00bb<\/p>\n<p>Ce texte a d\u2019autres objectifs inavou\u00e9s. Relativement large et sujet \u00e0 interpr\u00e9tation, il vise \u00e0 faciliter le travail des forces de l\u2019ordre dans la r\u00e9pression des troubles \u00e0 l\u2019ordre public.<\/p>\n<p>Il mat\u00e9rialise aussi la sensibilit\u00e9 de la municipalit\u00e9 \u00e0 l\u2019encontre de tous les d\u00e9bordements li\u00e9s \u00e0 la saison et au pic de fr\u00e9quentation touristiques.<\/p>\n<p>(1) La Ville fait aussi \u00e9tat de \u00ab\u00a0la r\u00e9daction, par les effectifs de la police municipale, de 217 PV au motif de nuisances sonores, 370 PV (pour) embarras de voie publique, ainsi que 274 PV pour des jets de d\u00e9tritus, (&#8230;) du 1er janvier au 10 juillet.\u00a0\u00bb<\/p>\n","protected":false},"excerpt":{"rendered":"Pri\u00e8re de circuler \u00e0 Nice! La Ville a fait savoir ce vendredi qu\u2019elle avait renouvel\u00e9 son arr\u00eat\u00e9 r\u00e9glementant&hellip;\n","protected":false},"author":2,"featured_media":305948,"comment_status":"","ping_status":"","sticky":false,"template":"","format":"standard","meta":{"footnotes":""},"categories":[2819],"tags":[1111,11,1777,674,1011,27,12,2401,882,25,3366],"class_list":{"0":"post-305947","1":"post","2":"type-post","3":"status-publish","4":"format-standard","5":"has-post-thumbnail","7":"category-nice","8":"tag-actu","9":"tag-actualites","10":"tag-eu","11":"tag-europe","12":"tag-fr","13":"tag-france","14":"tag-news","15":"tag-nice","16":"tag-provence-alpes-cote-dazur","17":"tag-republique-francaise","18":"tag-vie-locale"},"share_on_mastodon":{"url":"https:\/\/pubeurope.com\/@fr\/114995237008123332","error":""},"_links":{"self":[{"href":"https:\/\/www.europesays.com\/fr\/wp-json\/wp\/v2\/posts\/305947","targetHints":{"allow":["GET"]}}],"collection":[{"href":"https:\/\/www.europesays.com\/fr\/wp-json\/wp\/v2\/posts"}],"about":[{"href":"https:\/\/www.europesays.com\/fr\/wp-json\/wp\/v2\/types\/post"}],"author":[{"embeddable":true,"href":"https:\/\/www.europesays.com\/fr\/wp-json\/wp\/v2\/users\/2"}],"replies":[{"embeddable":true,"href":"https:\/\/www.europesays.com\/fr\/wp-json\/wp\/v2\/comments?post=305947"}],"version-history":[{"count":0,"href":"https:\/\/www.europesays.com\/fr\/wp-json\/wp\/v2\/posts\/305947\/revisions"}],"wp:featuredmedia":[{"embeddable":true,"href":"https:\/\/www.europesays.com\/fr\/wp-json\/wp\/v2\/media\/305948"}],"wp:attachment":[{"href":"https:\/\/www.europesays.com\/fr\/wp-json\/wp\/v2\/media?parent=305947"}],"wp:term":[{"taxonomy":"category","embeddable":true,"href":"https:\/\/www.europesays.com\/fr\/wp-json\/wp\/v2\/categories?post=305947"},{"taxonomy":"post_tag","embeddable":true,"href":"https:\/\/www.europesays.com\/fr\/wp-json\/wp\/v2\/tags?post=305947"}],"curies":[{"name":"wp","href":"https:\/\/api.w.org\/{rel}","templated":true}]}}