{"id":305949,"date":"2025-08-08T21:20:37","date_gmt":"2025-08-08T21:20:37","guid":{"rendered":"https:\/\/www.europesays.com\/fr\/305949\/"},"modified":"2025-08-08T21:20:37","modified_gmt":"2025-08-08T21:20:37","slug":"stade-rennais-mercato-proche-dun-joli-coup-a-nice-rennes-ne-lache-pas-stassin-asse","status":"publish","type":"post","link":"https:\/\/www.europesays.com\/fr\/305949\/","title":{"rendered":"Stade Rennais Mercato\u00a0: proche d\u2019un joli coup \u00e0 Nice, Rennes ne l\u00e2che pas Stassin (ASSE)\u00a0!\u00a0"},"content":{"rendered":"<p><strong>Tr\u00e8s actif au mercato, le Stade Rennais continue son op\u00e9ration d\u00e9graissage mais tente \u00e9galement de boucler l\u2019arriv\u00e9e d\u2019un attaquant en parall\u00e8le.<\/strong><\/p>\n<p>\ud83d\udfe5<strong> Rumeur<\/strong><\/p>\n<p>Le Stade Rennais ne fait pas que r\u00eaver, il agit et poursuit son op\u00e9ration d\u00e9graissage en coulisses. Selon Le T\u00e9l\u00e9gramme, l\u2019OGC Nice est bien plac\u00e9 pour r\u00e9cup\u00e9rer le gardien Gauthier Gallon, qui pourrait rapidement renforcer la cage azur\u00e9enne. Mais Rennes, toujours dans l\u2019ombre, pr\u00e9pare ses propres coups.\u00a0<\/p>\n<p>L\u2019insider Jonathan, bien inform\u00e9 des coulisses du SRFC, r\u00e9v\u00e8le que plusieurs pistes ont \u00e9t\u00e9 \u00e9tudi\u00e9es en attaque : Folarin Balogun (AS Monaco), Esteban Lepaul (Angers), Umar Sadiq (Real Sociedad), Thijs Dallinga (Bologne), Hamza Igamane (Glasgow Rangers), sans oublier Lucas Stassin (<a href=\"https:\/\/www.butfootballclub.fr\/612803-asse-mercato-horneland-pret-a-reformer-un-duo-explosif-a-saint-etienne\/\" rel=\"noopener nofollow\" target=\"_blank\">ASSE<\/a>), cible toujours privil\u00e9gi\u00e9e malgr\u00e9 la concurrence.<\/p>\n<p>Le refus poli de Balogun, trop courtis\u00e9 et concentr\u00e9 sur son projet \u00e0 l\u2019AS Monaco, n\u2019a pas d\u00e9courag\u00e9 Rennes. Le <a href=\"https:\/\/www.butfootballclub.fr\/612836-stade-rennais-mercato-un-depart-officialise\/\" rel=\"noopener nofollow\" target=\"_blank\">club breton <\/a>cherche toujours un profil capable d\u2019apporter polyvalence et efficacit\u00e9 offensive. Et Stassin, malgr\u00e9 la lutte avec d\u2019autres pr\u00e9tendants, reste dans le viseur comme une priorit\u00e9 forte, notamment pour sa jeunesse et son potentiel \u00e0 se d\u00e9velopper rapidement. En parall\u00e8le, Ouest-France nous apprend que Jordan James est fortement courtis\u00e9 par Parme\u00a0et qu\u2019il ne sera pas retenu par le Stade Rennais en cas d\u2019offre satisfaisante.<\/p>\n<p>\u00ab\u00a0Le coup d\u2019\u0153il de But FC\u00a0\u00bb<\/p>\n<p>\u00ab\u00a0Lucas Stassin reste une option cr\u00e9dible du c\u00f4t\u00e9 du Stade Rennais, m\u00eame si l\u2019<a href=\"https:\/\/www.butfootballclub.fr\/612945-asse-mercato-une-offre-est-tombee-pour-nade-les-encheres-grimpent\/\" rel=\"noopener nofollow\" target=\"_blank\">ASSE<\/a> ne souhaite pas s\u2019en s\u00e9parer au mercato estival. On verra qui a gain de cause le 31 ao\u00fbt\u2026\u00a0\u00bb<\/p>\n","protected":false},"excerpt":{"rendered":"Tr\u00e8s actif au mercato, le Stade Rennais continue son op\u00e9ration d\u00e9graissage mais tente \u00e9galement de boucler l\u2019arriv\u00e9e d\u2019un&hellip;\n","protected":false},"author":2,"featured_media":305950,"comment_status":"","ping_status":"","sticky":false,"template":"","format":"standard","meta":{"footnotes":""},"categories":[2819],"tags":[1111,11,448,1777,674,63,1011,27,66,3388,12,2401,882,25,10662],"class_list":{"0":"post-305949","1":"post","2":"type-post","3":"status-publish","4":"format-standard","5":"has-post-thumbnail","7":"category-nice","8":"tag-actu","9":"tag-actualites","10":"tag-champions-league","11":"tag-eu","12":"tag-europe","13":"tag-football","14":"tag-fr","15":"tag-france","16":"tag-ligue-1","17":"tag-matchs","18":"tag-news","19":"tag-nice","20":"tag-provence-alpes-cote-dazur","21":"tag-republique-francaise","22":"tag-transferts"},"share_on_mastodon":{"url":"https:\/\/pubeurope.com\/@fr\/114995240829793893","error":""},"_links":{"self":[{"href":"https:\/\/www.europesays.com\/fr\/wp-json\/wp\/v2\/posts\/305949","targetHints":{"allow":["GET"]}}],"collection":[{"href":"https:\/\/www.europesays.com\/fr\/wp-json\/wp\/v2\/posts"}],"about":[{"href":"https:\/\/www.europesays.com\/fr\/wp-json\/wp\/v2\/types\/post"}],"author":[{"embeddable":true,"href":"https:\/\/www.europesays.com\/fr\/wp-json\/wp\/v2\/users\/2"}],"replies":[{"embeddable":true,"href":"https:\/\/www.europesays.com\/fr\/wp-json\/wp\/v2\/comments?post=305949"}],"version-history":[{"count":0,"href":"https:\/\/www.europesays.com\/fr\/wp-json\/wp\/v2\/posts\/305949\/revisions"}],"wp:featuredmedia":[{"embeddable":true,"href":"https:\/\/www.europesays.com\/fr\/wp-json\/wp\/v2\/media\/305950"}],"wp:attachment":[{"href":"https:\/\/www.europesays.com\/fr\/wp-json\/wp\/v2\/media?parent=305949"}],"wp:term":[{"taxonomy":"category","embeddable":true,"href":"https:\/\/www.europesays.com\/fr\/wp-json\/wp\/v2\/categories?post=305949"},{"taxonomy":"post_tag","embeddable":true,"href":"https:\/\/www.europesays.com\/fr\/wp-json\/wp\/v2\/tags?post=305949"}],"curies":[{"name":"wp","href":"https:\/\/api.w.org\/{rel}","templated":true}]}}