{"id":305952,"date":"2025-08-08T21:23:14","date_gmt":"2025-08-08T21:23:14","guid":{"rendered":"https:\/\/www.europesays.com\/fr\/305952\/"},"modified":"2025-08-08T21:23:14","modified_gmt":"2025-08-08T21:23:14","slug":"nantes-un-homme-meurt-apres-une-chute-du-quatrieme-etage-une-femme-placee-en-garde-a-vue","status":"publish","type":"post","link":"https:\/\/www.europesays.com\/fr\/305952\/","title":{"rendered":"Nantes\u00a0: un homme meurt apr\u00e8s une chute du quatri\u00e8me \u00e9tage, une femme plac\u00e9e en garde \u00e0 vue"},"content":{"rendered":"<p class=\"paragraph text_align_left lp-f-body-02\">Un homme est mort d\u00e9fenestr\u00e9 jeudi soir \u00e0 Nantes (<a href=\"https:\/\/www.leparisien.fr\/loire-atlantique-44\/\" target=\"_self\" rel=\"noopener\">Loire-Atlantique<\/a>) et une femme, alcoolis\u00e9e et drogu\u00e9e au moment des faits, a \u00e9t\u00e9 plac\u00e9e en garde \u00e0 vue, a appris l\u2019Agence France-Presse (AFP) de source polici\u00e8re ce vendredi. D\u2019apr\u00e8s <a href=\"https:\/\/www.ouest-france.fr\/pays-de-la-loire\/nantes-44000\/un-homme-se-tue-en-chutant-du-quatrieme-etage-en-plein-centre-ville-a-nantes-67383364-73c7-11f0-8a41-8cab56b0e4bf\" target=\"_self\" rel=\"noopener\">la presse locale<\/a>, les faits ont eu lieu en plein centre-ville.<\/p>\n<p class=\"paragraph text_align_left lp-f-body-02\">La veille, en d\u00e9but de soir\u00e9e, la victime a effectu\u00e9 une chute du quatri\u00e8me \u00e9tage et a succomb\u00e9 \u00e0 ses blessures malgr\u00e9 l\u2019arriv\u00e9e des secours. La femme qui se trouvait dans l\u2019appartement, pr\u00e9sent\u00e9e comme la compagne de l\u2019individu, a \u00e9t\u00e9 interpell\u00e9e par les forces de l\u2019ordre et plac\u00e9e en garde \u00e0 vue.<\/p>\n<p class=\"paragraph text_align_left lp-f-body-02\">La Division de la criminalit\u00e9 organis\u00e9e et sp\u00e9cialis\u00e9e (DCOS) a \u00e9t\u00e9 saisie de l\u2019enqu\u00eate.<\/p>\n","protected":false},"excerpt":{"rendered":"Un homme est mort d\u00e9fenestr\u00e9 jeudi soir \u00e0 Nantes (Loire-Atlantique) et une femme, alcoolis\u00e9e et drogu\u00e9e au moment&hellip;\n","protected":false},"author":2,"featured_media":65373,"comment_status":"","ping_status":"","sticky":false,"template":"","format":"standard","meta":{"footnotes":""},"categories":[2818],"tags":[1111,11,459,1777,674,118,1011,27,19723,766,12,2636,25],"class_list":{"0":"post-305952","1":"post","2":"type-post","3":"status-publish","4":"format-standard","5":"has-post-thumbnail","7":"category-nantes","8":"tag-actu","9":"tag-actualites","10":"tag-departements-horsidfo","11":"tag-eu","12":"tag-europe","13":"tag-faits-divers","14":"tag-fr","15":"tag-france","16":"tag-loire-atlantique-44","17":"tag-nantes","18":"tag-news","19":"tag-pays-de-la-loire","20":"tag-republique-francaise"},"share_on_mastodon":{"url":"https:\/\/pubeurope.com\/@fr\/114995252700760807","error":""},"_links":{"self":[{"href":"https:\/\/www.europesays.com\/fr\/wp-json\/wp\/v2\/posts\/305952","targetHints":{"allow":["GET"]}}],"collection":[{"href":"https:\/\/www.europesays.com\/fr\/wp-json\/wp\/v2\/posts"}],"about":[{"href":"https:\/\/www.europesays.com\/fr\/wp-json\/wp\/v2\/types\/post"}],"author":[{"embeddable":true,"href":"https:\/\/www.europesays.com\/fr\/wp-json\/wp\/v2\/users\/2"}],"replies":[{"embeddable":true,"href":"https:\/\/www.europesays.com\/fr\/wp-json\/wp\/v2\/comments?post=305952"}],"version-history":[{"count":0,"href":"https:\/\/www.europesays.com\/fr\/wp-json\/wp\/v2\/posts\/305952\/revisions"}],"wp:featuredmedia":[{"embeddable":true,"href":"https:\/\/www.europesays.com\/fr\/wp-json\/wp\/v2\/media\/65373"}],"wp:attachment":[{"href":"https:\/\/www.europesays.com\/fr\/wp-json\/wp\/v2\/media?parent=305952"}],"wp:term":[{"taxonomy":"category","embeddable":true,"href":"https:\/\/www.europesays.com\/fr\/wp-json\/wp\/v2\/categories?post=305952"},{"taxonomy":"post_tag","embeddable":true,"href":"https:\/\/www.europesays.com\/fr\/wp-json\/wp\/v2\/tags?post=305952"}],"curies":[{"name":"wp","href":"https:\/\/api.w.org\/{rel}","templated":true}]}}