{"id":305966,"date":"2025-08-08T21:33:17","date_gmt":"2025-08-08T21:33:17","guid":{"rendered":"https:\/\/www.europesays.com\/fr\/305966\/"},"modified":"2025-08-08T21:33:17","modified_gmt":"2025-08-08T21:33:17","slug":"la-porte-dun-appartement-de-chateau-gombert-incendiee-dans-la-nuit","status":"publish","type":"post","link":"https:\/\/www.europesays.com\/fr\/305966\/","title":{"rendered":"la porte d&rsquo;un appartement de Ch\u00e2teau-Gombert incendi\u00e9e dans la nuit"},"content":{"rendered":"<p>Il \u00e9tait un peu plus de 22h, ce jeudi 7 ao\u00fbt 2025, lorsque la fum\u00e9e a envahi les parties communes d&rsquo;une r\u00e9sidence du chemin de Ch\u00e2teau-Gombert, dans le 13e arrondissement de <a href=\"https:\/\/www.laprovence.com\/bouches-du-rhone\/marseille-13055\" target=\"_blank\" rel=\"noopener\">Marseille<\/a>.<\/p>\n<p>Des flammes \u00e9taient en train de l\u00e9cher la porte d&rsquo;entr\u00e9e d&rsquo;un appartement lorsque des habitants ont donn\u00e9 l&rsquo;alerte et combattu le d\u00e9part de feu. \u00c0 l&rsquo;arriv\u00e9e des marins-pompiers, l&rsquo;incendie avait pu \u00eatre \u00e9teint sans difficult\u00e9 et sans faire de bless\u00e9s, mais une forte odeur d&rsquo;essence planait encore sur les lieux noircis par les fum\u00e9es. De quoi laisser penser que cet incendie, de toute \u00e9vidence d&rsquo;origine criminelle, pouvait viser les occupants du logement, appartement \u00e0 un septuag\u00e9naire.<\/p>\n<p>Les incendiaires se sont-ils (encore) tromp\u00e9s d&rsquo;adresse ?<\/p>\n<p>Depuis plusieurs mois, <a href=\"https:\/\/www.laprovence.com\/article\/faits-divers-justice\/2812191346555914\/reconvertis-dans-l-extorsion-les-narcos-marseillais-dans-le-viseur-de-la-brigade-de-repression-du-banditisme\" target=\"_blank\" rel=\"noopener\">des op\u00e9rations d&rsquo;intimidations se multiplient dans la r\u00e9gion marseillaise, souvent sur fond d&rsquo;extorsion<\/a>. Elles se manifestent par des incendies ou des tirs d&rsquo;arme \u00e0 vue sur des portes de logement, ou des commerces.\u00a0 Mais parfois, les \u00ab\u00a0commandos\u00a0\u00bb, souvent de jeunes gens recrut\u00e9s par le biais des r\u00e9seaux sociaux, <a href=\"https:\/\/www.laprovence.com\/article\/faits-divers-justice\/11567181495800\/mort-dune-femme-touchee-par-des-tirs-a-travers-la-porte-de-son-appartement-a-marseille\" target=\"_blank\" rel=\"noopener\">se trompent d&rsquo;adresse<\/a>. Une enqu\u00eate a \u00e9t\u00e9 ouverte afin notamment de d\u00e9terminer si la famille vis\u00e9e, qui n&rsquo;appara\u00eet pas impliqu\u00e9e dans quelque affaire li\u00e9e au trafic de stup\u00e9fiants, l&rsquo;a \u00e9t\u00e9 par erreur, ou pour d&rsquo;autres raisons, et identifier les auteurs.\u00a0<\/p>\n","protected":false},"excerpt":{"rendered":"Il \u00e9tait un peu plus de 22h, ce jeudi 7 ao\u00fbt 2025, lorsque la fum\u00e9e a envahi les&hellip;\n","protected":false},"author":2,"featured_media":305967,"comment_status":"","ping_status":"","sticky":false,"template":"","format":"standard","meta":{"footnotes":""},"categories":[2814],"tags":[17,1111,11,9071,9067,2837,1446,1777,674,274,1011,27,44595,884,12,5396,882,25],"class_list":{"0":"post-305966","1":"post","2":"type-post","3":"status-publish","4":"format-standard","5":"has-post-thumbnail","7":"category-marseille","8":"tag-17","9":"tag-actu","10":"tag-actualites","11":"tag-appartement","12":"tag-chateau-gombert","13":"tag-dun","14":"tag-dans","15":"tag-eu","16":"tag-europe","17":"tag-faits-divers-justice","18":"tag-fr","19":"tag-france","20":"tag-incendiee","21":"tag-marseille","22":"tag-news","23":"tag-porte","24":"tag-provence-alpes-cote-dazur","25":"tag-republique-francaise"},"share_on_mastodon":{"url":"https:\/\/pubeurope.com\/@fr\/114995292027185820","error":""},"_links":{"self":[{"href":"https:\/\/www.europesays.com\/fr\/wp-json\/wp\/v2\/posts\/305966","targetHints":{"allow":["GET"]}}],"collection":[{"href":"https:\/\/www.europesays.com\/fr\/wp-json\/wp\/v2\/posts"}],"about":[{"href":"https:\/\/www.europesays.com\/fr\/wp-json\/wp\/v2\/types\/post"}],"author":[{"embeddable":true,"href":"https:\/\/www.europesays.com\/fr\/wp-json\/wp\/v2\/users\/2"}],"replies":[{"embeddable":true,"href":"https:\/\/www.europesays.com\/fr\/wp-json\/wp\/v2\/comments?post=305966"}],"version-history":[{"count":0,"href":"https:\/\/www.europesays.com\/fr\/wp-json\/wp\/v2\/posts\/305966\/revisions"}],"wp:featuredmedia":[{"embeddable":true,"href":"https:\/\/www.europesays.com\/fr\/wp-json\/wp\/v2\/media\/305967"}],"wp:attachment":[{"href":"https:\/\/www.europesays.com\/fr\/wp-json\/wp\/v2\/media?parent=305966"}],"wp:term":[{"taxonomy":"category","embeddable":true,"href":"https:\/\/www.europesays.com\/fr\/wp-json\/wp\/v2\/categories?post=305966"},{"taxonomy":"post_tag","embeddable":true,"href":"https:\/\/www.europesays.com\/fr\/wp-json\/wp\/v2\/tags?post=305966"}],"curies":[{"name":"wp","href":"https:\/\/api.w.org\/{rel}","templated":true}]}}