{"id":305968,"date":"2025-08-08T21:34:11","date_gmt":"2025-08-08T21:34:11","guid":{"rendered":"https:\/\/www.europesays.com\/fr\/305968\/"},"modified":"2025-08-08T21:34:11","modified_gmt":"2025-08-08T21:34:11","slug":"rhone-deux-personnes-decedees-apres-avoir-ete-heurtees-par-des-trains-au-nord-et-au-sud-de-lyon","status":"publish","type":"post","link":"https:\/\/www.europesays.com\/fr\/305968\/","title":{"rendered":"Rh\u00f4ne. Deux personnes d\u00e9c\u00e9d\u00e9es apr\u00e8s avoir \u00e9t\u00e9 heurt\u00e9es par des trains au nord et au sud de Lyon"},"content":{"rendered":"<p>Deux drames se sont produits, presque simultan\u00e9ment, ce vendredi 8 ao\u00fbt apr\u00e8s-midi sur les rails du d\u00e9partement. Deux hommes sont d\u00e9c\u00e9d\u00e9s apr\u00e8s avoir \u00e9t\u00e9 heurt\u00e9s\u00a0par des TER, au nord et au sud de Lyon.<\/p>\n<p>Le premier accident s&rsquo;est produit\u00a0entre Grigny-sur-Rh\u00f4ne et Vernaison, un peu avant\u00a016 heures. \u00ab\u00a0Selon les premi\u00e8res constatations, la victime s&rsquo;est jet\u00e9e sous un train de fr\u00eat,\u00a0pr\u00e8s\u00a0d&rsquo;un passage \u00e0 niveau\u00a0\u00bb, d\u00e9taille la SNCF.<\/p>\n<p>Ce contenu est bloqu\u00e9 car vous n&rsquo;avez pas accept\u00e9 les cookies et autres traceurs.<\/p>\n<p>En cliquant sur \u00ab J\u2019accepte \u00bb, les cookies et autres traceurs seront d\u00e9pos\u00e9s et vous pourrez visualiser les contenus  (<a href=\"\" class=\"consentModule_policy\" target=\"_blank\" title=\"Consulter la politique de protection des donn\u00e9es du fournisseur\">plus d&rsquo;informations<\/a>).<\/p>\n<p>En cliquant sur \u00ab J\u2019accepte tous les cookies \u00bb, vous autorisez des d\u00e9p\u00f4ts de cookies et autres traceurs pour le stockage de vos donn\u00e9es sur nos sites et applications \u00e0 des fins de personnalisation et de ciblage publicitaire.<\/p>\n<p class=\"consentModule_secondaryText\">Vous gardez la possibilit\u00e9 de retirer votre consentement \u00e0 tout moment en consultant notre <a href=\"https:\/\/www.leprogres.fr\/protection-des-donnees\" target=\"_blank\" title=\"Consulter notre politique de protection des donn\u00e9es\" rel=\"noopener\">politique de protection des donn\u00e9es<\/a>. <br \/>&#13;<br \/>\n            <a href=\"https:\/\/www.leprogres.fr\/faits-divers-justice\/2025\/08\/08\/javascript:Didomi.notice.show()\" class=\"consentModule_cmp\" target=\"_blank\" rel=\"noopener\">G\u00e9rer mes choix<\/a>&#13;\n        <\/p>\n<p>&#13;<br \/>\n                        J&rsquo;accepte&#13;<br \/>\n            J&rsquo;accepte tous les cookies&#13;\n        <\/p>\n<p>Le trafic a repris entre Givors et Lyon Perrache a 18 h 30. Le temps de l&rsquo;intervention, les\u00a0TER ont \u00e9t\u00e9 d\u00e9tourn\u00e9s et circulent entre Givors et Lyon Part-Dieu.<\/p>\n<p>  Troisi\u00e8me drame en trois jours<\/p>\n<p>Vers 16\u00a0h\u00a020, la SNCF a signal\u00e9 un deuxi\u00e8me accident de personne sur les voies au niveau de Sathonay, au nord de Lyon. \u00ab La personne s&rsquo;est couch\u00e9e sur les voies au niveau de la gare de Sathonay\u00a0\u00bb, poursuit la SNCF.<\/p>\n<p>Ce contenu est bloqu\u00e9 car vous n&rsquo;avez pas accept\u00e9 les cookies et autres traceurs.<\/p>\n<p>En cliquant sur \u00ab J\u2019accepte \u00bb, les cookies et autres traceurs seront d\u00e9pos\u00e9s et vous pourrez visualiser les contenus  (<a href=\"\" class=\"consentModule_policy\" target=\"_blank\" title=\"Consulter la politique de protection des donn\u00e9es du fournisseur\">plus d&rsquo;informations<\/a>).<\/p>\n<p>En cliquant sur \u00ab J\u2019accepte tous les cookies \u00bb, vous autorisez des d\u00e9p\u00f4ts de cookies et autres traceurs pour le stockage de vos donn\u00e9es sur nos sites et applications \u00e0 des fins de personnalisation et de ciblage publicitaire.<\/p>\n<p class=\"consentModule_secondaryText\">Vous gardez la possibilit\u00e9 de retirer votre consentement \u00e0 tout moment en consultant notre <a href=\"https:\/\/www.leprogres.fr\/protection-des-donnees\" target=\"_blank\" title=\"Consulter notre politique de protection des donn\u00e9es\" rel=\"noopener\">politique de protection des donn\u00e9es<\/a>. <br \/>&#13;<br \/>\n            <a href=\"https:\/\/www.leprogres.fr\/faits-divers-justice\/2025\/08\/08\/javascript:Didomi.notice.show()\" class=\"consentModule_cmp\" target=\"_blank\" rel=\"noopener\">G\u00e9rer mes choix<\/a>&#13;\n        <\/p>\n<p>&#13;<br \/>\n                        J&rsquo;accepte&#13;<br \/>\n            J&rsquo;accepte tous les cookies&#13;\n        <\/p>\n<p>Le trafic a repris \u00e0 18 h 45. Il a \u00e9t\u00e9 interrompu sur l\u2019axe Lyon-Bourg-en-Bresse pendant plus de deux heures. Les TGV ont \u00e9t\u00e9 d\u00e9tourn\u00e9s de la ligne \u00e0 grande vitesse et\u00a0ont continu\u00e9 de circuler\u00a0sur la ligne classique, engendrant des retards \u00e0 destination et au d\u00e9part de la gare Part-Dieu.<\/p>\n<p>Dans les deux cas, la SNCF a enclench\u00e9 sa proc\u00e9dure en cas d\u2019accident de personne. Les pompiers et la police\u00a0se sont rendus sur place.<\/p>\n<p>Il y a deux jours, mercredi 6\u00a0ao\u00fbt, un homme est d\u00e9c\u00e9d\u00e9 des suites de ses blessures <a href=\"https:\/\/www.leprogres.fr\/faits-divers-justice\/2025\/08\/07\/la-personne-tombee-sur-la-voie-ferree-a-arnas-est-decedee\" target=\"_blank\" rel=\"noopener\">apr\u00e8s avoir \u00e9t\u00e9 percut\u00e9 par un train \u00e0 Arnas<\/a>, \u00e0 proximit\u00e9 de Villefranche-sur-Sa\u00f4ne. Si la th\u00e8se du suicide est toujours privil\u00e9gi\u00e9e, une enqu\u00eate a \u00e9t\u00e9 ouverte afin de d\u00e9terminer les circonstances exactes du drame.<\/p>\n","protected":false},"excerpt":{"rendered":"Deux drames se sont produits, presque simultan\u00e9ment, ce vendredi 8 ao\u00fbt apr\u00e8s-midi sur les rails du d\u00e9partement. Deux&hellip;\n","protected":false},"author":2,"featured_media":305969,"comment_status":"","ping_status":"","sticky":false,"template":"","format":"standard","meta":{"footnotes":""},"categories":[1889],"tags":[119,1111,11,2738,2430,6749,3542,6751,2757,3153,3154,1777,674,274,107,1011,27,44596,2428,12,25,2429,38912,2803,26941],"class_list":{"0":"post-305968","1":"post","2":"type-post","3":"status-publish","4":"format-standard","5":"has-post-thumbnail","7":"category-lyon","8":"tag-accident","9":"tag-actu","10":"tag-actualites","11":"tag-ain","12":"tag-auvergne-rhone-alpes","13":"tag-bourg-en-bresse","14":"tag-circulation","15":"tag-edition-ain-ouest","16":"tag-edition-lyon-villeurbanne","17":"tag-edition-ouest-lyonnais","18":"tag-edition-sud-lyonnais","19":"tag-eu","20":"tag-europe","21":"tag-faits-divers-justice","22":"tag-fil-info","23":"tag-fr","24":"tag-france","25":"tag-grigny-sur-rhone","26":"tag-lyon","27":"tag-news","28":"tag-republique-francaise","29":"tag-rhone","30":"tag-sathonay-camp","31":"tag-transport","32":"tag-vernaison"},"share_on_mastodon":{"url":"https:\/\/pubeurope.com\/@fr\/114995295930831517","error":""},"_links":{"self":[{"href":"https:\/\/www.europesays.com\/fr\/wp-json\/wp\/v2\/posts\/305968","targetHints":{"allow":["GET"]}}],"collection":[{"href":"https:\/\/www.europesays.com\/fr\/wp-json\/wp\/v2\/posts"}],"about":[{"href":"https:\/\/www.europesays.com\/fr\/wp-json\/wp\/v2\/types\/post"}],"author":[{"embeddable":true,"href":"https:\/\/www.europesays.com\/fr\/wp-json\/wp\/v2\/users\/2"}],"replies":[{"embeddable":true,"href":"https:\/\/www.europesays.com\/fr\/wp-json\/wp\/v2\/comments?post=305968"}],"version-history":[{"count":0,"href":"https:\/\/www.europesays.com\/fr\/wp-json\/wp\/v2\/posts\/305968\/revisions"}],"wp:featuredmedia":[{"embeddable":true,"href":"https:\/\/www.europesays.com\/fr\/wp-json\/wp\/v2\/media\/305969"}],"wp:attachment":[{"href":"https:\/\/www.europesays.com\/fr\/wp-json\/wp\/v2\/media?parent=305968"}],"wp:term":[{"taxonomy":"category","embeddable":true,"href":"https:\/\/www.europesays.com\/fr\/wp-json\/wp\/v2\/categories?post=305968"},{"taxonomy":"post_tag","embeddable":true,"href":"https:\/\/www.europesays.com\/fr\/wp-json\/wp\/v2\/tags?post=305968"}],"curies":[{"name":"wp","href":"https:\/\/api.w.org\/{rel}","templated":true}]}}