{"id":305970,"date":"2025-08-08T21:35:24","date_gmt":"2025-08-08T21:35:24","guid":{"rendered":"https:\/\/www.europesays.com\/fr\/305970\/"},"modified":"2025-08-08T21:35:24","modified_gmt":"2025-08-08T21:35:24","slug":"deux-personnes-mortellement-heurtees-par-des-trains-le-trafic-sncf-perturbe","status":"publish","type":"post","link":"https:\/\/www.europesays.com\/fr\/305970\/","title":{"rendered":"deux personnes mortellement heurt\u00e9es par des trains, le trafic SNCF perturb\u00e9"},"content":{"rendered":"<p>            Par<br \/>\n        <strong><br \/>\n            <a href=\"https:\/\/actu.fr\/auteur\/ludivine-caporal\" title=\"Consulter tous les articles de Ludivine Caporal\" target=\"_blank\" rel=\"noopener\">Ludivine Caporal<\/a><br \/>\n        <\/strong><\/p>\n<p>        Publi\u00e9 le<\/p>\n<p>            8 ao\u00fbt 2025 \u00e0 18h12<br \/>\n        ; mis \u00e0 jour le 8 ao\u00fbt 2025 \u00e0 18h13    <\/p>\n<p>Le trafic <a href=\"https:\/\/actu.fr\/tag\/sncf\" target=\"_blank\" rel=\"noopener\">SNCF<\/a> autour de <a href=\"https:\/\/actu.fr\/auvergne-rhone-alpes\/lyon_69123\" target=\"_blank\" rel=\"noopener\">Lyon<\/a> est fortement perturb\u00e9 en raison de deux drames survenus presque <strong>coup sur coup<\/strong> sur les rails du r\u00e9seau ce vendredi 8 ao\u00fbt.\u00a0<\/p>\n<p class=\" wall-content\">Une premi\u00e8re personne a d\u2019abord \u00e9t\u00e9 heurt\u00e9e par un train vers <a href=\"https:\/\/actu.fr\/auvergne-rhone-alpes\/vernaison_69260\" target=\"_blank\" rel=\"noopener\">Vernaison<\/a> au sud de Lyon vers 16h avant qu\u2019une deuxi\u00e8me ne subisse le m\u00eame sort vers <a href=\"https:\/\/actu.fr\/auvergne-rhone-alpes\/sathonay-camp_69292\" target=\"_blank\" rel=\"noopener\">Sathonay-Camp<\/a>, au nord de la ville, quelques minutes plus tard.<\/p>\n<p>Plus d\u20191h30 de retard pour certains TGV<\/p>\n<p class=\" wall-content\">Les deux personnes, dont on ne conna\u00eet ni l\u2019\u00e2ge ni le sexe, sont malheureusement <strong>d\u00e9c\u00e9d\u00e9es<\/strong>, a indiqu\u00e9 la SNCF \u00e0 notre r\u00e9daction.\u00a0<\/p>\n<p class=\" wall-content\">\n<p class=\" wall-content\">La ligne TER Lyon \u2013 Bourg-en-Bresse est notamment coup\u00e9e. Des lignes TGV comme celles <strong>en direction de Marseille<\/strong> depuis Lyon Part-Dieu accumulent actuellement plus d\u20191h30 de retard.<\/p>\n<p class=\" wall-content\">Suivez toute l\u2019actualit\u00e9 de vos villes et m\u00e9dias favoris en vous inscrivant \u00e0 <a href=\"https:\/\/moncompte.actu.fr\" title=\"D\u00e9couvez Mon Actu\" rel=\"nofollow noopener\" data-trk=\"{&quot;cta&quot;:{&quot;action&quot;:&quot;https:\\\/\\\/moncompte.actu.fr&quot;,&quot;category&quot;:&quot;mon compte&quot;,&quot;from&quot;:&quot;article footer&quot;,&quot;name&quot;:&quot;Mon actu&quot;,&quot;type&quot;:&quot;cta&quot;}}\" target=\"_blank\">Mon Actu<\/a>.<\/p>\n","protected":false},"excerpt":{"rendered":"Par Ludivine Caporal Publi\u00e9 le 8 ao\u00fbt 2025 \u00e0 18h12 ; mis \u00e0 jour le 8 ao\u00fbt 2025&hellip;\n","protected":false},"author":2,"featured_media":305971,"comment_status":"","ping_status":"","sticky":false,"template":"","format":"standard","meta":{"footnotes":""},"categories":[1889],"tags":[1111,11,2430,1777,674,118,1011,27,2428,12,25,2215],"class_list":{"0":"post-305970","1":"post","2":"type-post","3":"status-publish","4":"format-standard","5":"has-post-thumbnail","7":"category-lyon","8":"tag-actu","9":"tag-actualites","10":"tag-auvergne-rhone-alpes","11":"tag-eu","12":"tag-europe","13":"tag-faits-divers","14":"tag-fr","15":"tag-france","16":"tag-lyon","17":"tag-news","18":"tag-republique-francaise","19":"tag-sncf"},"share_on_mastodon":{"url":"https:\/\/pubeurope.com\/@fr\/114995299824122868","error":""},"_links":{"self":[{"href":"https:\/\/www.europesays.com\/fr\/wp-json\/wp\/v2\/posts\/305970","targetHints":{"allow":["GET"]}}],"collection":[{"href":"https:\/\/www.europesays.com\/fr\/wp-json\/wp\/v2\/posts"}],"about":[{"href":"https:\/\/www.europesays.com\/fr\/wp-json\/wp\/v2\/types\/post"}],"author":[{"embeddable":true,"href":"https:\/\/www.europesays.com\/fr\/wp-json\/wp\/v2\/users\/2"}],"replies":[{"embeddable":true,"href":"https:\/\/www.europesays.com\/fr\/wp-json\/wp\/v2\/comments?post=305970"}],"version-history":[{"count":0,"href":"https:\/\/www.europesays.com\/fr\/wp-json\/wp\/v2\/posts\/305970\/revisions"}],"wp:featuredmedia":[{"embeddable":true,"href":"https:\/\/www.europesays.com\/fr\/wp-json\/wp\/v2\/media\/305971"}],"wp:attachment":[{"href":"https:\/\/www.europesays.com\/fr\/wp-json\/wp\/v2\/media?parent=305970"}],"wp:term":[{"taxonomy":"category","embeddable":true,"href":"https:\/\/www.europesays.com\/fr\/wp-json\/wp\/v2\/categories?post=305970"},{"taxonomy":"post_tag","embeddable":true,"href":"https:\/\/www.europesays.com\/fr\/wp-json\/wp\/v2\/tags?post=305970"}],"curies":[{"name":"wp","href":"https:\/\/api.w.org\/{rel}","templated":true}]}}