{"id":305974,"date":"2025-08-08T21:38:11","date_gmt":"2025-08-08T21:38:11","guid":{"rendered":"https:\/\/www.europesays.com\/fr\/305974\/"},"modified":"2025-08-08T21:38:11","modified_gmt":"2025-08-08T21:38:11","slug":"incendie-meurtrier-dans-laude-leprouvant-retour-des-sinistres","status":"publish","type":"post","link":"https:\/\/www.europesays.com\/fr\/305974\/","title":{"rendered":"Incendie meurtrier dans l&rsquo;Aude : l&rsquo;\u00e9prouvant retour des sinistr\u00e9s"},"content":{"rendered":"<p>            lire plus tard<\/p>\n<p id=\"dialog__title\" class=\"dialog__title\">Pour sauvegarder cet article, connectez-vous ou cr\u00e9ez un compte franceinfo<\/p>\n<p class=\"dialog__description\">Sans paiement. Sans abonnement.<\/p>\n<p>        Fermer la fen\u00eatre d\u2019activation des notifications France Info<\/p>\n<p>            cr\u00e9er votre compte<\/p>\n<p>            se connecter<\/p>\n<p>        Fermer la fen\u00eatre de pr\u00e9sentation<\/p>\n<p>    Publi\u00e9 le 08\/08\/2025 22:02<\/p>\n<p>        Temps de lecture : 2min &#8211; vid\u00e9o : 3min<\/p>\n<p>    <img decoding=\"async\" class=\"francetv-player-wrapper__image\" alt=\"Vendredi 8 ao\u00fbt, tous les \u00e9vacu\u00e9s sont autoris\u00e9s \u00e0 rentrer chez eux. Parmi les villages les plus touch\u00e9s, on retrouve Jonqui\u00e8res (Aude), o\u00f9 certains des habitants ont tout perdu.\"  width=\"432\" height=\"243\" src=\"https:\/\/www.europesays.com\/fr\/wp-content\/uploads\/2025\/08\/incendie-meurtrier-dans-l-aude-l-eprouvant-retour-des-sinistres-689655cab0bae524666101.jpg\" fetchpriority=\"high\"\/><\/p>\n<p>              Vendredi 8 ao\u00fbt, tous les \u00e9vacu\u00e9s sont autoris\u00e9s \u00e0 rentrer chez eux. Parmi les villages les plus touch\u00e9s, on retrouve Jonqui\u00e8res (Aude), o\u00f9 certains des habitants ont tout perdu.<br \/>\n                    (France 2)<\/p>\n<p>      3min<\/p>\n<p class=\"c-chapo \">\n  Vendredi 8 ao\u00fbt, tous les \u00e9vacu\u00e9s sont autoris\u00e9s \u00e0 rentrer chez eux. Parmi les villages les plus touch\u00e9s, on retrouve Jonqui\u00e8res (Aude), o\u00f9 certains des habitants ont tout perdu.\n<\/p>\n<p><strong>Ce texte correspond \u00e0 une partie de la retranscription du reportage ci-dessus. Cliquez sur la vid\u00e9o pour la regarder en int\u00e9gralit\u00e9.<\/strong><\/p>\n<p>\u00c0 peine arriv\u00e9s dans leur village, ils sont d\u00e9j\u00e0 <a target=\"_self\" rel=\"noopener noreferrer nofollow\" href=\"https:\/\/www.franceinfo.fr\/environnement\/evenements-meteorologiques-extremes\/incendies-et-feux-de-foret\/incendie-meurtrier-dans-l-aude\/on-a-tout-perdu-dans-l-aude-les-habitants-evacues-de-coustouge-decouvrent-les-degats_7423462.html\">saisis par l&rsquo;\u00e9motion<\/a>. Des Anglais d\u00e9couvrent la maison de leurs voisins, puis c&rsquo;est au tour de la leur. \u00ab\u00a0Elle est compl\u00e8tement d\u00e9truite. C&rsquo;\u00e9tait vraiment une charmante maison\u00a0\u00bb, r\u00e9agit l&rsquo;habitant. De cette charmante maison qu&rsquo;ils occupaient depuis une dizaine d&rsquo;ann\u00e9es, ne restent que les murs. \u00ab\u00a0Je suis choqu\u00e9, choqu\u00e9. Je ne pense pas qu&rsquo;elle pourra \u00eatre reconstruite\u00a0\u00bb, a-t-il poursuivi. <\/p>\n<p>D&rsquo;autres retrouvent leur exploitation dans un triste \u00e9tat. La maison n&rsquo;est plus habitable et 30 % de leurs parcelles de lavande sont parties en fum\u00e9e. \u00ab\u00a0\u00c7a fait trois nuits qu&rsquo;on ne dort pas. Je pense qu&rsquo;on va aller chez le m\u00e9decin et prendre des m\u00e9dicaments pour un peu temporiser\u00a0\u00bb, confie Sophie Rode, productrice de lavandes. <\/p>\n<p>\u00c0 Jonqui\u00e8res, six maisons ont \u00e9t\u00e9 enti\u00e8rement d\u00e9truites dans un village de seulement 50 habitants. Mathieu et Florent sont les premiers \u00e0 avoir alert\u00e9 les pompiers. \u00ab\u00a0Florent a vu toutes ces flammes. On a pu descendre rapidement et on a vu que la maison \u00e9tait compl\u00e8tement en feu et que tout allait se propager. C&rsquo;est une zone de guerre, on a l&rsquo;impression qu&rsquo;il y a eu des obus qui sont tomb\u00e9s dans la maison\u00a0\u00bb, livre Mathieu. <\/p>\n<p>Jeudi 8 ao\u00fbt au soir, les premiers habitants ont pu regagner le village. Deux jours apr\u00e8s leur d\u00e9part, ils d\u00e9couvrent, choqu\u00e9s, un paysage de d\u00e9solation. Choqu\u00e9s, mais soulag\u00e9s de se retrouver ensemble, sains et saufs. Une parenth\u00e8se vite referm\u00e9e le lendemain matin. Depuis le seul point du village o\u00f9 le r\u00e9seau passe, le maire Jacques Piraud \u00e9value les d\u00e9g\u00e2ts, d\u00e9courag\u00e9 par l&rsquo;apr\u00e8s. \u00ab\u00a0Il va falloir des d\u00e9cennies pour que \u00e7a revienne \u00e0 la normale, mais d\u00e9j\u00e0 qu&rsquo;on sorte de ce sinistre paysage noir de cendres\u00a0\u00bb, explique-t-il. D&rsquo;apr\u00e8s lui, au moins la moiti\u00e9 de Jonqui\u00e8res a \u00e9t\u00e9 touch\u00e9e par l&rsquo;incendie.<\/p>\n<p class=\"related-tags__title\" role=\"heading\" aria-level=\"2\">les mots-cl\u00e9s associ\u00e9s \u00e0 cet article\n    <\/p>\n","protected":false},"excerpt":{"rendered":"lire plus tard Pour sauvegarder cet article, connectez-vous ou cr\u00e9ez un compte franceinfo Sans paiement. Sans abonnement. Fermer&hellip;\n","protected":false},"author":2,"featured_media":305975,"comment_status":"","ping_status":"","sticky":false,"template":"","format":"standard","meta":{"footnotes":""},"categories":[1888],"tags":[1111,1928,11,1927,1777,674,1011,27,12,1926,626,1925,25],"class_list":{"0":"post-305974","1":"post","2":"type-post","3":"status-publish","4":"format-standard","5":"has-post-thumbnail","7":"category-paris","8":"tag-actu","9":"tag-actu-paris","10":"tag-actualites","11":"tag-actualites-paris","12":"tag-eu","13":"tag-europe","14":"tag-fr","15":"tag-france","16":"tag-news","17":"tag-news-paris","18":"tag-paris","19":"tag-paris-news","20":"tag-republique-francaise"},"share_on_mastodon":{"url":"https:\/\/pubeurope.com\/@fr\/114995311685700118","error":""},"_links":{"self":[{"href":"https:\/\/www.europesays.com\/fr\/wp-json\/wp\/v2\/posts\/305974","targetHints":{"allow":["GET"]}}],"collection":[{"href":"https:\/\/www.europesays.com\/fr\/wp-json\/wp\/v2\/posts"}],"about":[{"href":"https:\/\/www.europesays.com\/fr\/wp-json\/wp\/v2\/types\/post"}],"author":[{"embeddable":true,"href":"https:\/\/www.europesays.com\/fr\/wp-json\/wp\/v2\/users\/2"}],"replies":[{"embeddable":true,"href":"https:\/\/www.europesays.com\/fr\/wp-json\/wp\/v2\/comments?post=305974"}],"version-history":[{"count":0,"href":"https:\/\/www.europesays.com\/fr\/wp-json\/wp\/v2\/posts\/305974\/revisions"}],"wp:featuredmedia":[{"embeddable":true,"href":"https:\/\/www.europesays.com\/fr\/wp-json\/wp\/v2\/media\/305975"}],"wp:attachment":[{"href":"https:\/\/www.europesays.com\/fr\/wp-json\/wp\/v2\/media?parent=305974"}],"wp:term":[{"taxonomy":"category","embeddable":true,"href":"https:\/\/www.europesays.com\/fr\/wp-json\/wp\/v2\/categories?post=305974"},{"taxonomy":"post_tag","embeddable":true,"href":"https:\/\/www.europesays.com\/fr\/wp-json\/wp\/v2\/tags?post=305974"}],"curies":[{"name":"wp","href":"https:\/\/api.w.org\/{rel}","templated":true}]}}