{"id":305976,"date":"2025-08-08T21:39:18","date_gmt":"2025-08-08T21:39:18","guid":{"rendered":"https:\/\/www.europesays.com\/fr\/305976\/"},"modified":"2025-08-08T21:39:18","modified_gmt":"2025-08-08T21:39:18","slug":"le-paris-fc-en-ligue-des-champions","status":"publish","type":"post","link":"https:\/\/www.europesays.com\/fr\/305976\/","title":{"rendered":"Le Paris FC en Ligue des champions ?"},"content":{"rendered":"<p><strong>Le Paris FC, promu en Ligue 1<br \/>\ncette saison, peut d\u00e9j\u00e0 se qualifier pour la Ligue des champions \u00e0<br \/>\nen croire Johan Djourou.<\/strong><\/p>\n<p>Le Paris FC va \u00eatre l\u2019une des attractions de la saison en Ligue<br \/>\n1. Promu apr\u00e8s avoir fini deuxi\u00e8me de Ligue 2, l\u2019autre club de la<br \/>\ncapitale d\u00e9barque au sein de l\u2019\u00e9lite avec des ambitions \u00e0 moyen<br \/>\nterme gr\u00e2ce \u00e0 la pr\u00e9sence de la famille Arnault et du groupe Red<br \/>\nBull. Mais faut-il pour autant imaginer imm\u00e9diatement un r\u00f4le<br \/>\nimportant dans le championnat de France pour les hommes de St\u00e9phane<br \/>\nGili ?<\/p>\n<blockquote class=\"twitter-tweet\"><p><a class=\"twitter-link\" rel=\"noindex, nofollow noopener\" href=\"https:\/\/twitter.com\/sports_fr\/status\/1953724314328371452\" target=\"_blank\"><\/p><\/blockquote>\n<p>Johan Djourou, l\u2019ancien joueur d\u2019Arsenal qui officiera comme<br \/>\nconsultant pour la nouvelle cha\u00eene Ligue 1+, le pense. Au point<br \/>\nm\u00eame de se montrer sans doute un poil trop audacieux dans ses<br \/>\npronostics, par rapport \u00e0 la qualit\u00e9 de l\u2019effectif parisien.<\/p>\n<p>Lepaul meilleur buteur de Ligue 1 ?<\/p>\n<p>\u00ab\u00a0Ma hot take, c\u2019est le Paris FC qui va se qualifier<br \/>\npour la Ligue des champions. Pourquoi je dis \u00e7a ? Parce qu\u2019il y a<br \/>\nde gros investisseurs avec le groupe Red Bull, Moses Simon qui<br \/>\narrive de Nantes et Otavio de Porto. Attention !\u00a0\u00bb, lance<br \/>\nle Suisse dans une vid\u00e9o de promotion chez son nouvel<br \/>\nemployeur.<\/p>\n<p>Parmi les autres pronostics audacieux, on notera que Sma\u00efl<br \/>\nBouabdellah pense qu\u2019Amine Gouiri, l\u2019attaquant de l\u2019Olympique de<br \/>\nMarseille, marquera plus de buts cette saison qu\u2019Ousmane Demb\u00e9l\u00e9,<br \/>\nmeilleur buteur en titre en Ligue 1 et aspirant au Ballon d\u2019Or. De<br \/>\nson c\u00f4t\u00e9, Benjamin Nivet voit Esteban Lepaul, l\u2019attaquant d\u2019Angers,<br \/>\nfinir en t\u00eate du classement des buteurs.<\/p>\n<p>Pour rappel, le Paris FC a recrut\u00e9 Otavio pour 17 millions en<br \/>\nprovenance de Porto, Moses Simon de Nantes pour 7 millions, Nhoa<br \/>\nSangui, le lat\u00e9ral gauche de Reims pour 5 millions, pour renforcer<br \/>\nun effectif qui compte comme joueurs d\u2019exp\u00e9rience Maxime Lopez ou<br \/>\nle v\u00e9t\u00e9ran Timoth\u00e9e Kolodziejckak. D\u2019autres arriv\u00e9es son attendues<br \/>\npendant l\u2019intersaison pour assurer, au minimum, le maintien au sein<br \/>\nde l\u2019\u00e9lite.<\/p>\n<blockquote class=\"twitter-tweet\"><p><a class=\"twitter-link\" rel=\"noindex, nofollow noopener\" href=\"https:\/\/twitter.com\/ligue1plus\/status\/1953478146256204132\" target=\"_blank\"><\/p><\/blockquote>\n<p><script async src=\"https:\/\/platform.twitter.com\/widgets.js\" charset=\"utf-8\"><\/script><\/p>\n","protected":false},"excerpt":{"rendered":"Le Paris FC, promu en Ligue 1 cette saison, peut d\u00e9j\u00e0 se qualifier pour la Ligue des champions&hellip;\n","protected":false},"author":2,"featured_media":295169,"comment_status":"","ping_status":"","sticky":false,"template":"","format":"standard","meta":{"footnotes":""},"categories":[1888],"tags":[1111,1928,11,1927,1777,674,1011,27,12,1926,626,1925,25],"class_list":{"0":"post-305976","1":"post","2":"type-post","3":"status-publish","4":"format-standard","5":"has-post-thumbnail","7":"category-paris","8":"tag-actu","9":"tag-actu-paris","10":"tag-actualites","11":"tag-actualites-paris","12":"tag-eu","13":"tag-europe","14":"tag-fr","15":"tag-france","16":"tag-news","17":"tag-news-paris","18":"tag-paris","19":"tag-paris-news","20":"tag-republique-francaise"},"share_on_mastodon":{"url":"https:\/\/pubeurope.com\/@fr\/114995316142921473","error":""},"_links":{"self":[{"href":"https:\/\/www.europesays.com\/fr\/wp-json\/wp\/v2\/posts\/305976","targetHints":{"allow":["GET"]}}],"collection":[{"href":"https:\/\/www.europesays.com\/fr\/wp-json\/wp\/v2\/posts"}],"about":[{"href":"https:\/\/www.europesays.com\/fr\/wp-json\/wp\/v2\/types\/post"}],"author":[{"embeddable":true,"href":"https:\/\/www.europesays.com\/fr\/wp-json\/wp\/v2\/users\/2"}],"replies":[{"embeddable":true,"href":"https:\/\/www.europesays.com\/fr\/wp-json\/wp\/v2\/comments?post=305976"}],"version-history":[{"count":0,"href":"https:\/\/www.europesays.com\/fr\/wp-json\/wp\/v2\/posts\/305976\/revisions"}],"wp:featuredmedia":[{"embeddable":true,"href":"https:\/\/www.europesays.com\/fr\/wp-json\/wp\/v2\/media\/295169"}],"wp:attachment":[{"href":"https:\/\/www.europesays.com\/fr\/wp-json\/wp\/v2\/media?parent=305976"}],"wp:term":[{"taxonomy":"category","embeddable":true,"href":"https:\/\/www.europesays.com\/fr\/wp-json\/wp\/v2\/categories?post=305976"},{"taxonomy":"post_tag","embeddable":true,"href":"https:\/\/www.europesays.com\/fr\/wp-json\/wp\/v2\/tags?post=305976"}],"curies":[{"name":"wp","href":"https:\/\/api.w.org\/{rel}","templated":true}]}}